{"id":28621,"date":"2024-02-06T13:27:16","date_gmt":"2024-02-06T12:27:16","guid":{"rendered":"http:\/\/info.sadowne.pl\/?p=28621"},"modified":"2024-02-06T13:27:16","modified_gmt":"2024-02-06T12:27:16","slug":"kronika-strazacka-28-01-04-02-2024","status":"publish","type":"post","link":"https:\/\/info.sadowne.pl\/?p=28621","title":{"rendered":"Kronika stra\u017cacka 28.01 \u2013 04.02.2024"},"content":{"rendered":"<p><strong><a href=\"http:\/\/info.sadowne.pl\/wp-content\/uploads\/2023\/06\/straz3-scaled.jpg\"><img loading=\"lazy\" decoding=\"async\" class=\"alignleft size-thumbnail wp-image-27687\" src=\"http:\/\/info.sadowne.pl\/wp-content\/uploads\/2023\/06\/straz3-180x130.jpg\" alt=\"\" width=\"180\" height=\"130\" \/><\/a>W<\/strong><strong> okresie<\/strong><strong> od<\/strong><strong> 28.01.2024 r.<\/strong><strong> do<\/strong><strong> 04.02.2024 r.<\/strong><strong> na<\/strong><strong> terenie<\/strong><strong> powiatu<\/strong><strong> w\u0119growskiego<\/strong><strong> zanotowano: <\/strong><strong>18 zdarze\u0144,<\/strong><strong> przy<\/strong><strong> kt\u00f3rych<\/strong><strong> interweniowa\u0142y<\/strong><strong> jednostki<\/strong><strong> ochrony<\/strong><strong> przeciwpo\u017carowej, w tym: <\/strong><strong>3 po\u017cary, 14 miejscowych zagro\u017ce\u0144 i 1 alarm fa\u0142szywy.<\/strong><!--more--><\/p>\n<p><strong>29.01.2024 \u2013 W\u0119gr\u00f3w, ul. H. Wieniawskiego &#8211; budynek wielorodzinny \u2013 po\u017car mieszkania.<\/strong><\/p>\n<p>Z chwil\u0105 przybycia zast\u0119p\u00f3w JRG PSP po\u017carem obj\u0119te by\u0142o jedno z mieszka\u0144 na 3 pi\u0119trze bloku 4-pi\u0119trowego. Ewakuowano mieszka\u0144c\u00f3w klatki schodowej. Jedna z os\u00f3b przebywaj\u0105ca w mieszkaniu na przeciwko miejsca po\u017caru zosta\u0142a ewakuowana za pomoc\u0105 podno\u015bnika. Osoba poszkodowana (podejrzenie zatrucia tlenkiem w\u0119gla) z mieszkania, w kt\u00f3rym dosz\u0142o do po\u017caru zosta\u0142a zaopatrzona przez ZRM i zosta\u0142a zabrana do szpitala. Dzia\u0142ania zast\u0119p\u00f3w polega\u0142y na zabezpieczeniu miejsca zdarzenia, sprawieniu podno\u015bnika w celu ewakuacji osobowy uwi\u0119zionej w mieszkaniu na 3 pi\u0119trze, ewakuacji pozosta\u0142ych mieszka\u0144c\u00f3w bloku, podaniu jednego pr\u0105du wody w natarciu na po\u017car. Sprawdzono mieszkania, przeliczono ewakuowanych lokator\u00f3w oraz ustalono z Policj\u0105 gdzie znajduj\u0105 si\u0119 osoby z mieszka\u0144, do kt\u00f3rych nie by\u0142o dost\u0119pu.<\/p>\n<p>W DZIA\u0141ANIACH RATOWNICZYCH UDZIA\u0141 BRA\u0141O: 7 zast\u0119p\u00f3w, 29 ratownik\u00f3w.<\/p>\n<p>Uleg\u0142o zniszczeniu lub spaleniu: Mieszkanie w ca\u0142o\u015bci, wraz z wyposa\u017ceniem, odymiona i osmolona klatka schodowa, odymione 3 s\u0105siednie mieszkania.<\/p>\n<p><strong>29.01.2024 \u2013 Morzyczyn W\u0142o\u015bcia\u0144ski, gm. Sadowne \u2013 \u00a0wzmocnienie wa\u0142\u00f3w przeciwpowodziowych na rzece Bug.<\/strong><\/p>\n<p>Przybyli na miejsce zdarzenia ratownicy zastali kilka przeciek\u00f3w wa\u0142u przeciwpowodziowego w miejscach uszkodze\u0144 spowodowanych przez bobry. W miejscach uszkodze\u0144 wa\u0142u wysoko\u015b\u0107 nurtu wody przekracza\u0142a stan alarmowy o oko\u0142o 60 cm. Dzia\u0142ania ratownik\u00f3w polega\u0142y na umocnieniu wa\u0142u koryta rzeki Bug workami z piasku oraz membran\u0105 w\u0142\u00f3kienn\u0105, kt\u00f3re dostarczono przez przedstawicieli Gminy Sadowne. Zabezpieczono uszkodzenia w pi\u0119ciu miejscach.<\/p>\n<p>W DZIA\u0141ANIACH RATOWNICZYCH UDZIA\u0141 BRA\u0141O: 6 zast\u0119p\u00f3w, 36 ratownik\u00f3w.<\/p>\n<p><strong>01.02.2024 \u2013 P\u0142atkownica, DK nr 50, gm. Sadowne \u2013\u00a0 kolizja\u00a0 samochodu dostawczego z sarn\u0105.<\/strong><\/p>\n<p>Po przybyciu na miejsce zdarzenia KDR stwierdzi\u0142: na drodze krajowej 50 dosz\u0142o do zderzenia samochodu dostawczego z sarn\u0105, kt\u00f3ra wybieg\u0142a na drog\u0119 pod nadje\u017cd\u017caj\u0105cy pojazd, brak os\u00f3b poszkodowanych, ruch wahad\u0142owy. W wyniku zdarzenia dosz\u0142o do uszkodzenia przodu pojazdu dostawczego, podr\u00f3\u017cuj\u0105cy pojazdem nie odnie\u015bli obra\u017ce\u0144, sarna nie\u017cywa le\u017cy w rowie. Przekazano wiadomo\u015b\u0107 s\u0142u\u017cbie utylizacyjnej o zaistnia\u0142ym zdarzeniu, zwierz\u0119 zostanie zabrane w mo\u017cliwie najszybszym terminie. Powsta\u0142y wyciek p\u0142yn\u00f3w ch\u0142odniczych zmyto z jezdni wod\u0105<\/p>\n<p>W DZIA\u0141ANIACH RATOWNICZYCH UDZIA\u0141 BRA\u0141O: 1 zast\u0119p, \u00a06 ratownik\u00f3w.<\/p>\n<p>Uleg\u0142o zniszczeniu lub spaleniu: prz\u00f3d pojazdu (zderzak, ch\u0142odnica, lampa).<\/p>\n<p><strong>04.02.2024 \u2013 Stoczek, ul. Kosowska \u2013 samoch\u00f3d osobowy uderzy\u0142 w drzewo.<\/strong><\/p>\n<p>Po doje\u017adzie na miejsce zdarzenia KDR stwierdza, \u017ce dosz\u0142o do uderzenia samochodu osobowego w drzewo, osoba wysz\u0142a z samochodu o w\u0142asnych si\u0142ach. Dzia\u0142ania zast\u0119p\u00f3w polega\u0142y na zabezpieczeniu miejsca zdarzenia, udzieleniu kierowcy samochodu KPP (nie by\u0142 \u015bwiadomy co si\u0119 sta\u0142o &#8211; wsparcie psychiczne) po doje\u017adzie ZRM przekazano osob\u0119 poszkodowan\u0105. Od\u0142\u0105czono klemy akumulatora.<\/p>\n<p>W DZIA\u0141ANIACH RATOWNICZYCH UDZIA\u0141 BRA\u0141O: 2 zast\u0119py, 10 ratownik\u00f3w.<\/p>\n<p>Uleg\u0142o zniszczeniu lub spaleniu: lewy prz\u00f3d i bok pojazdu mercedes.<\/p>\n<p><strong>KP PSP W\u0119gr\u00f3w<\/strong><\/p>\n","protected":false},"excerpt":{"rendered":"<p>W okresie od 28.01.2024 r. do 04.02.2024 r. na terenie powiatu w\u0119growskiego zanotowano: 18 zdarze\u0144, przy kt\u00f3rych interweniowa\u0142y jednostki ochrony przeciwpo\u017carowej, w tym: 3 po\u017cary, 14 miejscowych zagro\u017ce\u0144 i 1 alarm fa\u0142szywy.<\/p>\n","protected":false},"author":1,"featured_media":0,"comment_status":"closed","ping_status":"closed","sticky":false,"template":"","format":"standard","meta":{"footnotes":""},"categories":[5,4,267],"tags":[491,643],"class_list":["post-28621","post","type-post","status-publish","format-standard","hentry","category-newsy","category-policja-straz-pozarna-pogotowie-ratunkowe","category-straz-pozarna-policja-straz-pozarna-pogotowie-ratunkowe","tag-komenda-powiatowa-panstwowej-strazy-pozarnej-w-wegrowie","tag-kronika-strazacka"],"views":1713,"_links":{"self":[{"href":"https:\/\/info.sadowne.pl\/index.php?rest_route=\/wp\/v2\/posts\/28621","targetHints":{"allow":["GET"]}}],"collection":[{"href":"https:\/\/info.sadowne.pl\/index.php?rest_route=\/wp\/v2\/posts"}],"about":[{"href":"https:\/\/info.sadowne.pl\/index.php?rest_route=\/wp\/v2\/types\/post"}],"author":[{"embeddable":true,"href":"https:\/\/info.sadowne.pl\/index.php?rest_route=\/wp\/v2\/users\/1"}],"replies":[{"embeddable":true,"href":"https:\/\/info.sadowne.pl\/index.php?rest_route=%2Fwp%2Fv2%2Fcomments&post=28621"}],"version-history":[{"count":1,"href":"https:\/\/info.sadowne.pl\/index.php?rest_route=\/wp\/v2\/posts\/28621\/revisions"}],"predecessor-version":[{"id":28622,"href":"https:\/\/info.sadowne.pl\/index.php?rest_route=\/wp\/v2\/posts\/28621\/revisions\/28622"}],"wp:attachment":[{"href":"https:\/\/info.sadowne.pl\/index.php?rest_route=%2Fwp%2Fv2%2Fmedia&parent=28621"}],"wp:term":[{"taxonomy":"category","embeddable":true,"href":"https:\/\/info.sadowne.pl\/index.php?rest_route=%2Fwp%2Fv2%2Fcategories&post=28621"},{"taxonomy":"post_tag","embeddable":true,"href":"https:\/\/info.sadowne.pl\/index.php?rest_route=%2Fwp%2Fv2%2Ftags&post=28621"}],"curies":[{"name":"wp","href":"https:\/\/api.w.org\/{rel}","templated":true}]}}