{"id":28630,"date":"2024-02-08T11:38:37","date_gmt":"2024-02-08T10:38:37","guid":{"rendered":"http:\/\/info.sadowne.pl\/?p=28630"},"modified":"2024-02-08T11:38:37","modified_gmt":"2024-02-08T10:38:37","slug":"akta-poglownego-z-lat-1662-1674-czesc-iii","status":"publish","type":"post","link":"https:\/\/info.sadowne.pl\/?p=28630","title":{"rendered":"AKTA POG\u0141\u00d3WNEGO Z LAT 1662-1674 \u2013 CZ\u0118\u015a\u0106 III"},"content":{"rendered":"<p><strong><a href=\"http:\/\/info.sadowne.pl\/wp-content\/uploads\/2024\/02\/Brok163.jpg\" target=\"_blank\" rel=\"noopener\"><img loading=\"lazy\" decoding=\"async\" class=\"alignleft wp-image-28631 size-thumbnail\" src=\"http:\/\/info.sadowne.pl\/wp-content\/uploads\/2024\/02\/Brok163-180x130.jpg\" alt=\"\" width=\"180\" height=\"130\" \/><\/a>PARAFIE: STAROWIEJSKA, KAMIENIECKA, Z\u0141OTORYJSKA, ZUZELSKA.<\/strong><!--more--><\/p>\n<p>To trzecia cz\u0119\u015b\u0107 cyklu, w kt\u00f3rym pr\u00f3bujemy dowiedzie\u0107 si\u0119 czego\u015b wi\u0119cej o dawnych mieszka\u0144cach regionu na podstawie starych akt skarbowych. Czytelnik\u00f3w zach\u0119cam do zapoznania si\u0119 z ju\u017c opublikowanymi cz\u0119\u015bciami zawieraj\u0105cymi regestry z parafii: Brok, Sadowne, Zar\u0119by Ko\u015bcielne oraz Kosowo, Miedzna, Prosty\u0144, Stoczek, Bra\u0144szczyk, D\u0142ugosiod\u0142o, a po\u015brednio tak\u017ce Por\u0119ba.<\/p>\n<p>Ziemi\u0119 drohick\u0105 wojew\u00f3dztwa podlaskiego reprezentuje tym razem parafia starowiejska, dla kt\u00f3rej przetrwa\u0142y akta pog\u0142\u00f3wnego z roku 1662. Podczas gdy parafie kamieniecka i z\u0142otoryjska obejmowa\u0142y swym zasi\u0119giem g\u0142\u00f3wnie wioski wchodz\u0105ce w sk\u0142ad wielkiej w\u0142asno\u015bci ko\u015bcielnej, to w zuzelskiej dominuje w\u0142asno\u015b\u0107 drobnoszlachecka, w starowiejskiej za\u015b mamy obok szlachty drobnej tak\u017ce jednego z najwi\u0119kszych \u00f3wczesnych magnat\u00f3w. Obok jego fortuny, maj\u0105tek wspominanej przy okazji poboru w parafii Miedzna podkomorzyny koronnej Konstancji Butlerowej z Wody\u0144skich prezentuje si\u0119 skromnie. Wielmo\u017c\u0105 tym jest bajecznie bogaty Bogus\u0142aw Radziwi\u0142\u0142, jeden z czarnych bohater\u00f3w powie\u015bci Sienkiewicza, a poza karier\u0105 literack\u0105 i filmow\u0105 m.in. ksi\u0105\u017c\u0119 \u015awi\u0119tego Cesarstwa Rzymskiego, koniuszy wielki litewski, feldmarsza\u0142ek szwedzki, namiestnik Prus Ksi\u0105\u017c\u0119cych. G\u0142ow\u0119 musia\u0142 mie\u0107 ten lawirant nad lawirantami nie od parady, skoro po wyp\u0119dzeniu Szwed\u00f3w odzyska\u0142 swe maj\u0105tki, a po cz\u0119\u015bci to nawet i dobre imi\u0119. W aktach z roku 1674 ju\u017c o ksi\u0119ciu Bogus\u0142awie nie ma mowy, jako \u017ce w roku 1664 sprzeda\u0142 swe w\u0119growskie i starowiejskie w\u0142o\u015bci podskarbiemu koronnemu Janowi Kazimierzowi Krasi\u0144skiemu.<\/p>\n<p><strong>Wi\u0119cej na stronie <span style=\"color: #0000ff;\"><a style=\"color: #0000ff;\" href=\"https:\/\/madzelan.cba.pl\/akta-poglownego-z-lat-1662-1674-czesc-iii-parafie-starowiejska-kamieniecka-zlotoryjska-zuzelska\/\" target=\"_blank\" rel=\"noopener\">https:\/\/madzelan.cba.pl\/akta-poglownego-z-lat-1662-1674-czesc-iii-parafie-starowiejska-kamieniecka-zlotoryjska-zuzelska\/<\/a><\/span><\/strong><\/p>\n<p>&nbsp;<\/p>\n","protected":false},"excerpt":{"rendered":"<p>PARAFIE: STAROWIEJSKA, KAMIENIECKA, Z\u0141OTORYJSKA, ZUZELSKA.<\/p>\n","protected":false},"author":1,"featured_media":0,"comment_status":"closed","ping_status":"closed","sticky":false,"template":"","format":"standard","meta":{"footnotes":""},"categories":[5,3436,31],"tags":[3004,2956],"class_list":["post-28630","post","type-post","status-publish","format-standard","hentry","category-newsy","category-opowiesci-historie-legendy-brokowskie-i-nie-tylko","category-historia-gminy","tag-jerzy-madzelan","tag-opowiesci-historie-legendy-brokowskie-i-nie-tylko"],"views":1624,"_links":{"self":[{"href":"https:\/\/info.sadowne.pl\/index.php?rest_route=\/wp\/v2\/posts\/28630","targetHints":{"allow":["GET"]}}],"collection":[{"href":"https:\/\/info.sadowne.pl\/index.php?rest_route=\/wp\/v2\/posts"}],"about":[{"href":"https:\/\/info.sadowne.pl\/index.php?rest_route=\/wp\/v2\/types\/post"}],"author":[{"embeddable":true,"href":"https:\/\/info.sadowne.pl\/index.php?rest_route=\/wp\/v2\/users\/1"}],"replies":[{"embeddable":true,"href":"https:\/\/info.sadowne.pl\/index.php?rest_route=%2Fwp%2Fv2%2Fcomments&post=28630"}],"version-history":[{"count":1,"href":"https:\/\/info.sadowne.pl\/index.php?rest_route=\/wp\/v2\/posts\/28630\/revisions"}],"predecessor-version":[{"id":28632,"href":"https:\/\/info.sadowne.pl\/index.php?rest_route=\/wp\/v2\/posts\/28630\/revisions\/28632"}],"wp:attachment":[{"href":"https:\/\/info.sadowne.pl\/index.php?rest_route=%2Fwp%2Fv2%2Fmedia&parent=28630"}],"wp:term":[{"taxonomy":"category","embeddable":true,"href":"https:\/\/info.sadowne.pl\/index.php?rest_route=%2Fwp%2Fv2%2Fcategories&post=28630"},{"taxonomy":"post_tag","embeddable":true,"href":"https:\/\/info.sadowne.pl\/index.php?rest_route=%2Fwp%2Fv2%2Ftags&post=28630"}],"curies":[{"name":"wp","href":"https:\/\/api.w.org\/{rel}","templated":true}]}}