{"id":28659,"date":"2024-02-29T18:28:45","date_gmt":"2024-02-29T17:28:45","guid":{"rendered":"http:\/\/info.sadowne.pl\/?p=28659"},"modified":"2024-02-29T18:28:45","modified_gmt":"2024-02-29T17:28:45","slug":"tragedia-w-stoku","status":"publish","type":"post","link":"https:\/\/info.sadowne.pl\/?p=28659","title":{"rendered":"Tragedia w Stoku,"},"content":{"rendered":"<p><strong><a href=\"http:\/\/info.sadowne.pl\/wp-content\/uploads\/2024\/02\/Brok166.jpg\" target=\"_blank\" rel=\"noopener\"><img loading=\"lazy\" decoding=\"async\" class=\"alignleft wp-image-28660 size-thumbnail\" src=\"http:\/\/info.sadowne.pl\/wp-content\/uploads\/2024\/02\/Brok166-180x130.jpg\" alt=\"\" width=\"180\" height=\"130\" \/><\/a>\u2026w Ostrowi planuj\u0105 budow\u0119 szpitala, w Broku oddano most do u\u017cytku, nasze koleje nie gorsze od szwajcarskich, spryciarz z Por\u0119by.<\/strong><!--more--><\/p>\n<p>Wydarzenia w wiosce Stok to tragiczny dow\u00f3d, \u017ce podczas burzy nie wolno chroni\u0107 si\u0119 pod drzewami, a pod stogami siana i stertami zbo\u017ca te\u017c nie jest bezpieczniej.<\/p>\n<p>Przez wieki istnia\u0142y w parafiach instytucje okre\u015blane mianem szpitali, ale by\u0142y to bardzo skromne, jedno lub dwuizbowe cha\u0142upinki, pe\u0142ni\u0105ce funkcj\u0119 przytu\u0142k\u00f3w, w kt\u00f3rych przy du\u017cej dozie szcz\u0119\u015bcia stary, zniedo\u0142\u0119\u017cnia\u0142y cz\u0142owiek m\u00f3g\u0142 znale\u017a\u0107 dach nad g\u0142ow\u0105 i otrzyma\u0107 kromk\u0119 chleba. W drugiej po\u0142owie XIX w. dostrze\u017cono potrzeb\u0119 urz\u0105dzenia w Ostrowi prawdziwej plac\u00f3wki leczniczej, Pierwsz\u0105 powa\u017cn\u0105 pr\u00f3b\u0119 podj\u0119to w roku 1879, ale na zrealizowanie plan\u00f3w trzeba jeszcze by\u0142o d\u0142ugo poczeka\u0107.<\/p>\n<p>Z Ostrowi do Ko\u0142bieli, przez m.in. Brok i Sadowne poprowadzono szos\u0119 z prawdziwego zdarzenia, kt\u00f3rej wiele miejscowo\u015bci wi\u0119kszych i znaczniejszych mo\u017ce nam pozazdro\u015bci\u0107. Komu\u015b postronnemu inwestycja ta zda\u0107 si\u0119 mo\u017ce nieco osobliw\u0105, ale to pomys\u0142 nie tyle cywili, ile wojskowych, droga za\u015b \u0142\u0105czy faktycznie nie Ostr\u00f3w z Ko\u0142biel\u0105, ale rosyjskie umocnienia i twierdze nad Narwi\u0105 z w\u0142a\u015bnie zmodernizowan\u0105 nadwi\u015bla\u0144sk\u0105 twierdz\u0105 w Iwanogrodzie, czyli D\u0119blinie. O sekretnym przeznaczeniu tej drogi \u015bwiadczy fakt, i\u017c otwarcia dokonano bez obowi\u0105zkowej w takich przypadkach celebry, ale jakby cichaczem, a kr\u00f3tkie notki o otwarciu ukaza\u0142y si\u0119 na dalszych stronach gazet. Jaki by cel planistom i budowniczym nie przy\u015bwieca\u0142, to bardzo im za t\u0119 drog\u0119, a szczeg\u00f3lnie za most brokowski dzi\u0119kujemy.<\/p>\n<p>Zamieszczamy kolejny artyku\u0142 dr. Jerzego Tch\u00f3rznickiego, ordynatora szpitala w Sterdyni, a przy tym wybitnego badacza i p\u0142odnego publicysty, kt\u00f3ry szczeg\u00f3lne zas\u0142ugi po\u0142o\u017cy\u0142 na polu higieny. Tym razem pan doktor nie szcz\u0119dzi trudu, aby\u015bmy podr\u00f3\u017cowali drogami \u017celaznymi w warunkach sprzyjaj\u0105cych zachowaniu zdrowia.<\/p>\n<p><strong>Wi\u0119cej na stronie <span style=\"color: #0000ff;\"><a style=\"color: #0000ff;\" href=\"https:\/\/madzelan.cba.pl\/tragedia-w-stoku-w-ostrowi-planuja-budowe-szpitala-w-broku-oddano-most-do-uzytku-nasze-koleje-nie-gorsze-od-szwajcarskich-spryciarz-z-poreby\/\" target=\"_blank\" rel=\"noopener\">https:\/\/madzelan.cba.pl\/tragedia-w-stoku-w-ostrowi-planuja-budowe-szpitala-w-broku-oddano-most-do-uzytku-nasze-koleje-nie-gorsze-od-szwajcarskich-spryciarz-z-poreby\/<\/a><\/span><\/strong><\/p>\n","protected":false},"excerpt":{"rendered":"<p>\u2026w Ostrowi planuj\u0105 budow\u0119 szpitala, w Broku oddano most do u\u017cytku, nasze koleje nie gorsze od szwajcarskich, spryciarz z Por\u0119by.<\/p>\n","protected":false},"author":1,"featured_media":0,"comment_status":"closed","ping_status":"closed","sticky":false,"template":"","format":"standard","meta":{"footnotes":""},"categories":[5,3436,31],"tags":[3004,2956],"class_list":["post-28659","post","type-post","status-publish","format-standard","hentry","category-newsy","category-opowiesci-historie-legendy-brokowskie-i-nie-tylko","category-historia-gminy","tag-jerzy-madzelan","tag-opowiesci-historie-legendy-brokowskie-i-nie-tylko"],"views":1790,"_links":{"self":[{"href":"https:\/\/info.sadowne.pl\/index.php?rest_route=\/wp\/v2\/posts\/28659","targetHints":{"allow":["GET"]}}],"collection":[{"href":"https:\/\/info.sadowne.pl\/index.php?rest_route=\/wp\/v2\/posts"}],"about":[{"href":"https:\/\/info.sadowne.pl\/index.php?rest_route=\/wp\/v2\/types\/post"}],"author":[{"embeddable":true,"href":"https:\/\/info.sadowne.pl\/index.php?rest_route=\/wp\/v2\/users\/1"}],"replies":[{"embeddable":true,"href":"https:\/\/info.sadowne.pl\/index.php?rest_route=%2Fwp%2Fv2%2Fcomments&post=28659"}],"version-history":[{"count":1,"href":"https:\/\/info.sadowne.pl\/index.php?rest_route=\/wp\/v2\/posts\/28659\/revisions"}],"predecessor-version":[{"id":28661,"href":"https:\/\/info.sadowne.pl\/index.php?rest_route=\/wp\/v2\/posts\/28659\/revisions\/28661"}],"wp:attachment":[{"href":"https:\/\/info.sadowne.pl\/index.php?rest_route=%2Fwp%2Fv2%2Fmedia&parent=28659"}],"wp:term":[{"taxonomy":"category","embeddable":true,"href":"https:\/\/info.sadowne.pl\/index.php?rest_route=%2Fwp%2Fv2%2Fcategories&post=28659"},{"taxonomy":"post_tag","embeddable":true,"href":"https:\/\/info.sadowne.pl\/index.php?rest_route=%2Fwp%2Fv2%2Ftags&post=28659"}],"curies":[{"name":"wp","href":"https:\/\/api.w.org\/{rel}","templated":true}]}}