{"id":28671,"date":"2024-03-04T16:05:13","date_gmt":"2024-03-04T15:05:13","guid":{"rendered":"http:\/\/info.sadowne.pl\/?p=28671"},"modified":"2024-03-04T16:05:13","modified_gmt":"2024-03-04T15:05:13","slug":"kronika-strazacka-26-02-03-03-2024","status":"publish","type":"post","link":"https:\/\/info.sadowne.pl\/?p=28671","title":{"rendered":"Kronika stra\u017cacka 26.02 \u2013 03.03.2024"},"content":{"rendered":"<p><strong><a href=\"http:\/\/info.sadowne.pl\/wp-content\/uploads\/2023\/06\/straz3-scaled.jpg\"><img loading=\"lazy\" decoding=\"async\" class=\"alignleft size-thumbnail wp-image-27687\" src=\"http:\/\/info.sadowne.pl\/wp-content\/uploads\/2023\/06\/straz3-180x130.jpg\" alt=\"\" width=\"180\" height=\"130\" \/><\/a>W<\/strong><strong> okresie<\/strong><strong> od<\/strong><strong> 26.02 do 03.03.2024 na<\/strong><strong> terenie<\/strong><strong> powiatu<\/strong><strong> w\u0119growskiego<\/strong><strong> zanotowano: <\/strong><strong>12 zdarze\u0144,<\/strong><strong> przy<\/strong><strong> kt\u00f3rych<\/strong><strong> interweniowa\u0142y<\/strong><strong> jednostki<\/strong><strong> ochrony<\/strong><strong> przeciwpo\u017carowej, w tym:<\/strong><strong> 5 po\u017car\u00f3w, 6 miejscowych zagro\u017ce\u0144 i 1 alarm fa\u0142szywy.<\/strong><!--more--><\/p>\n<p><strong>29.02.2024 \u2013 Czerwonka, gm. Wierzbno \u2013 po\u017car poddasza budynku mieszkalnego.<\/strong><\/p>\n<p>Po doje\u017adzie na miejsce zdarzenia pierwszych zast\u0119p\u00f3w\u00a0 z OSP Czerwonka, stra\u017cacy stwierdzili, \u017ce po\u017carem obj\u0119te jest poddasze\u00a0 oraz dach w murowanym budynku mieszkalnym, krytym blach\u0105 (po\u017car rozwini\u0119ty). Brak os\u00f3b poszkodowanych (mieszka\u0144cy w trakcie dzia\u0142a\u0144 powychodzili na zewn\u0105trz). Dzia\u0142ania ratownik\u00f3w polega\u0142y na zabezpieczeniu miejsca zdarzenia oraz podaniu 2 pr\u0105d\u00f3w wody w natarciu na poddasze (2 roty ga\u015bnicze) oraz podano pr\u0105d wody z zewn\u0105trz. Doprowadzi\u0142o to do lokalizacji po\u017caru. Dalsze prace polega\u0142y na usuwaniu tl\u0105cych si\u0119 materia\u0142\u00f3w z poddasza na zewn\u0105trz i przelewaniu ich wod\u0105, dokonano te\u017c cz\u0119\u015bciowej rozbi\u00f3rki element\u00f3w poddasza (sufity podwieszane) oraz konstrukcji i pokrycia dachu, wyniesiono cz\u0119\u015b\u0107 wyposa\u017cenia budynku na zewn\u0105trz<\/p>\n<p>W DZIA\u0141ANIACH RATOWNICZYCH UDZIA\u0141 BRA\u0141O: 9 zast\u0119p\u00f3w 45 ratownik\u00f3w.<strong>\u00a0<\/strong><\/p>\n<p><strong>01.03.2024 \u2013 Wieliczna, gm. Stoczek &#8211; budynek mieszkalny, po\u017car sadzy w kominie.<\/strong><\/p>\n<p>Po doje\u017adzie na miejsce zdarzenia zast\u0119p\u00f3w, stra\u017cacy stwierdzili, \u017ce w budynku mieszkalnym jednokondygnacyjnym z poddaszem, drewnianym, krytym eternitem, dosz\u0142o do zapalenia si\u0119 sadz w przewodzie kominowym. Budynek zamieszkiwa\u0142y dwie osoby, kt\u00f3re samodzielnie go opu\u015bci\u0142y nie odnosz\u0105c obra\u017ce\u0144. Dzia\u0142ania zast\u0119pu polega\u0142y na zabezpieczeniu miejsca zdarzenia, wygaszeniu pieca grzewczego i podaniu jednego pr\u0105du proszku ga\u015bniczego z ga\u015bnicy. Dalsze dzia\u0142ania polega\u0142y na przebiciu zalegaj\u0105cej sadzy przy u\u017cyciu podr\u0119cznego sprz\u0119tu burz\u0105cego (przew\u00f3d kominowy by\u0142 niedro\u017cny z powodu du\u017cej ilo\u015bci sadzy). Po uzyskaniu dro\u017cno\u015bci przewodu podano kolejny pr\u0105d proszku z ga\u015bnicy, co doprowadzi\u0142o do lokalizacji i ugaszenia po\u017caru. Nast\u0119pnie kontrolowano temperatur\u0119 przewodu przy u\u017cyciu kamery termowizyjnej. Budynek przewietrzono oraz sprawdzono miernikiem wielogazowym pod k\u0105tem obecno\u015bci CO (z wynikiem negatywnym).<\/p>\n<p>W DZIA\u0141ANIACH RATOWNICZYCH UDZIA\u0141 BRA\u0141O: 2 zast\u0119py 11 ratownik\u00f3w.<\/p>\n<p><strong>KP PSP W\u0119gr\u00f3w<\/strong><\/p>\n","protected":false},"excerpt":{"rendered":"<p>W okresie od 26.02 do 03.03.2024 na terenie powiatu w\u0119growskiego zanotowano: 12 zdarze\u0144, przy kt\u00f3rych interweniowa\u0142y jednostki ochrony przeciwpo\u017carowej, w tym: 5 po\u017car\u00f3w, 6 miejscowych zagro\u017ce\u0144 i 1 alarm fa\u0142szywy.<\/p>\n","protected":false},"author":1,"featured_media":0,"comment_status":"closed","ping_status":"closed","sticky":false,"template":"","format":"standard","meta":{"footnotes":""},"categories":[5,267],"tags":[491,643],"class_list":["post-28671","post","type-post","status-publish","format-standard","hentry","category-newsy","category-straz-pozarna-policja-straz-pozarna-pogotowie-ratunkowe","tag-komenda-powiatowa-panstwowej-strazy-pozarnej-w-wegrowie","tag-kronika-strazacka"],"views":1623,"_links":{"self":[{"href":"https:\/\/info.sadowne.pl\/index.php?rest_route=\/wp\/v2\/posts\/28671","targetHints":{"allow":["GET"]}}],"collection":[{"href":"https:\/\/info.sadowne.pl\/index.php?rest_route=\/wp\/v2\/posts"}],"about":[{"href":"https:\/\/info.sadowne.pl\/index.php?rest_route=\/wp\/v2\/types\/post"}],"author":[{"embeddable":true,"href":"https:\/\/info.sadowne.pl\/index.php?rest_route=\/wp\/v2\/users\/1"}],"replies":[{"embeddable":true,"href":"https:\/\/info.sadowne.pl\/index.php?rest_route=%2Fwp%2Fv2%2Fcomments&post=28671"}],"version-history":[{"count":1,"href":"https:\/\/info.sadowne.pl\/index.php?rest_route=\/wp\/v2\/posts\/28671\/revisions"}],"predecessor-version":[{"id":28672,"href":"https:\/\/info.sadowne.pl\/index.php?rest_route=\/wp\/v2\/posts\/28671\/revisions\/28672"}],"wp:attachment":[{"href":"https:\/\/info.sadowne.pl\/index.php?rest_route=%2Fwp%2Fv2%2Fmedia&parent=28671"}],"wp:term":[{"taxonomy":"category","embeddable":true,"href":"https:\/\/info.sadowne.pl\/index.php?rest_route=%2Fwp%2Fv2%2Fcategories&post=28671"},{"taxonomy":"post_tag","embeddable":true,"href":"https:\/\/info.sadowne.pl\/index.php?rest_route=%2Fwp%2Fv2%2Ftags&post=28671"}],"curies":[{"name":"wp","href":"https:\/\/api.w.org\/{rel}","templated":true}]}}