{"id":28674,"date":"2024-03-04T16:37:39","date_gmt":"2024-03-04T15:37:39","guid":{"rendered":"http:\/\/info.sadowne.pl\/?p=28674"},"modified":"2024-03-04T16:43:22","modified_gmt":"2024-03-04T15:43:22","slug":"49-projektow-w-powiecie-wegrowskim-ze-wsparciem-sejmiku-mazowsza","status":"publish","type":"post","link":"https:\/\/info.sadowne.pl\/?p=28674","title":{"rendered":"49 projekt\u00f3w w powiecie w\u0119growskim ze wsparciem sejmiku Mazowsza"},"content":{"rendered":"<p><a href=\"http:\/\/info.sadowne.pl\/wp-content\/uploads\/2024\/03\/2024.03.04.1.jpg\" target=\"_blank\" rel=\"noopener\"><img loading=\"lazy\" decoding=\"async\" class=\"alignleft wp-image-28675 size-thumbnail\" src=\"http:\/\/info.sadowne.pl\/wp-content\/uploads\/2024\/03\/2024.03.04.1-180x130.jpg\" alt=\"\" width=\"180\" height=\"130\" \/><\/a><\/p>\n<p><strong>Rusza rekordowe wsparcie Sejmiku Wojew\u00f3dztwa Mazowieckiego dla samorz\u0105d\u00f3w i organizacji pozarz\u0105dowych z Mazowsza. <\/strong><!--more--><\/p>\n<p><strong>Dzi\u015b umowy z beneficjentami z powiatu w\u0119growskiego podpisa\u0142y w Sadownem cz\u0142onkinie zarz\u0105du wojew\u00f3dztwa mazowieckiego El\u017cbieta Lanc i Janina Ewa Orze\u0142owska. <\/strong><\/p>\n<p>W sumie to 49 inwestycji, na kt\u00f3re w\u0142adze regionu przeznaczy\u0142y ponad 4,4 mln z\u0142. Pieni\u0105dze z program\u00f3w wsparcia umo\u017cliwi\u0105 inwestycje w \u015bwietlicach wiejskich, ogrodach dzia\u0142kowych, budow\u0119 i remont obiekt\u00f3w sportowych, zakup woz\u00f3w i remont stra\u017cnic OSP, budow\u0119 chodnik\u00f3w i plac\u00f3w zabaw, zakup autobus\u00f3w dla szk\u00f3\u0142 czy realizacj\u0119 projekt\u00f3w proekologicznych.<\/p>\n<p>W tym roku samorz\u0105d wojew\u00f3dztwa realizuje 22 autorskie zadania i programy wsparcia, w ramach kt\u00f3rych gminy i powiaty z Mazowsza mog\u0105 otrzyma\u0107 dofinansowanie na wykonanie inwestycji wa\u017cnych dla rozwoju lokalnych spo\u0142eczno\u015bci. Na realizacj\u0119 program\u00f3w wsparcia Sejmik Wojew\u00f3dztwa Mazowieckiego przeznaczy\u0142 ponad 1 mld z\u0142.<\/p>\n<p>Jak zauwa\u017ca cz\u0142onkini zarz\u0105du wojew\u00f3dztwa mazowieckiego Janina Ewa Orze\u0142owska, programy wsparcia to ogromna pomoc dla spo\u0142eczno\u015bci lokalnych na ca\u0142ym Mazowszu. \u2013 Podczas spotka\u0144 z samorz\u0105dowcami cz\u0119sto s\u0142ysz\u0119, \u017ce bez naszej pomocy finansowej te inwestycje nie mia\u0142yby szans na realizacj\u0119. Dlatego ci\u0105gle zwi\u0119kszamy \u015brodki na programy wsparcia \u2013 w tym roku jest to ponad miliard z\u0142otych. Do tej pory rozstrzygn\u0119li\u015bmy ju\u017c nabory do 12 z 22 program\u00f3w wsparcia.<\/p>\n<p>W powiecie w\u0119growskim dofinansowanie z 6 program\u00f3w wsparcia otrzyma\u0142o 49 projekt\u00f3w. Cz\u0142onkini zarz\u0105du wojew\u00f3dztwa mazowieckiego El\u017cbieta Lanc podkre\u015bla, \u017ce jest to du\u017ca pomoc dla samorz\u0105d\u00f3w lokalnych. \u2013 Dofinansowujemy wiele wa\u017cnych dla mieszka\u0144c\u00f3w inwestycji: od obiekt\u00f3w sportowych, takich jak boiska, hale czy skateparki, przez projekty ekologiczne, a\u017c po wozy stra\u017cackie dla druh\u00f3w czy remonty remiz OSP. Na nasz\u0105 pomoc mog\u0105 liczy\u0107 tak\u017ce inicjatywy zwi\u0105zane z zapobieganiem bezdomno\u015bci zwierz\u0105t.<\/p>\n<p><strong>Gmina Sadowne otrzyma\u0142a dofinansowanie na:<\/strong><\/p>\n<p>&#8211; modernizacj\u0119 placu sportowo-rekreacyjnego w Grabinach &#8211; 194\u00a0340 z\u0142<\/p>\n<p>&#8211; remont stra\u017cnicy w Sadownem \u2013 40\u00a0000 z\u0142<\/p>\n<p>&#8211; nowy \u015bredni samoch\u00f3d ratowniczo-ga\u015bniczy ze sprz\u0119tem ratowniczo-ga\u015bniczym zamontowanym na sta\u0142e dla OSP Sadowne \u2013 150\u00a0000 z\u0142<\/p>\n<p>&#8211; modernizacj\u0119 aneksu kuchennego w Centrum integracyjno-spo\u0142ecznym w Sadownem &#8211; 15\u00a0000 z\u0142<\/p>\n<p>&#8211; remont \u015bwietlicy wiejskiej w Sok\u00f3\u0142ce \u2013 15\u00a0000 z\u0142<\/p>\n<p>&#8211; tworzenie centrum integracyjno-spo\u0142ecznego w Sadownem \u2013 200\u00a0000 z\u0142<\/p>\n<p>&#8211; zapobieganie bezdomno\u015bci zwierz\u0105t w gminie Sadowne \u2013 5\u00a0000 z\u0142<\/p>\n<p><strong>\u0141\u0105cznie \u2013 619\u00a0340 z\u0142.<\/strong><\/p>\n<p><strong>Szczeg\u00f3\u0142y na stronie <span style=\"color: #0000ff;\"><a style=\"color: #0000ff;\" href=\"http:\/\/info.sadowne.pl\/wp-content\/uploads\/2024\/03\/24-03-04-IP-Programy-wsparcia-powiat-wegrowski.docx\" target=\"_blank\" rel=\"noopener\">http:\/\/info.sadowne.pl\/wp-content\/uploads\/2024\/03\/24-03-04-IP-Programy-wsparcia-powiat-wegrowski.docx<\/a><\/span><\/strong><\/p>\n<p><span style=\"color: #0000ff;\"><a style=\"color: #0000ff;\" href=\"https:\/\/photos.app.goo.gl\/HhTEfDWduUDQZxcZ7\" target=\"_blank\" rel=\"noopener\"><strong>Zdj\u0119cia w galerii Google&gt;&gt;&gt;<\/strong><\/a><\/span><\/p>\n<p><strong>Tekst:<\/strong> S\u0142awek Chyli\u0144ski\/ Urz\u0105d Marsza\u0142kowski Wojew\u00f3dztwa Mazowieckiego w Warszawie<\/p>\n<p><strong>Foto:<\/strong> S\u0142awek Chyli\u0144ski<\/p>\n","protected":false},"excerpt":{"rendered":"<p>Rusza rekordowe wsparcie Sejmiku Wojew\u00f3dztwa Mazowieckiego dla samorz\u0105d\u00f3w i organizacji pozarz\u0105dowych z Mazowsza.<\/p>\n","protected":false},"author":1,"featured_media":0,"comment_status":"closed","ping_status":"closed","sticky":false,"template":"","format":"standard","meta":{"footnotes":""},"categories":[5,41],"tags":[1030,1827,4083,4090,3043,1033],"class_list":["post-28674","post","type-post","status-publish","format-standard","hentry","category-newsy","category-wiesci-gminne","tag-elzbieta-lanc","tag-gmina-sadowne","tag-janina-ewa-orzelowska","tag-podpisanie-umow-na-dofinansowanie","tag-samorzad-wojewodztwa-mazowieckiego","tag-waldemar-cyran"],"views":2558,"_links":{"self":[{"href":"https:\/\/info.sadowne.pl\/index.php?rest_route=\/wp\/v2\/posts\/28674","targetHints":{"allow":["GET"]}}],"collection":[{"href":"https:\/\/info.sadowne.pl\/index.php?rest_route=\/wp\/v2\/posts"}],"about":[{"href":"https:\/\/info.sadowne.pl\/index.php?rest_route=\/wp\/v2\/types\/post"}],"author":[{"embeddable":true,"href":"https:\/\/info.sadowne.pl\/index.php?rest_route=\/wp\/v2\/users\/1"}],"replies":[{"embeddable":true,"href":"https:\/\/info.sadowne.pl\/index.php?rest_route=%2Fwp%2Fv2%2Fcomments&post=28674"}],"version-history":[{"count":2,"href":"https:\/\/info.sadowne.pl\/index.php?rest_route=\/wp\/v2\/posts\/28674\/revisions"}],"predecessor-version":[{"id":28677,"href":"https:\/\/info.sadowne.pl\/index.php?rest_route=\/wp\/v2\/posts\/28674\/revisions\/28677"}],"wp:attachment":[{"href":"https:\/\/info.sadowne.pl\/index.php?rest_route=%2Fwp%2Fv2%2Fmedia&parent=28674"}],"wp:term":[{"taxonomy":"category","embeddable":true,"href":"https:\/\/info.sadowne.pl\/index.php?rest_route=%2Fwp%2Fv2%2Fcategories&post=28674"},{"taxonomy":"post_tag","embeddable":true,"href":"https:\/\/info.sadowne.pl\/index.php?rest_route=%2Fwp%2Fv2%2Ftags&post=28674"}],"curies":[{"name":"wp","href":"https:\/\/api.w.org\/{rel}","templated":true}]}}