{"id":28686,"date":"2024-03-05T17:32:03","date_gmt":"2024-03-05T16:32:03","guid":{"rendered":"http:\/\/info.sadowne.pl\/?p=28686"},"modified":"2024-03-05T17:32:33","modified_gmt":"2024-03-05T16:32:33","slug":"wybory-samorzadowe-2024-r","status":"publish","type":"post","link":"https:\/\/info.sadowne.pl\/?p=28686","title":{"rendered":"Wybory Samorz\u0105dowe 2024 r."},"content":{"rendered":"<p><strong><a href=\"http:\/\/info.sadowne.pl\/wp-content\/uploads\/2024\/03\/wybory_samorzadowe.jpg\" target=\"_blank\" rel=\"noopener\"><img loading=\"lazy\" decoding=\"async\" class=\"alignleft wp-image-28687 size-thumbnail\" src=\"http:\/\/info.sadowne.pl\/wp-content\/uploads\/2024\/03\/wybory_samorzadowe-180x130.jpg\" alt=\"\" width=\"180\" height=\"130\" \/><\/a>G\u0142osowanie odb\u0119dzie si\u0119 7 kwietnia 2024 r. mi\u0119dzy godzin\u0105 7:00 a 21:00.<\/strong><!--more--><\/p>\n<p>Wybory samorz\u0105dowe odb\u0119d\u0105 si\u0119 7 kwietnia (pierwsza tura) i 21 kwietnia (druga tura). Polacy zag\u0142osuj\u0105 w nich na radnych gmin, radnych powiat\u00f3w, radnych sejmik\u00f3w wojew\u00f3dztw, w\u00f3jt\u00f3w, burmistrz\u00f3w i prezydent\u00f3w miast oraz radnych dzielnic w Warszawie.<\/p>\n<p>Do kt\u00f3rego okr\u0119gu wyborczego nale\u017c\u0105 mieszka\u0144cy gminy Sadowne w wyborach radnych do poszczeg\u00f3lnych jednostek samorz\u0105du terytorialnego?<\/p>\n<p><strong>Zapoznajmy si\u0119 z dokumentacj\u0105 zamieszczon\u0105 poni\u017cej:<\/strong><\/p>\n<p><strong> <a href=\"http:\/\/info.sadowne.pl\/wp-content\/uploads\/2024\/03\/2024.03.05.1.jpg\"><img loading=\"lazy\" decoding=\"async\" class=\"aligncenter size-full wp-image-28688\" src=\"http:\/\/info.sadowne.pl\/wp-content\/uploads\/2024\/03\/2024.03.05.1.jpg\" alt=\"\" width=\"606\" height=\"826\" srcset=\"https:\/\/info.sadowne.pl\/wp-content\/uploads\/2024\/03\/2024.03.05.1.jpg 606w, https:\/\/info.sadowne.pl\/wp-content\/uploads\/2024\/03\/2024.03.05.1-220x300.jpg 220w\" sizes=\"auto, (max-width: 606px) 100vw, 606px\" \/><\/a><\/strong><\/p>\n<p><a href=\"http:\/\/info.sadowne.pl\/wp-content\/uploads\/2024\/03\/2024.03.05.2.jpg\"><img loading=\"lazy\" decoding=\"async\" class=\"aligncenter size-full wp-image-28689\" src=\"http:\/\/info.sadowne.pl\/wp-content\/uploads\/2024\/03\/2024.03.05.2.jpg\" alt=\"\" width=\"608\" height=\"704\" srcset=\"https:\/\/info.sadowne.pl\/wp-content\/uploads\/2024\/03\/2024.03.05.2.jpg 608w, https:\/\/info.sadowne.pl\/wp-content\/uploads\/2024\/03\/2024.03.05.2-259x300.jpg 259w\" sizes=\"auto, (max-width: 608px) 100vw, 608px\" \/><\/a><\/p>\n<p><a href=\"http:\/\/info.sadowne.pl\/wp-content\/uploads\/2024\/03\/2024.03.05.3.jpg\"><img loading=\"lazy\" decoding=\"async\" class=\"aligncenter size-full wp-image-28690\" src=\"http:\/\/info.sadowne.pl\/wp-content\/uploads\/2024\/03\/2024.03.05.3.jpg\" alt=\"\" width=\"605\" height=\"431\" srcset=\"https:\/\/info.sadowne.pl\/wp-content\/uploads\/2024\/03\/2024.03.05.3.jpg 605w, https:\/\/info.sadowne.pl\/wp-content\/uploads\/2024\/03\/2024.03.05.3-300x214.jpg 300w\" sizes=\"auto, (max-width: 605px) 100vw, 605px\" \/><\/a><\/p>\n<p><a href=\"http:\/\/info.sadowne.pl\/wp-content\/uploads\/2024\/03\/2024.03.05.4.jpg\"><img loading=\"lazy\" decoding=\"async\" class=\"aligncenter size-full wp-image-28691\" src=\"http:\/\/info.sadowne.pl\/wp-content\/uploads\/2024\/03\/2024.03.05.4.jpg\" alt=\"\" width=\"608\" height=\"849\" srcset=\"https:\/\/info.sadowne.pl\/wp-content\/uploads\/2024\/03\/2024.03.05.4.jpg 608w, https:\/\/info.sadowne.pl\/wp-content\/uploads\/2024\/03\/2024.03.05.4-215x300.jpg 215w\" sizes=\"auto, (max-width: 608px) 100vw, 608px\" \/><\/a><\/p>\n<p><strong>Tekst:<\/strong> S\u0142awek Chyli\u0144ski<\/p>\n<p><strong>\u0179r\u00f3d\u0142o:<\/strong> <a href=\"http:\/\/www.bip.sadowne.pl\" target=\"_blank\" rel=\"noopener\">www.bip.sadowne.pl<\/a><\/p>\n","protected":false},"excerpt":{"rendered":"<p>G\u0142osowanie odb\u0119dzie si\u0119 7 kwietnia 2024 r. mi\u0119dzy godzin\u0105 7:00 a 21:00.<\/p>\n","protected":false},"author":1,"featured_media":0,"comment_status":"closed","ping_status":"closed","sticky":false,"template":"","format":"standard","meta":{"footnotes":""},"categories":[5,41,1012],"tags":[1827,3086,4095],"class_list":["post-28686","post","type-post","status-publish","format-standard","hentry","category-newsy","category-wiesci-gminne","category-wybory","tag-gmina-sadowne","tag-wybory","tag-wybory-samorzadowe-2024"],"views":2791,"_links":{"self":[{"href":"https:\/\/info.sadowne.pl\/index.php?rest_route=\/wp\/v2\/posts\/28686","targetHints":{"allow":["GET"]}}],"collection":[{"href":"https:\/\/info.sadowne.pl\/index.php?rest_route=\/wp\/v2\/posts"}],"about":[{"href":"https:\/\/info.sadowne.pl\/index.php?rest_route=\/wp\/v2\/types\/post"}],"author":[{"embeddable":true,"href":"https:\/\/info.sadowne.pl\/index.php?rest_route=\/wp\/v2\/users\/1"}],"replies":[{"embeddable":true,"href":"https:\/\/info.sadowne.pl\/index.php?rest_route=%2Fwp%2Fv2%2Fcomments&post=28686"}],"version-history":[{"count":2,"href":"https:\/\/info.sadowne.pl\/index.php?rest_route=\/wp\/v2\/posts\/28686\/revisions"}],"predecessor-version":[{"id":28693,"href":"https:\/\/info.sadowne.pl\/index.php?rest_route=\/wp\/v2\/posts\/28686\/revisions\/28693"}],"wp:attachment":[{"href":"https:\/\/info.sadowne.pl\/index.php?rest_route=%2Fwp%2Fv2%2Fmedia&parent=28686"}],"wp:term":[{"taxonomy":"category","embeddable":true,"href":"https:\/\/info.sadowne.pl\/index.php?rest_route=%2Fwp%2Fv2%2Fcategories&post=28686"},{"taxonomy":"post_tag","embeddable":true,"href":"https:\/\/info.sadowne.pl\/index.php?rest_route=%2Fwp%2Fv2%2Ftags&post=28686"}],"curies":[{"name":"wp","href":"https:\/\/api.w.org\/{rel}","templated":true}]}}