{"id":28697,"date":"2024-03-10T18:24:10","date_gmt":"2024-03-10T17:24:10","guid":{"rendered":"http:\/\/info.sadowne.pl\/?p=28697"},"modified":"2024-03-14T10:04:57","modified_gmt":"2024-03-14T09:04:57","slug":"gminny-dzien-kobiet-w-sadownem","status":"publish","type":"post","link":"https:\/\/info.sadowne.pl\/?p=28697","title":{"rendered":"Gminny Dzie\u0144 Kobiet w Sadownem"},"content":{"rendered":"<p><a href=\"http:\/\/info.sadowne.pl\/wp-content\/uploads\/2024\/03\/2024.03.10.1.jpg\" target=\"_blank\" rel=\"noopener\"><img loading=\"lazy\" decoding=\"async\" class=\"alignleft wp-image-28698 size-thumbnail\" src=\"http:\/\/info.sadowne.pl\/wp-content\/uploads\/2024\/03\/2024.03.10.1-180x130.jpg\" alt=\"\" width=\"180\" height=\"130\" \/><\/a><\/p>\n<p><strong>Od kilku ju\u017c lat W\u00f3jt Gminy Sadowne p. Waldemar Cyran zaprasza mieszkanki naszej gminy na spotkanie z okazji Dnia Kobiet. W tym roku uroczysto\u015b\u0107 odby\u0142a si\u0119 9 marca w sali OSP Sadowne.<\/strong><!--more--><\/p>\n<p>Pe\u0142na sala, okoliczno\u015bciowy wystr\u00f3j i niesamowity koncert w wykonaniu znanych artyst\u00f3w, kt\u00f3rzy przybyli do Sadownego na zaproszenie W\u00f3jta Gminy. Organizatorem spotkania by\u0142a Gmina Sadowne i Gminny O\u015brodek Kultury w Sadownem, a partnerem Samorz\u0105d Wojew\u00f3dztwa Mazowieckiego.<\/p>\n<p>Spotkanie \u017cyczeniami dla kobiet rozpocz\u0119li pp.: Waldemar Cyran \u2013 W\u00f3jt Gminy Sadowne i Ewa Pi\u00f3rkowska \u2013 Dyrektor Gminnego O\u015brodka Kultury w Sadownem, jednocze\u015bnie zapraszaj\u0105c do wsp\u00f3lnej zabawy i uczestnictwa w koncercie okoliczno\u015bciowym pt. \u201ePrzynosz\u0119 siedem czerwonych r\u00f3\u017c\u201d. List od Marsza\u0142ka Wojew\u00f3dztwa Mazowieckiego Adama Struzika z \u017cyczeniami dla Pa\u0144 odczyta\u0142 Jego pe\u0142nomocnik p. Mariusz Rukat.<\/p>\n<p>Sadowie\u0144ski koncert dla naszych Pa\u0144 utrzymany by\u0142 w charakterze kalejdoskopu r\u00f3\u017cnych rodzaj\u00f3w muzyki \u2013 od klasyki do rozrywki, z du\u017c\u0105 dawk\u0105 dobrej satyry. Jego wykonawcami byli znani i lubiani arty\u015bci:<\/p>\n<p><strong>DANUTA STANKIEWICZ<\/strong> &#8211; utytu\u0142owana gwiazda polskiej estrady. Wyst\u0119powa\u0142a m.in. w popularnym pozna\u0144skim kabarecie \u201eTEY\u201d. By\u0142a nagradzana na wielu festiwalach krajowych i zagranicznych. Wyda\u0142a 32. p\u0142yty solowe. Nagra\u0142a ok. 350 piosenek. Uczestniczy\u0142a w niemal dziesi\u0119ciu tysi\u0105cach koncert\u00f3w &#8211; koncertowa\u0142a w ponad 30-tu krajach \u015bwiata m.in. w Danii, Francji, Holandii, Niemczech, W\u0142oszech, Izraelu, Korei P\u00f3\u0142nocnej, \u0141otwie, Rosji, Mongolii, Kanadzie, na Kubie i w Stanach Zjednoczonych Ameryki.<\/p>\n<p><strong>ANDRZEJ WOJDA<\/strong> \u2013 p\u00f3\u0142finalista telewizyjnego programu \u201eThe Voice Senior -3\u201d. Uznany artysta \u015bpiewak \u2013 bas o niezwyk\u0142ej, naturalnej, g\u0142\u0119bokiej barwie g\u0142osu, wyst\u0119puj\u0105cy na jednej scenie z artystami najwi\u0119kszych scen teatr\u00f3w muzycznych w Polsce. Z muzyk\u0105 zwi\u0105zany od dzieci\u0144stwa, kiedy zdobywa\u0142 umiej\u0119tno\u015bci gry na akordeonie i gitarze. Instruktor ZHP, z niema\u0142ymi sukcesami uczestniczy\u0142 w og\u00f3lnopolskich studenckich festiwalach piosenki turystycznej. By\u0142y muzyk saksofonista i wokalista orkiestry wojskowej. Koncertowa\u0142 m.in. w Niemczech, Anglii, Hiszpanii i Macedonii.<\/p>\n<p><strong>RYSZARD NOWACZEWSKI<\/strong> \u2013 scenarzysta, re\u017cyser, konferansjer. Autor niezliczonej ilo\u015bci scenariuszy o wysokiej randze artystycznej. Od ponad 25. lat wsp\u00f3\u0142pracuj\u0105cy z wybitnymi artystami teatru, filmu, radia i telewizji. Prowadz\u0105cy najpi\u0119kniejsze cykle koncert\u00f3w tematycznych, nawi\u0105zuj\u0105c do najlepszych tradycji konferansjerskich \u2013 poprowadzi\u0142 \u015bwietnie r\u00f3wnie\u017c sobotni koncert sadowie\u0144ski.<\/p>\n<p>\u015awietne wykonania piosenek porywaj\u0105ce publiczno\u015b\u0107, wsp\u00f3lny \u015bpiew, a tak\u017ce wiele anegdot i element\u00f3w satyrycznych \u2013 tak wygl\u0105da\u0142 koncert, w kt\u00f3rym chcia\u0142oby si\u0119 uczestniczy\u0107 bez ko\u0144ca. Sk\u0142ad artystyczny koncertu od czasu do czasu uzupe\u0142niali r\u00f3wnie\u017c uczestnicy spotkania, mieszka\u0144cy naszej gminy, w tym ks. proboszcz Antoni Kunicki i p. Ma\u0142gorzata Zy\u015bk &#8211; aktualna radna powiatu w\u0119growskiego.<\/p>\n<p>W imieniu wszystkich uczestnik\u00f3w spotkania przekazuj\u0119 serdeczne podzi\u0119kowania jego Organizatorom, a tak\u017ce p. Marsza\u0142ek El\u017cbiecie Lanc, dzi\u0119ki kt\u00f3rej m.in. r\u00f3wnie\u017c i tym razem mogli\u015bmy go\u015bci\u0107 w naszej gminie tak \u015bwietnych artyst\u00f3w \u2013 prosimy o jeszcze.<\/p>\n<p>Po cz\u0119\u015bci artystycznej, zgodnie z sadowie\u0144sk\u0105 tradycj\u0105, w\u015br\u00f3d uczestniczek spotkania odby\u0142o si\u0119 losowanie drobnych, ale ciekawych gad\u017cet\u00f3w, a tak\u017ce zaserwowano s\u0142odki pocz\u0119stunek \u2013 tym razem zamiast tortu mo\u017cna by\u0142o skosztowa\u0107 \u015bwietne muffinki. Losowanie i s\u0142odko\u015bci przygotowali pracownicy Gminnego O\u015brodka Kultury w Sadownem \u2013 wielkie dzi\u0119ki.<\/p>\n<p><span style=\"color: #0000ff;\"><a style=\"color: #0000ff;\" href=\"https:\/\/photos.app.goo.gl\/3CNuDQnfEww8kKAk6\" target=\"_blank\" rel=\"noopener\"><strong>Zdj\u0119cia w galerii Google&gt;&gt;&gt;<\/strong><\/a><\/span><\/p>\n<p><span style=\"color: #0000ff;\"><a style=\"color: #0000ff;\" href=\"https:\/\/www.facebook.com\/100079134322086\/videos\/769186258126210\/\" target=\"_blank\" rel=\"noopener\"><strong>Zobacz te\u017c film&gt;&gt;&gt;<\/strong><\/a><\/span><\/p>\n<p><strong>Tekst\/foto:<\/strong> S\u0142awek Chyli\u0144ski<\/p>\n<p><strong>\u0179r\u00f3d\u0142o:<\/strong> Internet<\/p>\n","protected":false},"excerpt":{"rendered":"<p>Od kilku ju\u017c lat W\u00f3jt Gminy Sadowne p. Waldemar Cyran zaprasza mieszkanki naszej gminy na spotkanie z okazji Dnia Kobiet. W tym roku uroczysto\u015b\u0107 odby\u0142a si\u0119 9 marca w sali OSP Sadowne.<\/p>\n","protected":false},"author":1,"featured_media":0,"comment_status":"closed","ping_status":"closed","sticky":false,"template":"","format":"standard","meta":{"footnotes":""},"categories":[5,41],"tags":[4097,4096,591,1841,4099,4098,1033],"class_list":["post-28697","post","type-post","status-publish","format-standard","hentry","category-newsy","category-wiesci-gminne","tag-andrzej-wojda","tag-danuta-stankiewicz","tag-ewa-piorkowska","tag-gminny-dzien-kobiet-w-sadownem","tag-przynosze-siedem-czerwonych-roz","tag-ryszard-nowaczewski","tag-waldemar-cyran"],"views":2661,"_links":{"self":[{"href":"https:\/\/info.sadowne.pl\/index.php?rest_route=\/wp\/v2\/posts\/28697","targetHints":{"allow":["GET"]}}],"collection":[{"href":"https:\/\/info.sadowne.pl\/index.php?rest_route=\/wp\/v2\/posts"}],"about":[{"href":"https:\/\/info.sadowne.pl\/index.php?rest_route=\/wp\/v2\/types\/post"}],"author":[{"embeddable":true,"href":"https:\/\/info.sadowne.pl\/index.php?rest_route=\/wp\/v2\/users\/1"}],"replies":[{"embeddable":true,"href":"https:\/\/info.sadowne.pl\/index.php?rest_route=%2Fwp%2Fv2%2Fcomments&post=28697"}],"version-history":[{"count":5,"href":"https:\/\/info.sadowne.pl\/index.php?rest_route=\/wp\/v2\/posts\/28697\/revisions"}],"predecessor-version":[{"id":28711,"href":"https:\/\/info.sadowne.pl\/index.php?rest_route=\/wp\/v2\/posts\/28697\/revisions\/28711"}],"wp:attachment":[{"href":"https:\/\/info.sadowne.pl\/index.php?rest_route=%2Fwp%2Fv2%2Fmedia&parent=28697"}],"wp:term":[{"taxonomy":"category","embeddable":true,"href":"https:\/\/info.sadowne.pl\/index.php?rest_route=%2Fwp%2Fv2%2Fcategories&post=28697"},{"taxonomy":"post_tag","embeddable":true,"href":"https:\/\/info.sadowne.pl\/index.php?rest_route=%2Fwp%2Fv2%2Ftags&post=28697"}],"curies":[{"name":"wp","href":"https:\/\/api.w.org\/{rel}","templated":true}]}}