{"id":28705,"date":"2024-04-04T13:08:24","date_gmt":"2024-04-04T11:08:24","guid":{"rendered":"http:\/\/info.sadowne.pl\/?p=28705"},"modified":"2024-04-05T13:15:30","modified_gmt":"2024-04-05T11:15:30","slug":"znamy-kandydatow","status":"publish","type":"post","link":"https:\/\/info.sadowne.pl\/?p=28705","title":{"rendered":"Wybory samorz\u0105dowe ju\u017c w niedziel\u0119!"},"content":{"rendered":"<p><strong><a href=\"http:\/\/info.sadowne.pl\/wp-content\/uploads\/2024\/03\/wybory_samorzadowe.jpg\" target=\"_blank\" rel=\"noopener\"><img loading=\"lazy\" decoding=\"async\" class=\"alignleft wp-image-28687 size-thumbnail\" src=\"http:\/\/info.sadowne.pl\/wp-content\/uploads\/2024\/03\/wybory_samorzadowe-180x130.jpg\" alt=\"\" width=\"180\" height=\"130\" \/><\/a>G\u0142osowanie w Wyborach Samorz\u0105dowych 2024 odb\u0119dzie si\u0119 7 kwietnia 2024 r. mi\u0119dzy godzin\u0105 7:00 a 21:00. W sobot\u0119 6 kwietnia obowi\u0105zuje cisza wyborcza!<\/strong><!--more--><\/p>\n<p>Na kogo mog\u0105 g\u0142osowa\u0107 mieszka\u0144cy gminy Sadowne? Zapoznajmy si\u0119 z listami zarejestrowanych kandydat\u00f3w \u2013 <strong>oczywi\u015bcie na ka\u017cdej z otrzymanych czterech kart g\u0142osujemy tylko na jednego, wybranego przez siebie kandydata, stawiaj\u0105c w kratce przy jego nazwisku znak &#8222;X&#8221;<\/strong>.<\/p>\n<p><span style=\"color: #ff0000;\"><strong>Okr\u0119g wyborczy nr 6 w wyborach do Sejmiku Wojew\u00f3dztwa Mazowieckiego<\/strong><\/span><\/p>\n<p><strong>Zasi\u0119g: <\/strong>miasta Ostro\u0142\u0119ka<strong>, <\/strong>Siedlce oraz powiaty: garwoli\u0144ski<strong>, <\/strong>\u0142osicki<strong>, <\/strong>makowski<strong>, <\/strong>mi\u0144ski<strong>, <\/strong>ostro\u0142\u0119cki<strong>, <\/strong>ostrowski<strong>, <\/strong>siedlecki<strong>, <\/strong>soko\u0142owski<strong>, <\/strong>w\u0119growski<strong>, <\/strong>wyszkowski.<\/p>\n<p><strong>Liczba mandat\u00f3w<\/strong> \u2013 9.<\/p>\n<p><span style=\"color: #0000ff;\"><strong>Lista &#8211; KOALICYJNY KOMITET WYBORCZY KOALICJA OBYWATELSKA<\/strong><\/span><\/p>\n<p><strong>Nr, Nazwisko i imiona, Miejscowo\u015b\u0107 zamieszkania, Wiek\u00a0\u00a0\u00a0\u00a0\u00a0\u00a0\u00a0\u00a0\u00a0\u00a0\u00a0 <\/strong><\/p>\n<ol>\n<li>CHABERSKI Krzysztof Andrzej, Siedlce, 47<\/li>\n<li>LANC El\u017cbieta, Sadowne, 64<\/li>\n<li>P\u0141OCHOCKI Tomasz Jacek, Mi\u0144sk Mazowiecki , 54<\/li>\n<li>JASIONEK Mariusz, Ostr\u00f3w Mazowiecka, 47<\/li>\n<li>W\u00d3JCIK Maciej Miros\u0142aw, Wyszk\u00f3w, 58<\/li>\n<li>D\u0104BKOWSKI Miros\u0142aw, Ostro\u0142\u0119ka, 59<\/li>\n<li>DANIELAK Marzena, Kotu\u0144, 47<\/li>\n<li>DZIADAK Ryszard, Mak\u00f3w Mazowiecki, 50<\/li>\n<li>DANILUK Andrzej, \u0141osice, 57<\/li>\n<li>SAWICKA Bo\u017cena, Siedlce, 57<\/li>\n<li>MICHALAK Teresa, Ostro\u0142\u0119ka, 65<\/li>\n<\/ol>\n<p><span style=\"color: #0000ff;\"><strong>Lista &#8211; KOALICYJNY KOMITET WYBORCZY LEWICA<\/strong><\/span><\/p>\n<p><strong>Nr, Nazwisko i imiona, Miejscowo\u015b\u0107 zamieszkania, Wiek<\/strong><\/p>\n<ol>\n<li>MACIEJEWSKI Robert, Zglech\u00f3w, 67<\/li>\n<li>CZEKANOWSKA-MIKICI\u0143SKA Barbara Teresa, Warszawa, 71<\/li>\n<li>BORUCH Janusz, Ostro\u0142\u0119ka, 65<\/li>\n<li>LESI\u0143SKA Hanna, Mak\u00f3w Mazowiecki, 59<\/li>\n<li>GARBARCZYK Martyna, Wyszk\u00f3w, 24<\/li>\n<li>DUMA J\u00f3zef Lech, Siedlce, 78<\/li>\n<li>GROCHOWSKI Wojciech Jan, Golice-Kolonia, 62<\/li>\n<li>P\u0118KUL Daria, Adelin, 21<\/li>\n<li>KAPUSTA Dominik, Warszawa, 23<\/li>\n<\/ol>\n<p><span style=\"color: #0000ff;\"><strong>Lista &#8211; KOALICYJNY KOMITET WYBORCZY TRZECIA DROGA POLSKA 2050 SZYMONA HO\u0141OWNI &#8211; POLSKIE STRONNICTWO LUDOWE<\/strong><\/span><\/p>\n<p><strong>Nr, Nazwisko i imiona, Miejscowo\u015b\u0107 zamieszkania, Wiek<\/strong><\/p>\n<ol>\n<li>ORZE\u0141OWSKA Janina Ewa, Siedlce, 56<\/li>\n<li>ZBYTEK Waldemar, \u0141adzy\u0144, 49<\/li>\n<li>KOWALCZYK Rafa\u0142 J\u00f3zef, W\u0105sewo, 47<\/li>\n<li>R\u00d3ZGA-MODRZEJEWSKA Marta Luiza, Mrozowa Wola, 50<\/li>\n<li>PASTERNAK Beata, G\u0142osk\u00f3w, 36<\/li>\n<li>GRZESZCZAK Miros\u0142aw, Garwolin, 55<\/li>\n<li>NALEWKA Kamil, Mi\u0144sk Mazowiecki, 38<\/li>\n<li>ULATOWSKI Maciej Czes\u0142aw, Warszawa, 47<\/li>\n<li>CZY\u017b Dorota, Ostro\u0142\u0119ka, 50<\/li>\n<li>PODBIELSKA Monika Agnieszka, Wierzbice G\u00f3rne, 49<\/li>\n<li>ABRAMCZYK El\u017cbieta, Myszyniec, 58<\/li>\n<\/ol>\n<p><span style=\"color: #0000ff;\"><strong>Lista &#8211; KOMITET WYBORCZY KOALICJA SAMORZ\u0104DOWA OK SAMORZ\u0104D<\/strong><\/span><\/p>\n<p><strong>Nr, Nazwisko i imiona, Miejscowo\u015b\u0107 zamieszkania, Wiek<\/strong><\/p>\n<ol>\n<li>MIKA Wojciech Zygmunt, Zwola Poduchowna, 44<\/li>\n<li>ZBOINA Janusz Adam, Miastk\u00f3w Ko\u015bcielny, 58<\/li>\n<li>KLIMEK El\u017cbieta, \u017belech\u00f3w, 45<\/li>\n<li>DZIUBAK Joanna, Ryczyska, 45<\/li>\n<li>PAPROCKI Mateusz Maciej, K\u0105ty, 21<\/li>\n<\/ol>\n<p><span style=\"color: #0000ff;\"><strong>Lista &#8211; KOMITET WYBORCZY NORMALNY KRAJ<\/strong><\/span><\/p>\n<p><strong>Nr, Nazwisko i imiona, Miejscowo\u015b\u0107 zamieszkania, Wiek<\/strong><\/p>\n<ol>\n<li>STASIAK Robert, \u017byr\u00f3w, 45<\/li>\n<li>HABIERA Adam, \u017byr\u00f3w, 49<\/li>\n<li>JANKOWSKA Aneta El\u017cbieta, Gr\u00f3jec, 47<\/li>\n<li>RUTKOWSKA Sylwia Julita, Gr\u00f3jec, 27<\/li>\n<li>B\u0104BIK Janusz Andrzej , Otwock, 74<\/li>\n<\/ol>\n<p><span style=\"color: #0000ff;\"><strong>Lista &#8211; KOMITET WYBORCZY PRAWO I SPRAWIEDLIWO\u015a\u0106<\/strong><\/span><\/p>\n<p><strong>Nr, Nazwisko i imiona, Miejscowo\u015b\u0107 zamieszkania, Wiek<\/strong><\/p>\n<ol>\n<li>KUDELSKI Wojciech J\u00f3zef, Siedlce, 75<\/li>\n<li>WARGOCKA Teresa Anna, Mi\u0144sk Mazowiecki, 68<\/li>\n<li>D\u0104BROWSKI Sylwester Wac\u0142aw, Targ\u00f3wka, 64<\/li>\n<li>KOTOWSKI Janusz J\u00f3zef, Ostro\u0142\u0119ka, 57<\/li>\n<li>\u017bOCHOWSKI Krzysztof Jan, S\u0142awiny, 59<\/li>\n<li>WINIARSKI Krzysztof, Ostr\u00f3w Mazowiecka, 59<\/li>\n<li>WO\u0179NIAK-SIONEK El\u017cbieta, Parys\u00f3w, 68<\/li>\n<li>GRABOWSKI Jerzy, Ostro\u0142\u0119ka, 66<\/li>\n<li>ROMA\u0143CZUK J\u00f3zef Jan, Gr\u00f3dek-Dw\u00f3r, 63<\/li>\n<li>IGNATOWICZ Anna Natasza, Pu\u0142tusk , 45<\/li>\n<li>KASZUBA Anna, Sok\u00f3\u0142ka, 39<\/li>\n<\/ol>\n<p><span style=\"color: #0000ff;\"><strong>Lista &#8211; KOMITET WYBORCZY RUCH NAPRAWY POLSKI<\/strong><\/span><\/p>\n<p><strong>Nr, Nazwisko i imiona, Miejscowo\u015b\u0107 zamieszkania, Wiek<\/strong><\/p>\n<ol>\n<li>LESZCZY\u0143SKI Wojciech Marcin, Szynkarzyzna, 66<\/li>\n<li>KRASIE\u0143KO Piotr, Kamionna, 51<\/li>\n<li>KONARZEWSKA Maria, Kaliska, 62<\/li>\n<li>DENIS Barbara, Barch\u00f3w, 69<\/li>\n<li>W\u0118GRZYN Emilia, Grzebowilk, 63<\/li>\n<li>BORK Pawe\u0142 Waldemar, Chrzanowo, 64<\/li>\n<li>MAJSTEREK Aneta, Sulej\u00f3wek, 33<\/li>\n<\/ol>\n<p><span style=\"color: #0000ff;\"><strong>Lista &#8211; KOMITET WYBORCZY SAMOOBRONA RZECZPOSPOLITEJ POLSKIEJ<\/strong><\/span><\/p>\n<p><strong>Nr, Nazwisko i imiona, Miejscowo\u015b\u0107 zamieszkania, Wiek<\/strong><\/p>\n<ol>\n<li>\u0141UGOWSKA El\u017cbieta Ewa, Siedlce, 56<\/li>\n<li>B\u0141O\u0143SKA Anna, Mordy, 40<\/li>\n<li>WOJEW\u00d3DZKA \u017baneta, Siedlce, 39<\/li>\n<li>CZARNOCKA Katarzyna Edyta, Lipiny, 34<\/li>\n<li>STEFA\u0143SKI Jerzy, \u0141ys\u00f3w, 53<\/li>\n<li>ZADRO\u017bNIAK Gra\u017cyna Janina, \u0141osice, 65<\/li>\n<li>PAW\u0141OWSKI Kamil, D\u0105browa, 32<\/li>\n<li>SOCHOCKI Jan, Warszawa, 75<\/li>\n<li>KRASNOD\u0118BSKI Dariusz Pawe\u0142, Grodzisk, 56<\/li>\n<\/ol>\n<p><span style=\"color: #0000ff;\"><strong>Lista &#8211; KOMITET WYBORCZY STOWARZYSZENIE \u201eBEZPARTYJNI SAMORZ\u0104DOWCY\u201d<\/strong><\/span><\/p>\n<p><strong>Nr, Nazwisko i imiona, Miejscowo\u015b\u0107 zamieszkania, Wiek<\/strong><\/p>\n<ol>\n<li>BARTYZEL Jacek W\u0142adys\u0142aw, Warszawa, 37<\/li>\n<li>KACZY\u0143SKA Renata Ma\u0142gorzata, Pruszk\u00f3w, 47<\/li>\n<li>SZTETNER Krzysztof Kacper, Warszawa, 44<\/li>\n<li>W\u0141ODARCZYK Marta, J\u00f3zef\u00f3w, 46<\/li>\n<li>JASTRZ\u0118BSKI Jakub Andrzej, Stanis\u0142aw\u00f3w Pierwszy, 27<\/li>\n<li>HUSIEW Barbara, Piast\u00f3w, 47<\/li>\n<li>JACHOWICZ-WR\u00d3BLEWSKI Jacek Artur, J\u00f3zef\u00f3w, 63<\/li>\n<li>KOZARZEWSKI Mateusz, Konstancin-Jeziorna, 31<\/li>\n<li>PERKOWSKA-MAGRYTA Dorota, Nadarzyn, 44<\/li>\n<\/ol>\n<p><span style=\"color: #0000ff;\"><strong>Lista &#8211; KOMITET WYBORCZY STOWARZYSZENIE OBYWATELE I SPRAWIEDLIWO\u015a\u0106<\/strong><\/span><\/p>\n<p><strong>Nr, Nazwisko i imiona, Miejscowo\u015b\u0107 zamieszkania, Wiek<\/strong><\/p>\n<ol>\n<li>KO\u015aNIK Robert, Myszyniec, 44<\/li>\n<li>MAJCHRZAK Anna Dorota, Warszawa, 49<\/li>\n<li>KORZY\u0143SKI Robert, Truskaw, 48<\/li>\n<li>KOZIERONEK Rados\u0142aw, Izabelin C, 41<\/li>\n<li>MAZURKIEWICZ Katarzyna, Radom 39<\/li>\n<\/ol>\n<p><span style=\"color: #0000ff;\"><strong>Lista &#8211; KOMITET WYBORCZY WYBORC\u00d3W KONFEDERACJA I BEZPARTYJNI SAMORZ\u0104DOWCY<\/strong><\/span><\/p>\n<p><strong>Nr, Nazwisko i imiona, Miejscowo\u015b\u0107 zamieszkania, Wiek<\/strong><\/p>\n<ol>\n<li>USI\u0104DEK Pawe\u0142, Stara Wie\u015b, 41<\/li>\n<li>MIKULAK Przemys\u0142aw, W\u00f3lka Rakowska, 31<\/li>\n<li>BOGUMI\u0141\u0141O El\u017cbieta Maria, Mi\u0144sk Mazowiecki, 64<\/li>\n<li>STARZY\u0143SKI Rafa\u0142 Rados\u0142aw, Garwolin, 48<\/li>\n<li>J\u00d3\u0179WIAK Artur, \u017belk\u00f3w-Kolonia, 45<\/li>\n<li>KRASNOD\u0118BSKI Piotr, Ludwin\u00f3w, 25<\/li>\n<li>MULAWA Justyna El\u017cbieta, Warszawa , 39<\/li>\n<li>KWIATEK Tomasz, Wo\u0142y\u0144ce-Kolonia, 35<\/li>\n<li>DOBOSZ Paulina, Ostr\u00f3wek, 27<\/li>\n<li>SITNIK Magdalena Maria, Garwolin, 40<\/li>\n<li>MARZOCH Mateusz Bo\u017cydar, Wincentowo, 30<\/li>\n<\/ol>\n<p><span style=\"color: #0000ff;\"><strong>Lista &#8211; KOMITET WYBORCZY ZWI\u0104ZKU S\u0141OWIA\u0143SKIEGO<\/strong><\/span><\/p>\n<p><strong>Nr, Nazwisko i imiona, Miejscowo\u015b\u0107 zamieszkania, Wiek<\/strong><\/p>\n<ol>\n<li>ROS\u0141ONIEC Natalia, Wyszk\u00f3w, 28<\/li>\n<li>BLOCH Oliwia Marta, Nowe Koz\u0142owo, 21<\/li>\n<li>S\u0118K Rafa\u0142, Wyszk\u00f3w, 30<\/li>\n<li>TOMCZUK Tomasz Pawe\u0142, Piaseczno, 43<\/li>\n<li>LACEK Przemys\u0142aw, Wola R\u0119bkowska, 33<\/li>\n<li>WOLFF Micha\u0142, Czerwonka-Parcel, 22<\/li>\n<li>WR\u00d3BLEWSKI Dariusz Tomasz, Warszawa, 59<\/li>\n<li>O\u015aWIT Stanis\u0142aw, Warszawa, 82<\/li>\n<li>PA\u0179 Angelika, G\u0142uchy, 27<\/li>\n<li>ZAR\u0118BA Ma\u0142gorzata Agnieszka, Jaszczu\u0142ty, 27<\/li>\n<\/ol>\n<p><span style=\"color: #ff0000;\"><strong>Okr\u0119g wyborczy nr 4 w wyborach do Rady Powiatu W\u0119growskiego<\/strong><\/span><\/p>\n<p><strong>Zasi\u0119g: Sadowne, Stoczek.<\/strong><\/p>\n<p><strong>Liczba mandat\u00f3w \u2013 3.<\/strong><\/p>\n<p><span style=\"color: #0000ff;\"><strong>Lista &#8211; KOMITET WYBORCZY PRAWO I SPRAWIEDLIWO\u015a\u0106<\/strong><\/span><\/p>\n<p><strong>Nr, Nazwisko i imiona, Miejscowo\u015b\u0107 zamieszkania, Wiek<\/strong><\/p>\n<ol>\n<li>RENIK Marek, Sadowne, 58<\/li>\n<li>GMUR Dariusz Grzegorz, \u017bulin, 52<\/li>\n<li>KORO\u015a Ma\u0142gorzata, Sadowne, 60<\/li>\n<li>KIE\u0141EK Kamil Marcin, Stoczek , 40<\/li>\n<li>S\u0141OWIK Monika, Grabowiec, 35<\/li>\n<\/ol>\n<p><span style=\"color: #0000ff;\"><strong>Lista &#8211; KOMITET WYBORCZY WYBORC\u00d3W TERAZ ZMIANA<\/strong><\/span><\/p>\n<p><strong>Nr, Nazwisko i imiona, Miejscowo\u015b\u0107 zamieszkania, Wiek<\/strong><\/p>\n<ol>\n<li>POP\u0141AWSKI Jaros\u0142aw Piotr, Zieleniec, 48<\/li>\n<li>BALA Zenon Jan, Stoczek, 67<\/li>\n<li>URBANKOWSKA Aleksandra Ma\u0142gorzata, Krupi\u0144skie, 39<\/li>\n<li>URBANKOWSKA Ewa Marta, Mrozowa Wola, 69<\/li>\n<\/ol>\n<p><span style=\"color: #0000ff;\"><strong>Lista &#8211; KOMITET WYBORCZY WYBORC\u00d3W WSP\u00d3LNA DROGA WWE<\/strong><\/span><\/p>\n<p><strong>Nr, Nazwisko i imiona, Miejscowo\u015b\u0107 zamieszkania, Wiek<\/strong><\/p>\n<p>1. ZY\u015aK Ma\u0142gorzata, Ko\u0142odzi\u0105\u017c, 59<\/p>\n<p>2. BOGUTA Hubert, Miednik, 42<\/p>\n<p>3. PI\u00d3RKOWSKA Ewa, Sojk\u00f3wek, 48<\/p>\n<p>4. SAMSEL Adam, Zalesie, 35<\/p>\n<p>5. W\u00d3JCIK Mieczys\u0142aw Stanis\u0142aw, Stoczek, 71<\/p>\n<p><span style=\"color: #ff0000;\"><strong>Okr\u0119gi wyborcze w wyborach do Rad Gmin<\/strong><\/span><\/p>\n<p><strong>Rada Gminy Sadowne<\/strong><\/p>\n<p><span style=\"color: #0000ff;\"><strong>Okr\u0119g wyborczy nr 1 w wyborach do Rady Gminy w Sadowne<\/strong><\/span><\/p>\n<p><strong>Zasi\u0119g &#8211; Sadowne ulice: Armii Krajowej, Ko\u015bciuszki od nr 1 do nr 59 nieparzyste i od nr 2 do nr 76A parzyste, Piekarska, Plac Ko\u015bcielny, Sosnowa, Stra\u017cacka, Targowa, Wiejska od nr 42 do ko\u0144ca.<\/strong><\/p>\n<p><strong>Liczba mandat\u00f3w -1.<\/strong><\/p>\n<p><strong>Nazwisko i imiona, Nazwa komitetu, Miejscowo\u015b\u0107 zamieszkania, Wiek<\/strong><\/p>\n<p>CH\u0104DZY\u0143SKI Jacek, KOMITET WYBORCZY PRAWO I SPRAWIEDLIWO\u015a\u0106, Sadowne, 48<\/p>\n<p>D\u0118BKOWSKA Irena, KOMITET WYBORCZY WYBORC\u00d3W WSP\u00d3LNA DROGA WWE , Sadowne, 75<\/p>\n<p><span style=\"color: #0000ff;\"><strong>Okr\u0119g wyborczy nr 2 w wyborach do Rady Gminy w Sadowne<\/strong><\/span><\/p>\n<p><strong>Zasi\u0119g &#8211; Sadowne ulice: Gaj, Kili\u0144skiego, \u0141ochowska, Mazowiecka, Partyzant\u00f3w, Wiejska od nr 1 do nr 41.<\/strong><\/p>\n<p><strong>Liczba mandat\u00f3w- 1.<\/strong><\/p>\n<p><strong>Nazwisko i imiona, Nazwa komitetu, Miejscowo\u015b\u0107 zamieszkania, Wiek<\/strong><\/p>\n<p>SYCH Krzysztof, KOMITET WYBORCZY WYBORC\u00d3W WSP\u00d3LNA DROGA WWE, Sadowne, 39<\/p>\n<p><span style=\"color: #0000ff;\"><strong>Okr\u0119g wyborczy nr 3 w wyborach do Rady Gminy w Sadowne<\/strong><\/span><\/p>\n<p><strong>Zasi\u0119g &#8211; Sadowne ulice: Bohater\u00f3w 1939 r. , Cicha, Drak, Grunwaldzka, b\u0142. ks. Edwarda Grzyma\u0142y, Ko\u015bciuszki od nr 61 do nr 81 numery nieparzyste i od nr 78 do nr 82 numery parzyste, Ku\u017anica, Le\u015bna, 11 Listopada, Polna, S\u0142oneczna, Kazimierza Stefanowicza, Prymasa Wyszy\u0144skiego.<\/strong><\/p>\n<p><strong>Liczba mandat\u00f3w \u2013 1.<\/strong><\/p>\n<p><strong>Nazwisko i imiona, Nazwa komitetu, Miejscowo\u015b\u0107 zamieszkania, Wiek<\/strong><\/p>\n<p>WRZOSEK Arkadiusz, KOMITET WYBORCZY PRAWO I SPRAWIEDLIWO\u015a\u0106, Sadowne, 44<\/p>\n<p>MIANOWICZ Dorota Alfreda, KOMITET WYBORCZY WYBORC\u00d3W WSP\u00d3LNA DROGA WWE, Sadowne, 47<\/p>\n<p><span style=\"color: #0000ff;\"><strong>Okr\u0119g wyborczy nr 4 w wyborach do Rady Gminy w Sadowne<\/strong><\/span><\/p>\n<p><strong>Zasi\u0119g: Krupi\u0144skie, Oci\u0119te.<\/strong><\/p>\n<p><strong>Liczba mandat\u00f3w \u2013 1.<\/strong><\/p>\n<p><strong>Nazwisko i imiona, Nazwa komitetu, Miejscowo\u015b\u0107 zamieszkania, Wiek<\/strong><\/p>\n<p>ZY\u015aK Jaros\u0142aw Krzysztof, KOMITET WYBORCZY PRAWO I SPRAWIEDLIWO\u015a\u0106, Oci\u0119te, 44<\/p>\n<p>OLKOWSKI Piotr Marek, KOMITET WYBORCZY WYBORC\u00d3W WSP\u00d3LNA DROGA WWE, Oci\u0119te, 49<\/p>\n<p><span style=\"color: #0000ff;\"><strong>Okr\u0119g wyborczy nr 5 w wyborach do Rady Gminy w Sadowne<\/strong><\/span><\/p>\n<p><strong>Zasi\u0119g: P\u0142atkownica.<\/strong><\/p>\n<p><strong>Liczba mandat\u00f3w \u2013 1.<\/strong><\/p>\n<p><strong>Nazwisko i imiona, Nazwa komitetu, Miejscowo\u015b\u0107 zamieszkania, Wiek<\/strong><\/p>\n<p>SZYMANIK Tomasz, KOMITET WYBORCZY WYBORC\u00d3W WSP\u00d3LNA DROGA WWE, P\u0142atkownica, 48<\/p>\n<p><span style=\"color: #0000ff;\"><strong>Okr\u0119g wyborczy nr 6 w wyborach do Rady Gminy w Sadowne<\/strong><\/span><\/p>\n<p><strong>Zasi\u0119g: So\u0142ectwa Kocielnik (Morzyczyn<\/strong><strong>\u2011W<\/strong><strong>\u0142\u00f3ki od nr 1 do nr 59), Sadole<\/strong><strong>\u015b.<\/strong><\/p>\n<p><strong>Liczba mandat\u00f3w \u2013 1.<\/strong><\/p>\n<p><strong>Nazwisko i imiona, Nazwa komitetu, Miejscowo\u015b\u0107 zamieszkania, Wiek<\/strong><\/p>\n<p>KIBART Janusz, KOMITET WYBORCZY WYBORC\u00d3W WSP\u00d3LNA DROGA WWE, Sadole\u015b, 69<\/p>\n<p><span style=\"color: #0000ff;\"><strong>Okr\u0119g wyborczy nr 7 w wyborach do Rady Gminy w Sadowne<\/strong><\/span><\/p>\n<p><strong>Zasi\u0119g: Sojk\u00f3wek, Wilczog\u0119by.<\/strong><\/p>\n<p><strong>Liczba mandat\u00f3w \u2013 1.<\/strong><\/p>\n<p><strong>Nazwisko i imiona, Nazwa komitetu, Miejscowo\u015b\u0107 zamieszkania, Wiek<\/strong><\/p>\n<p>GAJEWSKI Marek J\u00f3zef, KOMITET WYBORCZY PRAWO I SPRAWIEDLIWO\u015a\u0106, Sojk\u00f3wek, 64<\/p>\n<p>SZCZECHURA Adam Andrzej, KOMITET WYBORCZY WYBORC\u00d3W WSP\u00d3LNA DROGA WWE, Wilczog\u0119by, 44<\/p>\n<p><span style=\"color: #0000ff;\"><strong>Okr\u0119g wyborczy nr 8 w wyborach do Rady Gminy w Sadowne<\/strong><\/span><\/p>\n<p><strong>Zasi\u0119g: Zieleniec.<\/strong><\/p>\n<p><strong>Liczba mandat\u00f3w \u2013 1.<\/strong><\/p>\n<p><strong>Nazwisko i imiona, Nazwa komitetu, Miejscowo\u015b\u0107 zamieszkania, Wiek<\/strong><\/p>\n<p>KOPACZ Andrzej Marek, KOMITET WYBORCZY PRAWO I SPRAWIEDLIWO\u015a\u0106, Zieleniec, 56<\/p>\n<p>PI\u0104TEK Anna, KOMITET WYBORCZY WYBORC\u00d3W WSP\u00d3LNA DROGA WWE, Zieleniec, 46<\/p>\n<p><span style=\"color: #0000ff;\"><strong>Okr\u0119g wyborczy nr 9 w wyborach do Rady Gminy w Sadowne<\/strong><\/span><\/p>\n<p><strong>Zasi\u0119g: Grabiny, Szynkarzyzna.<\/strong><\/p>\n<p><strong>Liczba mandat\u00f3w \u2013 1.<\/strong><\/p>\n<p><strong>Nazwisko i imiona, Nazwa komitetu, Miejscowo\u015b\u0107 zamieszkania, Wiek<\/strong><\/p>\n<p>ROSI\u0143SKI Pawe\u0142, KOMITET WYBORCZY PRAWO I SPRAWIEDLIWO\u015a\u0106, Szynkarzyzna, 42<\/p>\n<p>BALA Urszula, KOMITET WYBORCZY WYBORC\u00d3W WSP\u00d3LNA DROGA WWE, Grabiny, 59<\/p>\n<p><span style=\"color: #0000ff;\"><strong>Okr\u0119g wyborczy nr 10 w wyborach do Rady Gminy w Sadowne<\/strong><\/span><\/p>\n<p><strong>Zasi\u0119g: Ra\u017cny, Zalesie, Zarzetka.<\/strong><\/p>\n<p><strong>Liczba mandat\u00f3w \u2013 1.<\/strong><\/p>\n<p><strong>Nazwisko i imiona, Nazwa komitetu, Miejscowo\u015b\u0107 zamieszkania, Wiek<\/strong><\/p>\n<p>PU\u015aCION Dariusz Marcin, KOMITET WYBORCZY PRAWO I SPRAWIEDLIWO\u015a\u0106, Ra\u017cny, 42<\/p>\n<p>WIELGAT Teresa Wac\u0142awa, KOMITET WYBORCZY WYBORC\u00d3W WSP\u00d3LNA DROGA WWE, Zalesie, 64<\/p>\n<p><span style=\"color: #0000ff;\"><strong>Okr\u0119g wyborczy nr 11 w wyborach do Rady Gminy w Sadowne<\/strong><\/span><\/p>\n<p><strong>Zasi\u0119g: Bojewo, Ko\u0142odzi\u0105\u017c, Ko\u0142odzi\u0105\u017c<\/strong><strong>\u2011Rybie.<\/strong><\/p>\n<p><strong>Liczba mandat\u00f3w \u2013 1.<\/strong><\/p>\n<p><strong>Nazwisko i imiona, Nazwa komitetu, Miejscowo\u015b\u0107 zamieszkania, Wiek<\/strong><\/p>\n<p>ROD\u0179 Bo\u017cena, KOMITET WYBORCZY WYBORC\u00d3W WSP\u00d3LNA DROGA WWE, Ko\u0142odzi\u0105\u017c, 53<\/p>\n<p><span style=\"color: #0000ff;\"><strong>Okr\u0119g wyborczy nr 12 w wyborach do Rady Gminy w Sadowne<\/strong><\/span><\/p>\n<p><strong>Zasi\u0119g: Sok\u00f3\u0142ka.<\/strong><\/p>\n<p><strong>Liczba mandat\u00f3w- 1.<\/strong><\/p>\n<p><strong>Nazwisko i imiona, Nazwa komitetu, Miejscowo\u015b\u0107 zamieszkania, Wiek<\/strong><\/p>\n<p>FILIPIAK Krzysztof, KOMITET WYBORCZY PRAWO I SPRAWIEDLIWO\u015a\u0106, Sok\u00f3\u0142ka, 49<\/p>\n<p>K\u0141\u00d3SEK Zbigniew J\u00f3zef, KOMITET WYBORCZY WYBORC\u00d3W WSP\u00d3LNA DROGA WWE, Sok\u00f3\u0142ka, 51<\/p>\n<p><span style=\"color: #0000ff;\"><strong>Okr\u0119g wyborczy nr 13 w wyborach do Rady Gminy w Sadowne<\/strong><\/span><\/p>\n<p><strong>Zasi\u0119g: Morzyczyn W\u0142o\u015bcia\u0144ski, Morzyczyn<\/strong><strong>\u2011W<\/strong><strong>\u0142\u00f3ki od nr 60 do ko<\/strong><strong>\u0144ca.<\/strong><\/p>\n<p><strong>Liczba mandat\u00f3w \u2013 1.<\/strong><\/p>\n<p><strong>Nazwisko i imiona, Nazwa komitetu, Miejscowo\u015b\u0107 zamieszkania, Wiek<\/strong><\/p>\n<p>DECYK Ryszard, KOMITET WYBORCZY PRAWO I SPRAWIEDLIWO\u015a\u0106, Morzyczyn W\u0142\u00f3ki, 59<\/p>\n<p>NIEGOWSKI Ryszard, KOMITET WYBORCZY WYBORC\u00d3W WSP\u00d3LNA DROGA WWE, Morzyczyn W\u0142\u00f3ki, 52<\/p>\n<p><span style=\"color: #0000ff;\"><strong>Okr\u0119g wyborczy nr 14 w wyborach do Rady Gminy w Sadowne<\/strong><\/span><\/p>\n<p><strong>Zasi\u0119g: Orze\u0142ek.<\/strong><\/p>\n<p><strong>Liczba mandat\u00f3w \u2013 1.<\/strong><\/p>\n<p><strong>Nazwisko i imiona, Nazwa komitetu, Miejscowo\u015b\u0107 zamieszkania, Wiek<\/strong><\/p>\n<p>ONI\u015aK Bo\u017cena, OMITET WYBORCZY PRAWO I SPRAWIEDLIWO\u015a\u0106, Orze\u0142ek, 59<\/p>\n<p>RYDZEWSKI S\u0142awomir Jan, KOMITET WYBORCZY WYBORC\u00d3W WSP\u00d3LNA DROGA WWE, Orze\u0142ek, 48<\/p>\n<p><span style=\"color: #0000ff;\"><strong>Okr\u0119g wyborczy nr 15 w wyborach do Rady Gminy w Sadowne<\/strong><\/span><\/p>\n<p><strong>Zasi\u0119g: Kolonia Z\u0142otki, Z\u0142otki.<\/strong><\/p>\n<p><strong>Liczba mandat\u00f3w \u2013 1.<\/strong><\/p>\n<p><strong>Nazwisko i imiona, Nazwa komitetu, Miejscowo\u015b\u0107 zamieszkania, Wiek<\/strong><\/p>\n<p>WYCECH Anna Wanda, KOMITET WYBORCZY WYBORC\u00d3W WSP\u00d3LNA DROGA WWE, Z\u0142otki, 60<\/p>\n<p><strong><span style=\"color: #ff0000;\">Wybory na w\u00f3jta gminy Sadowne<\/span><\/strong><\/p>\n<p><strong>Gminna Komisja Wyborcza w Sadownem zarejestrowa\u0142a tylko jednego kandydata na w\u00f3jta. Jest nim:<\/strong><\/p>\n<p>CYRAN Waldemar, lat 46, wykszta\u0142cenie wy\u017csze, nie nale\u017cy do partii politycznej, zam. P\u0142atkownica,<br \/>\nzg\u0142oszony przez KWW WSP\u00d3LNA DROGA WWE<\/p>\n<p>W przypadku jednego kandydata, na karcie do g\u0142osowania w wyborach na w\u00f3jta gminy Sadowne b\u0119dziemy musieli postawi\u0107 znak &#8222;X&#8221; w kratce &#8222;tak&#8221; lub &#8222;nie&#8221; przy nazwisku tego kandydata.<\/p>\n<p><strong>Zapoznajmy si\u0119 z wa\u017cnymi dokumentami:<\/strong><\/p>\n<ul>\n<li><span style=\"color: #0000ff;\"><strong><a style=\"color: #0000ff;\" href=\"http:\/\/info.sadowne.pl\/wp-content\/uploads\/2024\/03\/OBWIESZCZENIE_Gminnej_Komisji_Wyborczej_w_Sadownem_z_dnia_22_marca_2024_r._o_zarejestrowanych_kandydatach_na_wojta_w_wyborach_Wojta_Gminy_Sadowne_zarzadzonych_na_dzien_7_kwietnia_2024_r..pdf\" target=\"_blank\" rel=\"noopener\">http:\/\/info.sadowne.pl\/wp-content\/uploads\/2024\/03\/OBWIESZCZENIE_Gminnej_Komisji_Wyborczej_w_Sadownem_z_dnia_22_marca_2024_r._o_zarejestrowanych_kandydatach_na_wojta_w_wyborach_Wojta_Gminy_Sadowne_zarzadzonych_na_dzien_7_kwietnia_2024_r..pdf<\/a><\/strong><\/span><\/li>\n<li><span style=\"color: #0000ff;\"><strong><a style=\"color: #0000ff;\" href=\"http:\/\/info.sadowne.pl\/wp-content\/uploads\/2024\/03\/OBWIESZCZENIE_Gminnej_Komisji_Wyborczej_w_Sadownem_z_dnia_22_marca_2024_r._o_zarejestrowanych_listach_kandydatow_na_radnych_w_wyborach_do_Rady_Gminy_w_Sadowne_zarzadzonych_na_dzien_7_kwietnia_2024_r..pdf\" target=\"_blank\" rel=\"noopener\">http:\/\/info.sadowne.pl\/wp-content\/uploads\/2024\/03\/OBWIESZCZENIE_Gminnej_Komisji_Wyborczej_w_Sadownem_z_dnia_22_marca_2024_r._o_zarejestrowanych_listach_kandydatow_na_radnych_w_wyborach_do_Rady_Gminy_w_Sadowne_zarzadzonych_na_dzien_7_kwietnia_2024_r..pdf<\/a><\/strong><\/span><\/li>\n<li><span style=\"color: #0000ff;\"><strong><a style=\"color: #0000ff;\" href=\"http:\/\/info.sadowne.pl\/wp-content\/uploads\/2024\/03\/Informacja_o_skladach_Obwodowych_Komisji_Wyborczych_z_funkcjami.pdf\" target=\"_blank\" rel=\"noopener\">http:\/\/info.sadowne.pl\/wp-content\/uploads\/2024\/03\/Informacja_o_skladach_Obwodowych_Komisji_Wyborczych_z_funkcjami.pdf<\/a><\/strong><\/span><\/li>\n<\/ul>\n<p><strong>Tekst:<\/strong> S\u0142awek Chyli\u0144ski<\/p>\n<p><strong>\u0179r\u00f3d\u0142o:<\/strong> <a href=\"https:\/\/wybory.gov.pl\/samorzad2024\/pl\" target=\"_blank\" rel=\"noopener\">https:\/\/wybory.gov.pl\/samorzad2024\/pl<\/a><\/p>\n","protected":false},"excerpt":{"rendered":"<p>G\u0142osowanie w Wyborach Samorz\u0105dowych 2024 odb\u0119dzie si\u0119 7 kwietnia 2024 r. mi\u0119dzy godzin\u0105 7:00 a 21:00. W sobot\u0119 6 kwietnia obowi\u0105zuje cisza wyborcza!<\/p>\n","protected":false},"author":1,"featured_media":0,"comment_status":"closed","ping_status":"closed","sticky":false,"template":"","format":"standard","meta":{"footnotes":""},"categories":[5,41,1012],"tags":[1827,4095],"class_list":["post-28705","post","type-post","status-publish","format-standard","hentry","category-newsy","category-wiesci-gminne","category-wybory","tag-gmina-sadowne","tag-wybory-samorzadowe-2024"],"views":3627,"_links":{"self":[{"href":"https:\/\/info.sadowne.pl\/index.php?rest_route=\/wp\/v2\/posts\/28705","targetHints":{"allow":["GET"]}}],"collection":[{"href":"https:\/\/info.sadowne.pl\/index.php?rest_route=\/wp\/v2\/posts"}],"about":[{"href":"https:\/\/info.sadowne.pl\/index.php?rest_route=\/wp\/v2\/types\/post"}],"author":[{"embeddable":true,"href":"https:\/\/info.sadowne.pl\/index.php?rest_route=\/wp\/v2\/users\/1"}],"replies":[{"embeddable":true,"href":"https:\/\/info.sadowne.pl\/index.php?rest_route=%2Fwp%2Fv2%2Fcomments&post=28705"}],"version-history":[{"count":10,"href":"https:\/\/info.sadowne.pl\/index.php?rest_route=\/wp\/v2\/posts\/28705\/revisions"}],"predecessor-version":[{"id":28806,"href":"https:\/\/info.sadowne.pl\/index.php?rest_route=\/wp\/v2\/posts\/28705\/revisions\/28806"}],"wp:attachment":[{"href":"https:\/\/info.sadowne.pl\/index.php?rest_route=%2Fwp%2Fv2%2Fmedia&parent=28705"}],"wp:term":[{"taxonomy":"category","embeddable":true,"href":"https:\/\/info.sadowne.pl\/index.php?rest_route=%2Fwp%2Fv2%2Fcategories&post=28705"},{"taxonomy":"post_tag","embeddable":true,"href":"https:\/\/info.sadowne.pl\/index.php?rest_route=%2Fwp%2Fv2%2Ftags&post=28705"}],"curies":[{"name":"wp","href":"https:\/\/api.w.org\/{rel}","templated":true}]}}