{"id":28720,"date":"2024-03-17T19:55:10","date_gmt":"2024-03-17T18:55:10","guid":{"rendered":"http:\/\/info.sadowne.pl\/?p=28720"},"modified":"2024-03-17T19:55:10","modified_gmt":"2024-03-17T18:55:10","slug":"po-raz-drugi-w-sadownem","status":"publish","type":"post","link":"https:\/\/info.sadowne.pl\/?p=28720","title":{"rendered":"Po raz drugi w Sadownem"},"content":{"rendered":"<p><a href=\"http:\/\/info.sadowne.pl\/wp-content\/uploads\/2024\/03\/2024.03.17.1.jpg\" target=\"_blank\" rel=\"noopener\"><img loading=\"lazy\" decoding=\"async\" class=\"alignleft wp-image-28721 size-thumbnail\" src=\"http:\/\/info.sadowne.pl\/wp-content\/uploads\/2024\/03\/2024.03.17.1-180x130.jpg\" alt=\"\" width=\"180\" height=\"130\" \/><\/a><\/p>\n<p><strong>Wczesnym niedzielnym popo\u0142udniem 17 marca 2024 roku w sali Ochotniczej Stra\u017cy Po\u017carnej w Sadownem dla sadowie\u0144skiej publiczno\u015bci wyst\u0105pi\u0142a znana artystka p. Anna Sroka \u2013 Hry\u0144 z zespo\u0142em.<\/strong><!--more--><\/p>\n<p>Koncert odby\u0142 si\u0119 w ramach obchod\u00f3w 25-lecia Samorz\u0105du Wojew\u00f3dztwa Mazowieckiego, a jego Organizatorami byli: Samorz\u0105d Wojew\u00f3dztwa Mazowieckiego, Warszawska Opera Kameralna, Gmina Sadowne i Gminny O\u015brodek Kultury w Sadownem.<\/p>\n<p>Nasi mieszka\u0144cy ch\u0119tnie skorzystali z zaproszenia, kt\u00f3re w imieniu Organizator\u00f3w skierowa\u0142y do nich Panie: El\u017cbieta Lanc \u2013 cz\u0142onek Zarz\u0105du Wojew\u00f3dztwa Mazowieckiego i Alicja W\u0119gorzewska \u2013 dyrektor Warszawskiej Opery Kameralnej.<\/p>\n<p>Przed publiczno\u015bci\u0105 wyst\u0105pi\u0142a, po raz drugi u nas, wsp\u00f3\u0142pracuj\u0105ca z Warszawsk\u0105 Oper\u0105 Kameraln\u0105 p. Anna Sroka \u2013 Hry\u0144 z zespo\u0142em (pierwszy raz go\u015bcili\u015bmy p. Ani\u0119 3 wrze\u015bnia 2023 roku z koncertem pt. \u201eNie \u017cal mi\u201d, w kt\u00f3rym zaprezentowa\u0142a piosenki z repertuaru Edith Piaf). W dzisiejszym koncercie us\u0142yszeli\u015bmy natomiast piosenki XX-lecia mi\u0119dzywojennego.<\/p>\n<p><strong>P. Ania na swojej stronie internetowej opisuje swoj\u0105 dotychczasow\u0105 karier\u0119 sceniczn\u0105:<\/strong><\/p>\n<p><em>Artystka wszechstronna, aktorka, wokalistka i re\u017cyserka. Absolwentka, a obecnie wyk\u0142adowca, Akademii Teatralnej im. A. Zelwerowicza w Warszawie. Muzyka towarzyszy jej karierze artystycznej od samego pocz\u0105tku.<\/em><\/p>\n<p><em>Wyst\u0119powa\u0142a w spektaklach na najs\u0142ynniejszych scenach musicalowych w Polsce, tworz\u0105c wyj\u0105tkowe kreacje m.in. jako Edith Piaf w spektaklu \u201eEdith i Marlene\u201d w Mazowieckim Teatrze Muzycznym, Maureen Johnson w musicalu \u201eRent\u201d w Teatrze Rozrywki w Chorzowie, czy niezapomniana Donna Sheridan w musicalu wszechczas\u00f3w \u2013 \u201eMamma Mia\u201d \u2013 na deskach sto\u0142ecznego Teatru Muzycznego Roma, z kt\u00f3rym zwi\u0105zana jest do dzi\u015b. Wyst\u0119puje w spektaklu \u201cTuwim dla Doros\u0142ych\u201d oraz z w\u0142asnymi recitalami \u2013 cyklem koncert\u00f3w \u201cKobiety, Kobiety\u201d z piosenkami z repertuaru Ewy Demarczyk, Edith Piaf, Agnieszki Osieckiej oraz Vintage \u2013 z\u0142o\u017cony z piosenek mi\u0119dzywojennych. Od 2019 w Teatrze Polonia w monodramie \u201cCafe Luna\u201d na podstawie film\u00f3w Pedro Almodovara. Ostatnio na deskach Warszawskiej Opery Kameralnej w polskiej prapremierze \u201eCompany\u201d \u2013 musicalu Stephena Sondheima.<\/em><\/p>\n<p><em>Po\u0142\u0105czenie pasji do muzyki i aktorstwa wyr\u00f3\u017cnia si\u0119 r\u00f3wnie\u017c w spektaklach re\u017cyserowanych przez Ann\u0119 Srok\u0119 \u2013 Hry\u0144. Jako re\u017cyserka i autorka adaptacji stworzy\u0142a niezapomniany \u201ePrawiek i Inne Czasy\u201d \u2013 muzyczny spektakl wg prozy Olgi Tokarczuk oraz spektakle \u201eLunapark\u201d, \u201eA Planety Szalej\u0105\u2026\u201d oraz \u201eSprzedawcy Marze\u0144\u201d, kt\u00f3re trafi\u0142y do regularnych repertuar\u00f3w sto\u0142ecznych teatr\u00f3w. Ostatnim niekwestionowanych sukcesem re\u017cyserskim jest \u201eZ R\u0119ka na Gardle\u201d z piosenkami Ewy Demarczyk w Teatrze Wsp\u00f3\u0142czesnym w Warszawie.<\/em><\/p>\n<p>W 2022 roku wyda\u0142a pierwszy album fonograficzny \u201eNajpi\u0119kniejsza\u201d z utworami Agnieszki Osieckiej. Drugi album &#8222;Ulica, kt\u00f3r\u0105 p\u0142yn\u0105 moje obie d\u0142onie&#8221; z piosenkami Ewy Demarczyk w jej interpretacji zosta\u0142 wydany w 2023 roku (albumy mo\u017cna by\u0142o naby\u0107 bezpo\u015brednio po koncercie, oczywi\u015bcie z autografem wokalistki).<\/p>\n<p>Dzisiejszy koncert zapowiedzieli i powitali publiczno\u015b\u0107 przedstawiciele Organizator\u00f3w: p. Danuta Bodzek \u2013 wicedyrektor Warszawskiej Opery Kameralnej, Marsza\u0142ek Wojew\u00f3dztwa Mazowieckiego p. El\u017cbieta Lanc i W\u00f3jt Gminy Sadowne p. Waldemar Cyran, po czym odby\u0142 si\u0119 koncert \u2013 oczywi\u015bcie, jak podczas poprzedniego koncertu, us\u0142yszeli\u015bmy \u015bwietne wykonanie wokalne z opraw\u0105 muzyczn\u0105 znanych i lubianych piosenek, tym razem z okresu mi\u0119dzywojennego.<\/p>\n<p>W imieniu uczestnik\u00f3w muzycznego spotkania przekazuj\u0119 wielkie podzi\u0119kowania dla p. Anny Sroki \u2013 Hry\u0144 i zespo\u0142u za przepi\u0119kny wyst\u0119p, a pomys\u0142odawcom i organizatorom koncertu za pami\u0119\u0107 o sadowie\u0144skich melomanach.<\/p>\n<p><span style=\"color: #0000ff;\"><a style=\"color: #0000ff;\" href=\"https:\/\/photos.app.goo.gl\/jvZKTfK7v5vcUUR48\" target=\"_blank\" rel=\"noopener\"><strong>Zdj\u0119cia w galerii Google&gt;&gt;&gt;<\/strong><\/a><\/span><\/p>\n<p><span style=\"color: #0000ff;\"><a style=\"color: #0000ff;\" href=\"https:\/\/www.facebook.com\/infosadowne\/videos\/714848737519120\" target=\"_blank\" rel=\"noopener\"><strong>Zobacz te\u017c film&gt;&gt;&gt;<\/strong><\/a><\/span><\/p>\n<p><strong>Tekst\/foto:<\/strong> S\u0142awek Chyli\u0144ski<\/p>\n<p><strong>\u0179r\u00f3d\u0142o:<\/strong> <a href=\"https:\/\/annasrokahryn.pl\/o-mnie\/\" target=\"_blank\" rel=\"noopener\">https:\/\/annasrokahryn.pl\/o-mnie\/<\/a><\/p>\n","protected":false},"excerpt":{"rendered":"<p>Wczesnym niedzielnym popo\u0142udniem 17 marca 2024 roku w sali Ochotniczej Stra\u017cy Po\u017carnej w Sadownem dla sadowie\u0144skiej publiczno\u015bci wyst\u0105pi\u0142a znana artystka p. Anna Sroka \u2013 Hry\u0144 z zespo\u0142em.<\/p>\n","protected":false},"author":1,"featured_media":0,"comment_status":"closed","ping_status":"closed","sticky":false,"template":"","format":"standard","meta":{"footnotes":""},"categories":[5,91,6],"tags":[4105,4089,1030,591,4104,1033],"class_list":["post-28720","post","type-post","status-publish","format-standard","hentry","category-newsy","category-gminny-osrodek-kultury","category-kultura-rozrywka-edukacja","tag-25-lat-samorzadu-wojewodzkiego","tag-anna-sroka-hryn","tag-elzbieta-lanc","tag-ewa-piorkowska","tag-koncert-anny-sroki-hryn","tag-waldemar-cyran"],"views":1875,"_links":{"self":[{"href":"https:\/\/info.sadowne.pl\/index.php?rest_route=\/wp\/v2\/posts\/28720","targetHints":{"allow":["GET"]}}],"collection":[{"href":"https:\/\/info.sadowne.pl\/index.php?rest_route=\/wp\/v2\/posts"}],"about":[{"href":"https:\/\/info.sadowne.pl\/index.php?rest_route=\/wp\/v2\/types\/post"}],"author":[{"embeddable":true,"href":"https:\/\/info.sadowne.pl\/index.php?rest_route=\/wp\/v2\/users\/1"}],"replies":[{"embeddable":true,"href":"https:\/\/info.sadowne.pl\/index.php?rest_route=%2Fwp%2Fv2%2Fcomments&post=28720"}],"version-history":[{"count":1,"href":"https:\/\/info.sadowne.pl\/index.php?rest_route=\/wp\/v2\/posts\/28720\/revisions"}],"predecessor-version":[{"id":28722,"href":"https:\/\/info.sadowne.pl\/index.php?rest_route=\/wp\/v2\/posts\/28720\/revisions\/28722"}],"wp:attachment":[{"href":"https:\/\/info.sadowne.pl\/index.php?rest_route=%2Fwp%2Fv2%2Fmedia&parent=28720"}],"wp:term":[{"taxonomy":"category","embeddable":true,"href":"https:\/\/info.sadowne.pl\/index.php?rest_route=%2Fwp%2Fv2%2Fcategories&post=28720"},{"taxonomy":"post_tag","embeddable":true,"href":"https:\/\/info.sadowne.pl\/index.php?rest_route=%2Fwp%2Fv2%2Ftags&post=28720"}],"curies":[{"name":"wp","href":"https:\/\/api.w.org\/{rel}","templated":true}]}}