{"id":28732,"date":"2024-03-21T19:38:46","date_gmt":"2024-03-21T18:38:46","guid":{"rendered":"http:\/\/info.sadowne.pl\/?p=28732"},"modified":"2024-04-17T16:42:22","modified_gmt":"2024-04-17T14:42:22","slug":"w-tym-roku-razny-obchodza-swoje-600-lecie","status":"publish","type":"post","link":"https:\/\/info.sadowne.pl\/?p=28732","title":{"rendered":"W tym roku Ra\u017cny obchodz\u0105 swoje 600-lecie!"},"content":{"rendered":"<p><strong><a href=\"http:\/\/info.sadowne.pl\/wp-content\/uploads\/2024\/03\/2024.03.21.2.jpg\"><img loading=\"lazy\" decoding=\"async\" class=\"alignleft size-thumbnail wp-image-28733\" src=\"http:\/\/info.sadowne.pl\/wp-content\/uploads\/2024\/03\/2024.03.21.2-180x130.jpg\" alt=\"\" width=\"180\" height=\"130\" \/><\/a>\u015awi\u0119towanie czas zacz\u0105\u0107, ale\u2026 najpierw Akcja Czysta Rzeka pn. Bug i Ra\u017cny &#8211; splecione losy \/ 600 lat Ra\u017cen.<\/strong><!--more--><\/p>\n<p>Jak informuje liderka akcji p. Magdalena Gromek &#8211; <em>Akcja Czysta Rzeka, w tym przypadku chodzi o rzek\u0119 Bug, nawi\u0105zuje do obchod\u00f3w 600-lecia Ra\u017cen. Bo od rzeki si\u0119 zacz\u0119\u0142o. W tym miejscu przeprawa na drug\u0105 stron\u0119 Buga by\u0142a do\u015b\u0107 \u0142agodna i bezpieczna &#8211; by\u0142o &#8222;ra\u017anie&#8221;. By\u0142y domy, karczmy, port. Ra\u017cny by\u0142y silnie zwi\u0105zane z miejscowo\u015bci\u0105 po drugiej stronie rzeki &#8211; Udrzynem (kt\u00f3ry liczy ju\u017c ponad 800 lat!). Lata \u015bwietno\u015bci Ra\u017cen min\u0119\u0142y. Dzi\u015b ta cicha miejscowo\u015b\u0107 jest bogata w pi\u0119kn\u0105 przyrod\u0119 (to kluczowa ostoja gin\u0105cego ptaka &#8211; kulika wielkiego). Niestety, bogata te\u017c jest w odpady&#8230; Dolina Bugu to nasz dom. A \u015bwi\u0119towanie w stosie \u015bmieci to nic przyjemnego. Zapraszamy do sprz\u0105tania i \u015bwi\u0119towania razem z nami!<\/em><\/p>\n<p>W ramach Akcji Czysta Rzeka zaplanowano posprz\u0105tanie brzegu rzeki Bug w okolicach Ra\u017cen, a do tego potrzeba oczywi\u015bcie jak najwi\u0119cej wolontariuszy. Akcja odb\u0119dzie si\u0119 6 kwietnia 2024 roku i jest nawi\u0105zaniem do obchod\u00f3w 600-lecia miejscowo\u015bci Ra\u017cny.<\/p>\n<p><strong>Wszystkich zainteresowanych udzia\u0142em w Akcji zapraszamy do rejestracji na stronie <\/strong><span style=\"color: #0000ff;\"><a style=\"color: #0000ff;\" href=\"https:\/\/system.operacjarzeka.pl\/?actionSlug=bug-i-razny-splecione-losy-600-lat-razen&amp;actionId=1608\" target=\"_blank\" rel=\"noopener\"><strong>https:\/\/system.operacjarzeka.pl\/?actionSlug=bug-i-razny-splecione-losy-600-lat-razen&amp;actionId=1608<\/strong><\/a><\/span><strong>.<\/strong><\/p>\n<p><a href=\"http:\/\/info.sadowne.pl\/wp-content\/uploads\/2024\/03\/2024.03.21.2.jpg\"><img loading=\"lazy\" decoding=\"async\" class=\"aligncenter size-full wp-image-28733\" src=\"http:\/\/info.sadowne.pl\/wp-content\/uploads\/2024\/03\/2024.03.21.2.jpg\" alt=\"\" width=\"605\" height=\"377\" srcset=\"https:\/\/info.sadowne.pl\/wp-content\/uploads\/2024\/03\/2024.03.21.2.jpg 605w, https:\/\/info.sadowne.pl\/wp-content\/uploads\/2024\/03\/2024.03.21.2-300x187.jpg 300w\" sizes=\"auto, (max-width: 605px) 100vw, 605px\" \/><\/a><\/p>\n<p><strong>Tekst:<\/strong> S\u0142awek Chyli\u0144ski<\/p>\n<p><strong>\u0179r\u00f3d\u0142o:<\/strong> https:\/\/system.operacjarzeka.pl\/?actionSlug=bug-i-razny-splecione-losy-600-lat-razen&amp;actionId=1608<\/p>\n","protected":false},"excerpt":{"rendered":"<p>\u015awi\u0119towanie czas zacz\u0105\u0107, ale\u2026 najpierw Akcja Czysta Rzeka pn. Bug i Ra\u017cny &#8211; splecione losy \/ 600 lat Ra\u017cen.<\/p>\n","protected":false},"author":1,"featured_media":0,"comment_status":"closed","ping_status":"closed","sticky":false,"template":"","format":"standard","meta":{"footnotes":""},"categories":[5,1,4125,3958],"tags":[4110,4111,3988,2622],"class_list":["post-28732","post","type-post","status-publish","format-standard","hentry","category-newsy","category-inne","category-ekologia","category-przyroda","tag-600-lecie-razen","tag-akcja-czysta-rzeka","tag-magdalena-gromek-kowalczyk","tag-razny"],"views":1939,"_links":{"self":[{"href":"https:\/\/info.sadowne.pl\/index.php?rest_route=\/wp\/v2\/posts\/28732","targetHints":{"allow":["GET"]}}],"collection":[{"href":"https:\/\/info.sadowne.pl\/index.php?rest_route=\/wp\/v2\/posts"}],"about":[{"href":"https:\/\/info.sadowne.pl\/index.php?rest_route=\/wp\/v2\/types\/post"}],"author":[{"embeddable":true,"href":"https:\/\/info.sadowne.pl\/index.php?rest_route=\/wp\/v2\/users\/1"}],"replies":[{"embeddable":true,"href":"https:\/\/info.sadowne.pl\/index.php?rest_route=%2Fwp%2Fv2%2Fcomments&post=28732"}],"version-history":[{"count":4,"href":"https:\/\/info.sadowne.pl\/index.php?rest_route=\/wp\/v2\/posts\/28732\/revisions"}],"predecessor-version":[{"id":28737,"href":"https:\/\/info.sadowne.pl\/index.php?rest_route=\/wp\/v2\/posts\/28732\/revisions\/28737"}],"wp:attachment":[{"href":"https:\/\/info.sadowne.pl\/index.php?rest_route=%2Fwp%2Fv2%2Fmedia&parent=28732"}],"wp:term":[{"taxonomy":"category","embeddable":true,"href":"https:\/\/info.sadowne.pl\/index.php?rest_route=%2Fwp%2Fv2%2Fcategories&post=28732"},{"taxonomy":"post_tag","embeddable":true,"href":"https:\/\/info.sadowne.pl\/index.php?rest_route=%2Fwp%2Fv2%2Ftags&post=28732"}],"curies":[{"name":"wp","href":"https:\/\/api.w.org\/{rel}","templated":true}]}}