{"id":28761,"date":"2024-03-26T18:14:35","date_gmt":"2024-03-26T17:14:35","guid":{"rendered":"http:\/\/info.sadowne.pl\/?p=28761"},"modified":"2024-03-26T19:20:56","modified_gmt":"2024-03-26T18:20:56","slug":"konkurs-wielkanocny-w-zsp-sadowne","status":"publish","type":"post","link":"https:\/\/info.sadowne.pl\/?p=28761","title":{"rendered":"Konkurs Wielkanocny w ZSP Sadowne"},"content":{"rendered":"<p><a href=\"http:\/\/info.sadowne.pl\/wp-content\/uploads\/2024\/03\/2024.03.26.1.jpg\" target=\"_blank\" rel=\"noopener\"><img loading=\"lazy\" decoding=\"async\" class=\"alignleft wp-image-28762 size-thumbnail\" src=\"http:\/\/info.sadowne.pl\/wp-content\/uploads\/2024\/03\/2024.03.26.1-180x130.jpg\" alt=\"\" width=\"180\" height=\"130\" \/><\/a><\/p>\n<p><strong>Wkr\u00f3tce \u015awi\u0119ta Wielkanocne. S\u0105 one okazj\u0105 do przypomnienia przepis\u00f3w na \u015bwi\u0105teczne ciasta i pokazanie propozycji nakry\u0107 sto\u0142u \u2013 taki by\u0142 cel Szkolnego Konkursu Wielkanocnego w Sadownem.<\/strong><!--more--><\/p>\n<p>26 marca 2024 r. w Zespole Szk\u00f3\u0142 Ponadpodstawowych w Sadownem odby\u0142 si\u0119 Szkolny Konkurs Wielkanocny. Jego celem by\u0142o zaprezentowanie tradycyjnych ciast kojarz\u0105cych si\u0119 z Wielkanoc\u0105 oraz wystroju sto\u0142\u00f3w, na kt\u00f3rych znajd\u0105 si\u0119 nasze \u015bwi\u0105teczne potrawy. Prezentacje przygotowano w formie konkursowej w kategoriach: \u201eNakrycie sto\u0142\u00f3w z okazji \u015awi\u0105t Wielkanocnych\u201d oraz \u201eCiasta wielkanocne\u201d.<\/p>\n<p><em>&#8211; Mam przyjemno\u015b\u0107 powita\u0107 Pa\u0144stwa na pi\u0105tym Szkolnym Konkursie Wielkanocnym &#8211; <\/em>\u00a0w szkolnej sali gimnastycznej przyby\u0142ych go\u015bci powita\u0142 Dyrektor ZSP w Sadownem p. S\u0142awomir Ryszawa. P. Dyrektor przypomnia\u0142, i\u017c pomys\u0142odawczyniami i organizatorkami tego Konkursu by\u0142y nauczycielki z sadowie\u0144skiego Technikum \u017bywienia i Us\u0142ug Gastronomicznych pp.: El\u017cbieta Rukat, Maria Dobies i Magdalena Figo\u0144 (tak jest do dzi\u015b) i kr\u00f3tko om\u00f3wi\u0142 histori\u0119 konkurs\u00f3w kulinarnych w swojej szkole.<\/p>\n<p>W imieniu organizator\u00f3w Konkursu g\u0142os zabra\u0142a p. Maria Dobies, kt\u00f3ra wst\u0119pnie przedstawi\u0142a zasady konkursowe i spos\u00f3b oceny ich uczestnik\u00f3w. W sk\u0142ad Komisji Konkursowej weszli wszyscy przybyli go\u015bcie pp.: Ewa Besztak \u2013 Starosta W\u0119growski, Marek Renik \u2013 Wicestarosta W\u0119growski, Anna Kaszuba \u2013 przyjaciel szko\u0142y i sponsor nagr\u00f3d w Konkursie, ks. proboszcz Antoni Kunicki, ks. kanonik Stanis\u0142aw Wojciechowski, Robert Go\u0142aszewski &#8211; Burmistrz \u0141ochowa, Ma\u0142gorzata \u0141otarska &#8211; Zast\u0119pca Burmistrza \u0141ochowa, Agnieszka Ludwin \u2013 Dyrektor ZSP w \u0141ochowie, Monika S\u0142owik \u2013 Wicedyrektor ZSP w \u0141ochowie, Adam Mioduszewski \u2013 Dyrektor SP Nr 3 w \u0141ochowie, Agata S\u0119dek \u2013 Dyrektor Przedszkola w Sadownem i Karolina G\u00f3recka \u2013 redaktor TVP3.<\/p>\n<p>Cz\u0142onkowie Komisji Konkursowej niezw\u0142ocznie przyst\u0105pili do oceny oznaczonych numerami aran\u017cacji sto\u0142\u00f3w i \u015bwi\u0105tecznych ciast. Wyb\u00f3r by\u0142 trudny, gdy\u017c wg oceniaj\u0105cych wszyscy uczestnicy konkurs\u00f3w zas\u0142ugiwali na wyr\u00f3\u017cnienie, ale oczywi\u015bcie nale\u017ca\u0142o wskaza\u0107 najlepszych.<\/p>\n<p>Podczas liczenia g\u0142os\u00f3w w kategoriach konkursowych sal\u0119 gimnastyczn\u0105 zape\u0142nili uczniowie i nauczyciele Zespo\u0142u Szk\u00f3\u0142 Ponadpodstawowych, kt\u00f3rych powita\u0142 oficjalnie p. Dyrektor ZSP, a tak\u017ce swoje wyst\u0105pienia skierowali do nich: p. Ewa Besztak \u2013 Starosta W\u0119growski, p. Marek Renik \u2013 Wicestarosta W\u0119growski i ks. Antoni Kunicki \u2013 Proboszcz Parafii Sadowne.<\/p>\n<p>Nast\u0119pnie og\u0142oszono oficjalne wyniki \u2013 oczywi\u015bcie wszyscy zas\u0142uguj\u0105 na nagrody, ale regulamin \u201erzecz \u015bwi\u0119ta\u201d:<\/p>\n<p><strong>W Konkursie \u201eNakrycie sto\u0142\u00f3w z okazji \u015awi\u0105t Wielkanocnych\u201d wzi\u0119li udzia\u0142:<\/strong><\/p>\n<p><em><strong>Nr sto\u0142u\/uczestnik<\/strong><\/em><\/p>\n<ol>\n<li>Dominika Pacuszka i Natalia Trojanowska<\/li>\n<li>Aleksandra Ga\u0142\u0105zka i Aleksandra Kowalczyk<\/li>\n<li>Anna D\u0119bkowska i Natalia Wis\u0142owska<\/li>\n<li>Weronika Jarz\u0105bek i Alicja Sobolewska<\/li>\n<li>Weronika G\u00f3ral i Katarzyna Kraszewska<\/li>\n<li>Kacper Ma\u0142olepszy i Bartosz Sk\u0142adanek<\/li>\n<li>Karolina Ko\u015bciesza i Karolina Ka\u0142uska<\/li>\n<li>Magdalena Ojdana i Aleksandra Cymer<\/li>\n<li>Amelia Laszczka i Natalia Gajewska<\/li>\n<li>Dominika Fr\u0105ckiewicz i Anna Borowska<\/li>\n<li>Patrycja Derna\u0142owicz i Marek Kami\u0144ski<\/li>\n<li>Kamila \u015alusarz i Julia Wierzba<\/li>\n<li>Natalia Rolek i Oliwia D\u0105browska<\/li>\n<\/ol>\n<p><strong>Wyniki Konkursu:<\/strong><\/p>\n<p>\u2013 I miejsce \u2013 Weronika Jarz\u0105bek i Alicja Sobolewska \u2013 stolik nr 4<\/p>\n<p>\u2013 II miejsce \u2013 Aleksandra Ga\u0142\u0105zka i Aleksandra Kowalczyk \u2013 stolik nr 2<\/p>\n<p>\u2013 III miejsce \u2013 Weronika G\u00f3ral i Katarzyna Kraszewska \u2013 stolik nr 5<\/p>\n<p>Wyr\u00f3\u017cnienia:<\/p>\n<p>&#8211; Magdalena Ojdana i Aleksandra Cymer \u2013 stolik nr 8<\/p>\n<p>&#8211; Amelia Laszczka i Natalia Gajewska \u2013 stolik nr 9<\/p>\n<p><strong>W Konkursie \u201eCiasta Wielkanocne\u201d<\/strong><\/p>\n<p><em><strong>Nr potrawy\/uczestnik<\/strong><\/em><\/p>\n<ol>\n<li>Oliwia Wycech<\/li>\n<li>Zofia Rydzewska<\/li>\n<li>Katarzyna Bujalska<\/li>\n<li>Aleksandra Akonom<\/li>\n<li>Kamil Gerek<\/li>\n<li>Piotr Wojcianowski<\/li>\n<li>Daria W\u00f3jcik<\/li>\n<li>Alicja Sobolewska<\/li>\n<li>Martyna Dybka<\/li>\n<li>Oliwia K\u0119dzierska<\/li>\n<li>Szymon Armusiewicz<\/li>\n<li>Sebastian Osemka<\/li>\n<li>Zofia So\u0142tysiak<\/li>\n<li>Julia Gier\u0142owska<\/li>\n<li>Sylwia Wikie\u0142<\/li>\n<li>Mateusz Roskosz<\/li>\n<li>Justyna Wycech<\/li>\n<li>Jakub Biernat<\/li>\n<li>Kinga Szczechura<\/li>\n<li>Karolina Lipi\u0144ska<\/li>\n<li>Kamila \u015alusarz<\/li>\n<li>Sylwia Urbankowska<\/li>\n<li>Diana \u015alusarz<\/li>\n<li>Ewelina Olton<\/li>\n<li>Oliwia D\u0105browska<\/li>\n<\/ol>\n<p><strong>Wyniki Konkursu:<\/strong><\/p>\n<p>\u2013 I miejsce \u2013 Jakub Biernat, potrawa nr 21<\/p>\n<p>\u2013 II miejsce \u2013 Kamila \u015alusarz, potrawa nr 24<\/p>\n<p>\u2013 III miejsce \u2013 Ewelina Olton, potrawa nr 27<\/p>\n<p>Wyr\u00f3\u017cnienia:<\/p>\n<p>&#8211; Zofia Rydzewska, potrawa nr 2<\/p>\n<p>&#8211; Alicja Sobolewska, potrawa nr 8<\/p>\n<p>Zwyci\u0119zcy konkurs\u00f3w otrzymali dyplomy i drobne upominki (pozostali dyplomy za uczestnictwo) z r\u0105k przedstawicieli Komisji Konkursowej: p. Ewy Besztak, p. Marka Renika, p. Anny Kaszuby oraz organizator\u00f3w Konkursu: p. S\u0142awomira Ryszawy, p. Marii Dobies.<\/p>\n<p>Konkurs Wielkanocny jest bardzo dobrym pomys\u0142em na przypomnienie i utrwalenie tradycji \u015bwi\u0105tecznych, a tak\u017ce zaprezentowanie ich w najatrakcyjniejszej formie. To tak\u017ce dobra forma sprawdzenia w praktyce nabytych ju\u017c umiej\u0119tno\u015bci przez uczni\u00f3w Technikum \u017bywienia i Us\u0142ug Gastronomicznych (i nie tylko), a &#8211; jak stwierdzili w swoich wypowiedziach cz\u0142onkowie Komisji Konkursowej \u2013 umiej\u0119tno\u015bci te zas\u0142uguj\u0105 na jak najlepsz\u0105 ocen\u0119, g\u0142\u00f3wnie dzi\u0119ki w\u0142a\u015bciwie przekazywanej wiedzy przez wykwalifikowan\u0105 i prezentuj\u0105c\u0105 wysoki poziom kadr\u0119 pedagogiczn\u0105 sadowie\u0144skiego Technikum.<\/p>\n<p>Wg organizator\u00f3w, na szczeg\u00f3lne s\u0142owa uznania zas\u0142u\u017cyli sponsorzy Konkursu: Starostwo Powiatowe w W\u0119growie z p. Ew\u0105 Besztak i p. Markiem Renikiem na czele, p. Anna Kaszuba i INTERCHEMALL Zesp\u00f3\u0142 M\u0142yn\u00f3w Jelonki Sp. z o.o. Organizatorzy Konkursu nie zapomnieli o specjalnych podzi\u0119kowaniach dla nich.<\/p>\n<p>Spotkanie zako\u0144czy\u0142o si\u0119 w mi\u0142ej atmosferze i \u017cyczeniami udanych oraz spokojnych \u015awi\u0105t Wielkanocnych, a tak\u017ce degustacj\u0105 ciast wielkanocnych.<\/p>\n<p><span style=\"color: #0000ff;\"><a style=\"color: #0000ff;\" href=\"https:\/\/photos.app.goo.gl\/E95fy95oCL1ENZC86\" target=\"_blank\" rel=\"noopener\"><strong>Zdj\u0119cia w Galerii Google&gt;&gt;&gt;<\/strong><\/a><\/span><\/p>\n<p><strong>Tekst\/foto:<\/strong> S\u0142awek Chyli\u0144ski<\/p>\n","protected":false},"excerpt":{"rendered":"<p>Wkr\u00f3tce \u015awi\u0119ta Wielkanocne. S\u0105 one okazj\u0105 do przypomnienia przepis\u00f3w na \u015bwi\u0105teczne ciasta i pokazanie propozycji nakry\u0107 sto\u0142u \u2013 taki by\u0142 cel Szkolnego Konkursu Wielkanocnego w Sadownem.<\/p>\n","protected":false},"author":1,"featured_media":0,"comment_status":"closed","ping_status":"closed","sticky":false,"template":"","format":"standard","meta":{"footnotes":""},"categories":[5,1752,85],"tags":[3947,176,3197],"class_list":["post-28761","post","type-post","status-publish","format-standard","hentry","category-newsy","category-edukacja","category-zsp","tag-szkolny-konkurs-wielkanocny-w-zsp-sadowne","tag-wielkanoc","tag-zespol-szkol-ponadpodstawowych-w-sadownem"],"views":2069,"_links":{"self":[{"href":"https:\/\/info.sadowne.pl\/index.php?rest_route=\/wp\/v2\/posts\/28761","targetHints":{"allow":["GET"]}}],"collection":[{"href":"https:\/\/info.sadowne.pl\/index.php?rest_route=\/wp\/v2\/posts"}],"about":[{"href":"https:\/\/info.sadowne.pl\/index.php?rest_route=\/wp\/v2\/types\/post"}],"author":[{"embeddable":true,"href":"https:\/\/info.sadowne.pl\/index.php?rest_route=\/wp\/v2\/users\/1"}],"replies":[{"embeddable":true,"href":"https:\/\/info.sadowne.pl\/index.php?rest_route=%2Fwp%2Fv2%2Fcomments&post=28761"}],"version-history":[{"count":2,"href":"https:\/\/info.sadowne.pl\/index.php?rest_route=\/wp\/v2\/posts\/28761\/revisions"}],"predecessor-version":[{"id":28764,"href":"https:\/\/info.sadowne.pl\/index.php?rest_route=\/wp\/v2\/posts\/28761\/revisions\/28764"}],"wp:attachment":[{"href":"https:\/\/info.sadowne.pl\/index.php?rest_route=%2Fwp%2Fv2%2Fmedia&parent=28761"}],"wp:term":[{"taxonomy":"category","embeddable":true,"href":"https:\/\/info.sadowne.pl\/index.php?rest_route=%2Fwp%2Fv2%2Fcategories&post=28761"},{"taxonomy":"post_tag","embeddable":true,"href":"https:\/\/info.sadowne.pl\/index.php?rest_route=%2Fwp%2Fv2%2Ftags&post=28761"}],"curies":[{"name":"wp","href":"https:\/\/api.w.org\/{rel}","templated":true}]}}