{"id":28785,"date":"2024-03-28T16:46:45","date_gmt":"2024-03-28T15:46:45","guid":{"rendered":"http:\/\/info.sadowne.pl\/?p=28785"},"modified":"2024-03-28T16:46:45","modified_gmt":"2024-03-28T15:46:45","slug":"czyszczenie-brudnych-pieniedzy","status":"publish","type":"post","link":"https:\/\/info.sadowne.pl\/?p=28785","title":{"rendered":"Czyszczenie brudnych pieni\u0119dzy,"},"content":{"rendered":"<p><strong><a href=\"http:\/\/info.sadowne.pl\/wp-content\/uploads\/2024\/03\/Brok169.jpg\" target=\"_blank\" rel=\"noopener\"><img loading=\"lazy\" decoding=\"async\" class=\"alignleft wp-image-28786 size-thumbnail\" src=\"http:\/\/info.sadowne.pl\/wp-content\/uploads\/2024\/03\/Brok169-180x130.jpg\" alt=\"\" width=\"180\" height=\"130\" \/><\/a>\u2026pan U. w kozie raczej nie siedzi, s\u0105dowy fina\u0142 b\u00f3jki pomi\u0119dzy szlacht\u0105 a w\u0142o\u015bcianami, p\u0142on\u0105 Zar\u0119by, \u015bwi\u0105t nie b\u0119dzie.<\/strong><!--more--><\/p>\n<p>W dzisiejszym opracowaniu zamie\u015bcili\u015bmy kolejny elaborat autorstwa sterdy\u0144skiego lekarza dr. Jerzego Tch\u00f3rznickiego. Praca dotyczy kwestii czyszczenia pieni\u0119dzy, a z uwagi na jej obszerno\u015b\u0107, publikujemy tylko fragmenty, pozostaj\u0105c w nadziei, \u017ce mimo dokonanego skr\u00f3tu poruszane w niej kwestie pozostan\u0105 jasne i zrozumia\u0142e. Wielu osobom sprawa mo\u017ce zda\u0107 si\u0119 b\u0142ah\u0105, ale mamy nadziej\u0119, \u017ce doceni\u0105 jej donios\u0142o\u015b\u0107. Z pewno\u015bci\u0105 praca spotka si\u0119 z du\u017cym zainteresowaniem os\u00f3b zaanga\u017cowanych w proceder prania brudnych pieni\u0119dzy. Autor podj\u0105\u0142 bowiem pr\u00f3b\u0119 skonstruowania maszyny, kt\u00f3ra b\u0119dzie \u201eprzyjmowa\u0107 w siebie brudne, a wypuszcza\u0107 czyste pieni\u0105dze\u201d. Po sprawdzeniu wielu metod autor doszed\u0142 jednak do wniosku, \u017ce najracjonalniej jest ich nie pra\u0107, ale \u201ewystawia\u0107 przez czas jaki\u015b na dzia\u0142anie s\u0142o\u0144ca lub suszy\u0107 je w og\u00f3le\u201d.<\/p>\n<p>Dementujemy doniesienia, jakoby pan U. z Ostrowi z pewno\u015bci\u0105 siedzia\u0142 w kozie, a przynajmniej nie jest to potwierdzone. Je\u017celi otrzymamy jakie\u015b nowe i pochodz\u0105ce ze sprawdzonego \u017ar\u00f3d\u0142a informacje o sytuacji prawnej pana U., to natychmiast poinformujemy czytelnik\u00f3w.<\/p>\n<p>W grudniu 2022 r. donosili\u015bmy o krwawej potyczce, do jakiej dosz\u0142o pomi\u0119dzy w\u0142o\u015bcianami a drobn\u0105 szlacht\u0105 w podostrowskim Sul\u0119cinie. Zapad\u0142 wreszcie wyrok w tej sprawie.<\/p>\n<p>Po\u017car strawi\u0142 znaczn\u0105 cz\u0119\u015b\u0107 Zar\u0105b Ko\u015bcielnych, a pod\u0142ug wst\u0119pnych ustale\u0144, ogie\u0144 zapr\u00f3szono w nielegalnej wytw\u00f3rni gorza\u0142ki.<\/p>\n<p>W zwi\u0105zku z faktem, \u017ce wielu parafian diecezji \u0142om\u017cy\u0144skiej nie pod\u0105\u017cy\u0142o za wskazaniami swych pasterzy i g\u0142osowa\u0142o na osoby ko\u015bcio\u0142owi wrogie, biskup \u0142om\u017cy\u0144ski zadecydowa\u0142 o znacznym ograniczeniu uroczysto\u015bci Wielkanocnych w parafiach, w kt\u00f3rych zwyci\u0119\u017cy\u0142y partie i stronnictwa bezbo\u017cne.<\/p>\n<p><strong>Wi\u0119cej na stronie <span style=\"color: #0000ff;\"><a style=\"color: #0000ff;\" href=\"https:\/\/madzelan.cba.pl\/czyszczenie-brudnych-pieniedzy-pan-u-w-kozie-raczej-nie-siedzi-sadowy-final-bojki-pomiedzy-szlachta-a-wloscianami-plona-zareby-swiat-nie-bedzie\/\" target=\"_blank\" rel=\"noopener\">https:\/\/madzelan.cba.pl\/czyszczenie-brudnych-pieniedzy-pan-u-w-kozie-raczej-nie-siedzi-sadowy-final-bojki-pomiedzy-szlachta-a-wloscianami-plona-zareby-swiat-nie-bedzie\/<\/a><\/span><\/strong><\/p>\n","protected":false},"excerpt":{"rendered":"<p>\u2026pan U. w kozie raczej nie siedzi, s\u0105dowy fina\u0142 b\u00f3jki pomi\u0119dzy szlacht\u0105 a w\u0142o\u015bcianami, p\u0142on\u0105 Zar\u0119by, \u015bwi\u0105t nie b\u0119dzie.<\/p>\n","protected":false},"author":1,"featured_media":0,"comment_status":"closed","ping_status":"closed","sticky":false,"template":"","format":"standard","meta":{"footnotes":""},"categories":[5,3436,31],"tags":[745,3004,2956],"class_list":["post-28785","post","type-post","status-publish","format-standard","hentry","category-newsy","category-opowiesci-historie-legendy-brokowskie-i-nie-tylko","category-historia-gminy","tag-brok","tag-jerzy-madzelan","tag-opowiesci-historie-legendy-brokowskie-i-nie-tylko"],"views":1655,"_links":{"self":[{"href":"https:\/\/info.sadowne.pl\/index.php?rest_route=\/wp\/v2\/posts\/28785","targetHints":{"allow":["GET"]}}],"collection":[{"href":"https:\/\/info.sadowne.pl\/index.php?rest_route=\/wp\/v2\/posts"}],"about":[{"href":"https:\/\/info.sadowne.pl\/index.php?rest_route=\/wp\/v2\/types\/post"}],"author":[{"embeddable":true,"href":"https:\/\/info.sadowne.pl\/index.php?rest_route=\/wp\/v2\/users\/1"}],"replies":[{"embeddable":true,"href":"https:\/\/info.sadowne.pl\/index.php?rest_route=%2Fwp%2Fv2%2Fcomments&post=28785"}],"version-history":[{"count":1,"href":"https:\/\/info.sadowne.pl\/index.php?rest_route=\/wp\/v2\/posts\/28785\/revisions"}],"predecessor-version":[{"id":28787,"href":"https:\/\/info.sadowne.pl\/index.php?rest_route=\/wp\/v2\/posts\/28785\/revisions\/28787"}],"wp:attachment":[{"href":"https:\/\/info.sadowne.pl\/index.php?rest_route=%2Fwp%2Fv2%2Fmedia&parent=28785"}],"wp:term":[{"taxonomy":"category","embeddable":true,"href":"https:\/\/info.sadowne.pl\/index.php?rest_route=%2Fwp%2Fv2%2Fcategories&post=28785"},{"taxonomy":"post_tag","embeddable":true,"href":"https:\/\/info.sadowne.pl\/index.php?rest_route=%2Fwp%2Fv2%2Ftags&post=28785"}],"curies":[{"name":"wp","href":"https:\/\/api.w.org\/{rel}","templated":true}]}}