{"id":28827,"date":"2024-04-11T15:10:37","date_gmt":"2024-04-11T13:10:37","guid":{"rendered":"http:\/\/info.sadowne.pl\/?p=28827"},"modified":"2024-04-11T15:10:37","modified_gmt":"2024-04-11T13:10:37","slug":"influenza-szaleje-po-lewej-stronie-buga","status":"publish","type":"post","link":"https:\/\/info.sadowne.pl\/?p=28827","title":{"rendered":"Influenza szaleje po lewej stronie Buga,"},"content":{"rendered":"<p><strong><a href=\"http:\/\/info.sadowne.pl\/wp-content\/uploads\/2024\/04\/Brok171.jpg\" target=\"_blank\" rel=\"noopener\"><img loading=\"lazy\" decoding=\"async\" class=\"alignleft wp-image-28828 size-thumbnail\" src=\"http:\/\/info.sadowne.pl\/wp-content\/uploads\/2024\/04\/Brok171-180x130.jpg\" alt=\"\" width=\"180\" height=\"130\" \/><\/a>\u2026ostrowiacy zapa\u0142ali \u201espontaniczn\u0105\u201d mi\u0142o\u015bci\u0105 do prawos\u0142awia, komendant strzelca w kozie, kukurydziani bohaterowie z Ma\u0142kini.<\/strong><!--more--><\/p>\n<p>Grupa wybitnych lekarzy praktykuj\u0105cych w XIX w. w naszym regionie powi\u0119ksza si\u0119 o coraz to nowe nazwiska. Przy r\u00f3\u017cnych okazjach wspominali\u015bmy Jana Harusewicza. Ten doskona\u0142y lekarz, a przy tym dzia\u0142acz spo\u0142eczny i polityk, zapisa\u0142 si\u0119 na trwa\u0142e w historii Polski. Przez brokowiak\u00f3w zosta\u0142 zapami\u0119tany przede wszystkim jako pierwszy tamtejszy letnik. Lekarzem spiesz\u0105cym swym pacjentom z pomoc\u0105 o ka\u017cdej porze dnia i nocy by\u0142 dr Leon Bokiewicz, kt\u00f3remu w\u0142a\u015bciciel m.in. d\u00f3br ko\u0142odzi\u0105skich i jadowskich Andrzej Zamoyski powierzy\u0142 w po\u0142owie XIX w. stanowisko lekarza dworskiego w Jadowie. Wielkie zas\u0142ugi na polu zdrowotno\u015bci po\u0142o\u017cy\u0142 tak\u017ce dr Adam Jarosi\u0144ski, lekarz z za\u0142o\u017conego przez Ludwika G\u00f3rskiego szpitala w Sterdyni. Od kilku tygodni publikujemy artyku\u0142y pi\u00f3ra dr. Jerzego Tch\u00f3rznickiego, podobnie jak dr Jarosi\u0144ski praktykuj\u0105cego w sterdy\u0144skim szpitalu. Dzisiaj, prezentujemy opublikowany w roku 1890 artyku\u0142 dr K. Wyszomirskiego, dzi\u0119ki kt\u00f3remu dowiadujemy si\u0119, jak u schy\u0142ku XIX w. radzono sobie w naszych regionie z epidemi\u0105 influenzy, czyli grypy.<\/p>\n<p>Podpisuj\u0105cy si\u0119 pseudonimem \u201eRolnik\u201d mieszkaniec guberni \u0142om\u017cy\u0144skiej, odkrywa w li\u015bcie skierowanym do lwowskiej gazety, kulisy przer\u00f3\u017cnych wydarze\u0144 maj\u0105cych miejsce na terenie guberni, o kt\u00f3rych to kulisach nie o\u015bmieli\u0142aby si\u0119 wspomnie\u0107 \u017cadna z wydawanych pod zaborem rosyjskim gazet. Zdobywamy m.in. informacje o tym, co sta\u0142o za du\u017c\u0105 frekwencj\u0105 na ostrowskich uroczysto\u015bciach zorganizowanych z okazji koronowania Miko\u0142aja II Aleksandrowicza Romanowa na cara Rosji oraz jakimi to \u015brodkami naczelnik powiatu zach\u0119ci\u0142 ostrowskie w\u0142adze, aby z \u201eentuzjazmem\u201d przyklasn\u0119\u0142y projektowi budowy cerkwi.<\/p>\n<p><strong>Wi\u0119cej na stronie <span style=\"color: #0000ff;\"><a style=\"color: #0000ff;\" href=\"https:\/\/madzelan.cba.pl\/influenza-szaleje-po-lewej-stronie-buga-ostrowiacy-zapalali-spontaniczna-miloscia-do-prawoslawia-komendant-strzelca-w-kozie-kukurydziani-bohaterowie-z-malkini\/\" target=\"_blank\" rel=\"noopener\">https:\/\/madzelan.cba.pl\/influenza-szaleje-po-lewej-stronie-buga-ostrowiacy-zapalali-spontaniczna-miloscia-do-prawoslawia-komendant-strzelca-w-kozie-kukurydziani-bohaterowie-z-malkini\/<\/a><\/span><\/strong><\/p>\n","protected":false},"excerpt":{"rendered":"<p>\u2026ostrowiacy zapa\u0142ali \u201espontaniczn\u0105\u201d mi\u0142o\u015bci\u0105 do prawos\u0142awia, komendant strzelca w kozie, kukurydziani bohaterowie z Ma\u0142kini.<\/p>\n","protected":false},"author":1,"featured_media":0,"comment_status":"closed","ping_status":"closed","sticky":false,"template":"","format":"standard","meta":{"footnotes":""},"categories":[5,3436,31],"tags":[745,3004,2956],"class_list":["post-28827","post","type-post","status-publish","format-standard","hentry","category-newsy","category-opowiesci-historie-legendy-brokowskie-i-nie-tylko","category-historia-gminy","tag-brok","tag-jerzy-madzelan","tag-opowiesci-historie-legendy-brokowskie-i-nie-tylko"],"views":1631,"_links":{"self":[{"href":"https:\/\/info.sadowne.pl\/index.php?rest_route=\/wp\/v2\/posts\/28827","targetHints":{"allow":["GET"]}}],"collection":[{"href":"https:\/\/info.sadowne.pl\/index.php?rest_route=\/wp\/v2\/posts"}],"about":[{"href":"https:\/\/info.sadowne.pl\/index.php?rest_route=\/wp\/v2\/types\/post"}],"author":[{"embeddable":true,"href":"https:\/\/info.sadowne.pl\/index.php?rest_route=\/wp\/v2\/users\/1"}],"replies":[{"embeddable":true,"href":"https:\/\/info.sadowne.pl\/index.php?rest_route=%2Fwp%2Fv2%2Fcomments&post=28827"}],"version-history":[{"count":1,"href":"https:\/\/info.sadowne.pl\/index.php?rest_route=\/wp\/v2\/posts\/28827\/revisions"}],"predecessor-version":[{"id":28829,"href":"https:\/\/info.sadowne.pl\/index.php?rest_route=\/wp\/v2\/posts\/28827\/revisions\/28829"}],"wp:attachment":[{"href":"https:\/\/info.sadowne.pl\/index.php?rest_route=%2Fwp%2Fv2%2Fmedia&parent=28827"}],"wp:term":[{"taxonomy":"category","embeddable":true,"href":"https:\/\/info.sadowne.pl\/index.php?rest_route=%2Fwp%2Fv2%2Fcategories&post=28827"},{"taxonomy":"post_tag","embeddable":true,"href":"https:\/\/info.sadowne.pl\/index.php?rest_route=%2Fwp%2Fv2%2Ftags&post=28827"}],"curies":[{"name":"wp","href":"https:\/\/api.w.org\/{rel}","templated":true}]}}