{"id":28861,"date":"2024-04-18T14:29:25","date_gmt":"2024-04-18T12:29:25","guid":{"rendered":"http:\/\/info.sadowne.pl\/?p=28861"},"modified":"2024-04-18T14:29:25","modified_gmt":"2024-04-18T12:29:25","slug":"sprawa-mieszczan-brokowskich","status":"publish","type":"post","link":"https:\/\/info.sadowne.pl\/?p=28861","title":{"rendered":"SPRAWA MIESZCZAN BROKOWSKICH"},"content":{"rendered":"<p><strong><a href=\"http:\/\/info.sadowne.pl\/wp-content\/uploads\/2024\/04\/Brok172.jpg\" target=\"_blank\" rel=\"noopener\"><img loading=\"lazy\" decoding=\"async\" class=\"alignleft wp-image-28862 size-thumbnail\" src=\"http:\/\/info.sadowne.pl\/wp-content\/uploads\/2024\/04\/Brok172-180x130.jpg\" alt=\"\" width=\"180\" height=\"130\" \/><\/a>\u2026NA BANICJ\u0118 SKAZANYCH.<\/strong><!--more--><\/p>\n<p>Przed pi\u0119cioma laty w kwietniu 2019 r. pan Jerzy Madzelan opublikowa\u0142 na stronie Opowie\u015bci brokowskich artyku\u0142 pt. Wa\u015bnie o karczmy, kt\u00f3ry dotyczy znaczenia propinacji w \u017cyciu spo\u0142ecznym i gospodarczym Broku w ci\u0105gu trzech pierwszych stuleci istnienia miasta oraz spor\u00f3w wok\u00f3\u0142 pleba\u0144skiej karczmy naruszaj\u0105cej prawa mieszczan. Jeden z w\u0105tk\u00f3w dotyczy okaza\u0142ej karczmy biskupiej, kt\u00f3r\u0105 pozostawa\u0142a w arendzie \u017byd\u00f3w, a po\u0142o\u017cona by\u0142a zaledwie o kilkadziesi\u0105t krok\u00f3w od wyj\u015bcia z ko\u015bcio\u0142a. Polecam szczerze ten artyku\u0142, bo traktuje o zdarzeniach obfituj\u0105cych w zaskakuj\u0105ce zwroty akcji i odkrywa fakty dot\u0105d nieznane.<\/p>\n<p>W czasie kwerendy w Archiwum G\u0142\u00f3wnym Akt Dawnych pan Jerzy Madzelan pozyska\u0142 unikatowy dokument z 1764 r., kt\u00f3rego tre\u015b\u0107 stanowi niezwykle wa\u017cny przyczynek do dziej\u00f3w Broku i rozwijaj\u0105cej si\u0119 w tym mie\u015bcie alkoholowej przedsi\u0119biorczo\u015bci. Jest to sporz\u0105dzony odr\u0119cznie w j\u0119zyku \u0142aci\u0144skim na papierze czerpanym, oznaczonym okr\u0105g\u0142\u0105 kancelaryjn\u0105 piecz\u0119ci\u0105 herbow\u0105 nie\u017cyj\u0105cego ju\u017c w\u00f3wczas kr\u00f3la Augusta III, wypis, czyli \u2013 jak to w\u00f3wczas okre\u015blano \u2013 extract, z ksi\u0105g przechowywanych w \u017celaznych skrzyniach grodu ostrowskiego, pod \u015bcis\u0142ym nadzorem burgrabiego grodzkiego i zarazem podstaro\u015bciego \u0142om\u017cy\u0144skiego szlachetnego Walentego Ogonowskiego. A owego extractu z najwy\u017cszej pr\u00f3by staranno\u015bci\u0105 dokona\u0142 miejscowy skryba pod \u015bcis\u0142\u0105 kontrol\u0105 notariusza grodzkiego Paw\u0142a Podbielskiego.<\/p>\n<p>Kosztami tej operacji mia\u0142 zosta\u0107 obci\u0105\u017cony odbiorca dokumentu, czyli miasto Brok. By\u0142y one znaczne, bo tylko sam papier stemplowy \u2013 jak wynika z odcisku niewielkiej piecz\u0119ci \u2013 kosztowa\u0142 pi\u0119tna\u015bcie groszy. W sumie odbiorca dokumentu powinien zap\u0142aci\u0107 10 z\u0142otych, ale zap\u0142aci\u0142 tylko 4 z\u0142ote. Wyja\u015bni\u0107 nale\u017cy, \u017ce 1 \u00f3wczesny z\u0142oty polski r\u00f3wna\u0142 si\u0119 30 groszom. Za garniec gorza\u0142ki smakosz tego trunku zap\u0142aci\u0107 musia\u0142 6 z\u0142otych polskich. A garniec r\u00f3wna\u0142 si\u0119 pojemno\u015bci 3,77 litra, co odpowiada\u0142o \u00f3wczesnym 4 kwartom albo 16 kwaterkom. Kopa jaj kosztowa\u0142a 2 z\u0142ote polskie.<\/p>\n<p><strong>Wi\u0119cej na stronie <span style=\"color: #0000ff;\"><a style=\"color: #0000ff;\" href=\"https:\/\/madzelan.cba.pl\/sprawa-mieszczan-brokowskich-na-banicje-skazanych\/\" target=\"_blank\" rel=\"noopener\">https:\/\/madzelan.cba.pl\/sprawa-mieszczan-brokowskich-na-banicje-skazanych\/<\/a><\/span><\/strong><\/p>\n","protected":false},"excerpt":{"rendered":"<p>\u2026NA BANICJ\u0118 SKAZANYCH.<\/p>\n","protected":false},"author":1,"featured_media":0,"comment_status":"closed","ping_status":"closed","sticky":false,"template":"","format":"standard","meta":{"footnotes":""},"categories":[5,3436,31],"tags":[745,3004,2956],"class_list":["post-28861","post","type-post","status-publish","format-standard","hentry","category-newsy","category-opowiesci-historie-legendy-brokowskie-i-nie-tylko","category-historia-gminy","tag-brok","tag-jerzy-madzelan","tag-opowiesci-historie-legendy-brokowskie-i-nie-tylko"],"views":1639,"_links":{"self":[{"href":"https:\/\/info.sadowne.pl\/index.php?rest_route=\/wp\/v2\/posts\/28861","targetHints":{"allow":["GET"]}}],"collection":[{"href":"https:\/\/info.sadowne.pl\/index.php?rest_route=\/wp\/v2\/posts"}],"about":[{"href":"https:\/\/info.sadowne.pl\/index.php?rest_route=\/wp\/v2\/types\/post"}],"author":[{"embeddable":true,"href":"https:\/\/info.sadowne.pl\/index.php?rest_route=\/wp\/v2\/users\/1"}],"replies":[{"embeddable":true,"href":"https:\/\/info.sadowne.pl\/index.php?rest_route=%2Fwp%2Fv2%2Fcomments&post=28861"}],"version-history":[{"count":1,"href":"https:\/\/info.sadowne.pl\/index.php?rest_route=\/wp\/v2\/posts\/28861\/revisions"}],"predecessor-version":[{"id":28863,"href":"https:\/\/info.sadowne.pl\/index.php?rest_route=\/wp\/v2\/posts\/28861\/revisions\/28863"}],"wp:attachment":[{"href":"https:\/\/info.sadowne.pl\/index.php?rest_route=%2Fwp%2Fv2%2Fmedia&parent=28861"}],"wp:term":[{"taxonomy":"category","embeddable":true,"href":"https:\/\/info.sadowne.pl\/index.php?rest_route=%2Fwp%2Fv2%2Fcategories&post=28861"},{"taxonomy":"post_tag","embeddable":true,"href":"https:\/\/info.sadowne.pl\/index.php?rest_route=%2Fwp%2Fv2%2Ftags&post=28861"}],"curies":[{"name":"wp","href":"https:\/\/api.w.org\/{rel}","templated":true}]}}