{"id":28864,"date":"2024-04-20T10:50:36","date_gmt":"2024-04-20T08:50:36","guid":{"rendered":"http:\/\/info.sadowne.pl\/?p=28864"},"modified":"2024-04-20T10:56:44","modified_gmt":"2024-04-20T08:56:44","slug":"sami-swoi-gwarancja-dobrej-zabawy","status":"publish","type":"post","link":"https:\/\/info.sadowne.pl\/?p=28864","title":{"rendered":"SAMI SWOI = GWARANCJA DOBREJ ZABAWY"},"content":{"rendered":"<p><strong><a href=\"http:\/\/info.sadowne.pl\/wp-content\/uploads\/2024\/04\/2024.04.20.1.jpg\" target=\"_blank\" rel=\"noopener\"><img loading=\"lazy\" decoding=\"async\" class=\"alignleft wp-image-28865 size-thumbnail\" src=\"http:\/\/info.sadowne.pl\/wp-content\/uploads\/2024\/04\/2024.04.20.1-180x130.jpg\" alt=\"\" width=\"180\" height=\"130\" \/><\/a>S\u0142ysz\u0105c \u201esami swoi\u201d, wi\u0119kszo\u015bci przychodzi na my\u015bl polski film komediowy, kt\u00f3rego g\u0142\u00f3wnymi bohaterami byli Pawlak i Kargul. Mieszka\u0144com gminy Sadowne przychodzi r\u00f3wnie\u017c na my\u015bl, popularny w okolicy, Zesp\u00f3\u0142 Muzyczny <em>Sami Swoi Zieleniec<\/em>.<\/strong><!--more--><\/p>\n<p>Pod koniec grudnia 2023 roku rozesz\u0142a si\u0119 wie\u015b\u0107, \u017ce Zesp\u00f3\u0142 <em>Sami Swoi<\/em> ko\u0144czy swoj\u0105 dzia\u0142alno\u015b\u0107. Pochlebne recenzje i komentarze utwierdzi\u0142y mnie w przekonaniu, \u017ce \u201eSwojaczki\u201d, bo tak Ich zdrobniale nazywano, zas\u0142u\u017cyli, aby podsumowa\u0107 Ich wieloletni\u0105 prac\u0119 artystyczn\u0105.<\/p>\n<p>Sama rzadko mia\u0142am przyjemno\u015b\u0107 s\u0142ucha\u0107 lub uczestniczy\u0107 w imprezach, kt\u00f3re Zesp\u00f3\u0142 u\u015bwietnia\u0142 swoimi wyst\u0119pami, a te, w kt\u00f3rych uczestniczy\u0142am, mile wspominam.<\/p>\n<p>My\u015bl\u0119, \u017ce mieszka\u0144cy Sadownego i okolic ch\u0119tnie przeczytaj\u0105 artyku\u0142 o znanym i lubianym Zespole.<\/p>\n<p>Informacje o Zespole pozyskane zosta\u0142y podczas rozmowy z p. Monik\u0105 Tyszka (wokalistk\u0105 i jedyn\u0105 kobiet\u0105 w Zespole), kt\u00f3ra udzielaj\u0105c odpowiedzi korzysta\u0142a wy\u0142\u0105cznie ze swojej pami\u0119ci.<\/p>\n<p>Nazwa Zespo\u0142u wzi\u0119\u0142a si\u0119 st\u0105d, \u017ce nale\u017c\u0105 do niego bliscy cz\u0142onkowie rodziny. Dzia\u0142aj\u0105 od 2006 roku. Pocz\u0105tkowo Zesp\u00f3\u0142 liczy\u0142 3 osoby, od pewnego czasu do\u0142\u0105czy\u0142 do niego p. Kamil, kt\u00f3ry jest synem p. Darka. Cz\u0142onkowie Zespo\u0142u wyrastali w rodzinie, w kt\u00f3rej muzykowano, a wi\u0119c muzyka towarzyszy\u0142a Im od najm\u0142odszych lat. Tradycja i wrodzony talent sprawi\u0142y, \u017ce mimo i\u017c nie maj\u0105 wykszta\u0142cenia muzycznego, to \u015bwietnie sobie radzili.<\/p>\n<p>Liderem Zespo\u0142u by\u0142 p. Dariusz (okre\u015blony przez p. Monik\u0119 jako \u201ecz\u0142owiek orkiestra\u201d), kt\u00f3ry obdarzony jest niezwyk\u0142ym g\u0142osem i potrafi gra\u0107 na wielu instrumentach (organy, akordeon, gitara, perkusja).<\/p>\n<p>Pani Monika \u2013 \u015bpiew, konferansjerka, prowadzenie imprez.<\/p>\n<p>Pan Wojtek \u2013 \u015bpiew, gra na instrumentach klawiszowych. Okre\u015blony zosta\u0142 jako cz\u0142owiek do zada\u0144 specjalnych, kt\u00f3ry potrafi\u0142 wszystko szybko zorganizowa\u0107.<\/p>\n<p>Pan Kamil \u2013 \u015bpiew, gra na instrumentach klawiszowych. Odpowiedzialny za nag\u0142o\u015bnienie i o\u015bwietlenie.<\/p>\n<p>Zesp\u00f3\u0142 <em>Sami Swoi<\/em>, podczas swoich wyst\u0119p\u00f3w, gra\u0142 r\u00f3\u017cnorodn\u0105 muzyk\u0119 do ta\u0144ca z przewag\u0105 muzyki disco polo.<\/p>\n<p>Pani Monika nie potrafi\u0142a, nawet w przybli\u017ceniu, poda\u0107 liczby imprez, kt\u00f3re obs\u0142ugiwali, a by\u0142o ich wiele.<\/p>\n<p>Zesp\u00f3\u0142 gra\u0142 podczas wesel, imprez charytatywnych (np. Wielka Orkiestra \u015awi\u0105tecznej Pomocy w Ko\u0142odzi\u0105\u017cu), do\u017cynek gminno \u2013 parafialnych, piknik\u00f3w, festyn\u00f3w\u2026<\/p>\n<p>Pani Monika zdradzi\u0142a, \u017ce p. Kamil jest autorem dw\u00f3ch piosenek, kt\u00f3re w\u0142\u0105czono do repertuaru Zespo\u0142u. Jedn\u0105 z nich \u2013 \u201eCzekam na znak\u201d \u015bpiewa autor, drug\u0105 za\u015b \u2013 \u201eWina dzban\u201d wykonuje p. Wojciech.<\/p>\n<p>Na pytanie \u2013 czy spotka\u0142y Ich jakie\u015b niemi\u0142e, nieprzewidywalne sytuacje? &#8211; wokalistka powiedzia\u0142a, \u017ce nic takiego nie pami\u0119ta. Zdarza\u0142o si\u0119, \u017ce czasami wy\u0142\u0105czono pr\u0105d, ale to nie by\u0142o dla Nich problemem. W takich sytuacjach p. Darek chwyta\u0142 za akordeon, a pozostali g\u0142o\u015bniej \u015bpiewali i zach\u0119cali go\u015bci do w\u0142\u0105czenia si\u0119 do wsp\u00f3lnego \u015bpiewu \u2013 w\u00f3wczas by\u0142a przednia zabawa.<\/p>\n<p>Pani Monika mi\u0142o wspomina ludzi, kt\u00f3rzy wspaniale bawili si\u0119 przy Ich muzyce i nie szcz\u0119dzili cz\u0142onkom Zespo\u0142u mi\u0142ych s\u0142\u00f3w oraz gest\u00f3w. Bardzo cz\u0119sto trudno by\u0142o zako\u0144czy\u0107 imprez\u0119 o um\u00f3wionej godzinie.<\/p>\n<p>Po ka\u017cdej imprezie na Facebooku Zespo\u0142u pojawia\u0142o si\u0119 mn\u00f3stwo pozytywnych komentarzy. Oto niekt\u00f3re z nich:<\/p>\n<p><em>\u201ePolecamy z ca\u0142ego serca! Profesjonalne podej\u015bcie i przygotowani na ka\u017cd\u0105 okazj\u0119.\u201d<\/em><\/p>\n<p><em>\u201eJestem mega zadowolona! Muzyka i prowadzenie wesela &#8211; super!! Fajne konkursy i \u015bwietne prowadzenie oczepin.\u201d<\/em><\/p>\n<p><em>\u201eNajlepsi! Potrafi\u0105 zagra\u0107 dla ka\u017cdego. Profesjonalne podej\u015bcie i mi\u0142a wsp\u00f3\u0142praca \ud83d\ude42 Dzi\u0119kujemy i Polecamy.\u201d<\/em><\/p>\n<p><em>\u201eJeste\u015bmy w 100% zadowoleni! Nasi go\u015bcie r\u00f3wnie\u017c \ud83d\ude42<br \/>\nDzi\u0119kujemy za wystrza\u0142ow\u0105 zabaw\u0119.\u201d<\/em><\/p>\n<p><em>\u201ePolecamy zesp\u00f3\u0142! Cudownie si\u0119 bawili\u015bmy \ud83d\ude42 nogi bol\u0105&#8230; Profesjonalni muzycy!\u201d<\/em><\/p>\n<p><em>\u201eSami Swoi = Gwarancja dobrej zabawy!! \ud83d\ude42 Dzi\u0119kujemy!!!!\u201d<\/em><\/p>\n<p>W wielu komentarzach doceniono nie tylko talent p. Moniki, ale r\u00f3wnie\u017c Jej urod\u0119.<\/p>\n<p><a href=\"http:\/\/info.sadowne.pl\/wp-content\/uploads\/2024\/04\/2024.04.20.2.jpg\" target=\"_blank\" rel=\"noopener\"><img loading=\"lazy\" decoding=\"async\" class=\"alignright wp-image-28866 size-medium\" src=\"http:\/\/info.sadowne.pl\/wp-content\/uploads\/2024\/04\/2024.04.20.2-225x300.jpg\" alt=\"\" width=\"225\" height=\"300\" srcset=\"https:\/\/info.sadowne.pl\/wp-content\/uploads\/2024\/04\/2024.04.20.2-225x300.jpg 225w, https:\/\/info.sadowne.pl\/wp-content\/uploads\/2024\/04\/2024.04.20.2-768x1024.jpg 768w, https:\/\/info.sadowne.pl\/wp-content\/uploads\/2024\/04\/2024.04.20.2.jpg 942w\" sizes=\"auto, (max-width: 225px) 100vw, 225px\" \/><\/a>W 2017 roku w\u00f3jt gminy Sadowne p. Waldemar Cyran skierowa\u0142 serdeczne podzi\u0119kowania dla Zespo\u0142u za zaanga\u017cowanie w \u017cycie kulturalne Gminy.<\/p>\n<p>Pani Monika stwierdzi\u0142a:<\/p>\n<p>\u201ePan W\u00f3jt zawsze docenia\u0142 nasz\u0105 prac\u0119. Pami\u0119ta\u0142, \u017ce ma w swojej gminie dobry zesp\u00f3\u0142 i nie musia\u0142 nigdzie szuka\u0107, \u017ceby zrobi\u0107 dobr\u0105 imprez\u0119. Niezwyk\u0142y cz\u0142owiek, kt\u00f3ry stawia na swoich. Bardzo mu za to dzi\u0119kujemy.\u201d<\/p>\n<p>Zesp\u00f3\u0142 swoj\u0105 dzia\u0142alno\u015b\u0107 zako\u0144czy\u0142 podczas ostatniej zabawy sylwestrowej w Restauracji &#8222;Za\u015bcianek Nowy Styl&#8221; w Sadownem.<\/p>\n<p>Na pytanie \u2013 co sk\u0142oni\u0142o Pa\u0144stwa do podj\u0119cia decyzji dotycz\u0105cej zako\u0144czenia kariery? \u2013 p. Monika odpowiedzia\u0142a:<\/p>\n<p><em>\u201eJe\u015bli chodzi o nasz\u0105 decyzj\u0119, \u017ceby zako\u0144czy\u0107, to by\u0142a bardzo trudna i jak niekt\u00f3rzy wiedz\u0105, ko\u0144czyli\u015bmy ju\u017c kilka razy i si\u0119 nie udawa\u0142o. <\/em><\/p>\n<p><em>Ale przyszed\u0142 czas, aby po\u017cy\u0107 innym \u017cyciem, tego zapragn\u0119li\u015bmy &#8211;\u00a0 odpoczynku, mo\u017cliwo\u015bci sp\u0119dzania z rodzin\u0105 weekend\u00f3w, niedziel&#8230; Bardzo kochali\u015bmy ten weselno &#8211; imprezowy klimat i muzyka zawsze b\u0119dzie nam w duszy gra\u0107. <\/em><\/p>\n<p><em>I dlatego nie mog\u0119 powiedzie\u0107, \u017ce ju\u017c nigdy nie zagramy, tego na pewno nie wiem. Nigdy nie powiem nigdy. Po\u017cyjemy, zobaczymy\u2026 <\/em><\/p>\n<p><em>Dzi\u0119kuj\u0119 wszystkim, kt\u00f3rych mieli\u015bmy zaszczyt spotka\u0107 na naszej artystycznej drodze.<\/em><\/p>\n<p><em>Szczeg\u00f3lne dzi\u0119kujemy portalowi Info Sadowne za to, \u017ce nigdy nas nie pomin\u0105\u0142 \u00a0w swoich artyku\u0142ach.\u201d<\/em><\/p>\n<p><strong>Dzi\u0119kuj\u0119 za rozmow\u0119. Pani i Kolegom z Zespo\u0142u \u017cycz\u0119 du\u017co zdrowia, spokoju i mo\u017cliwo\u015bci spe\u0142niania swoich marze\u0144. <\/strong><\/p>\n<p><strong>Mam nadziej\u0119, \u017ce zat\u0119skni\u0105 Pa\u0144stwo za kontaktem z publiczno\u015bci\u0105 i \u2026<\/strong> \ud83d\ude0a<\/p>\n<p><span style=\"color: #0000ff;\"><strong><a style=\"color: #0000ff;\" href=\"https:\/\/photos.app.goo.gl\/h9MKyDH5SrHL5VRC9\" target=\"_blank\" rel=\"noopener\">Zdj\u0119cia w galerii Google&gt;&gt;&gt;<\/a><\/strong><\/span><\/p>\n<p><strong>Tekst:<\/strong> Danuta Chyli\u0144ska<\/p>\n<p><strong>Foto:<\/strong> archiwum &#8211; Info Sadowne\/Monika Tyszka<\/p>\n","protected":false},"excerpt":{"rendered":"<p>S\u0142ysz\u0105c \u201esami swoi\u201d, wi\u0119kszo\u015bci przychodzi na my\u015bl polski film komediowy, kt\u00f3rego g\u0142\u00f3wnymi bohaterami byli Pawlak i Kargul. Mieszka\u0144com gminy Sadowne przychodzi r\u00f3wnie\u017c na my\u015bl, popularny w okolicy, Zesp\u00f3\u0142 Muzyczny Sami Swoi Zieleniec.<\/p>\n","protected":false},"author":1,"featured_media":0,"comment_status":"closed","ping_status":"closed","sticky":false,"template":"","format":"standard","meta":{"footnotes":""},"categories":[5,3432,6],"tags":[1706,4128,4127],"class_list":["post-28864","post","type-post","status-publish","format-standard","hentry","category-newsy","category-inne-kultura-rozrywka-edukacja","category-kultura-rozrywka-edukacja","tag-danuta-chylinska","tag-monika-tyszka","tag-zespol-muzyczny-sami-swoi"],"views":3094,"_links":{"self":[{"href":"https:\/\/info.sadowne.pl\/index.php?rest_route=\/wp\/v2\/posts\/28864","targetHints":{"allow":["GET"]}}],"collection":[{"href":"https:\/\/info.sadowne.pl\/index.php?rest_route=\/wp\/v2\/posts"}],"about":[{"href":"https:\/\/info.sadowne.pl\/index.php?rest_route=\/wp\/v2\/types\/post"}],"author":[{"embeddable":true,"href":"https:\/\/info.sadowne.pl\/index.php?rest_route=\/wp\/v2\/users\/1"}],"replies":[{"embeddable":true,"href":"https:\/\/info.sadowne.pl\/index.php?rest_route=%2Fwp%2Fv2%2Fcomments&post=28864"}],"version-history":[{"count":2,"href":"https:\/\/info.sadowne.pl\/index.php?rest_route=\/wp\/v2\/posts\/28864\/revisions"}],"predecessor-version":[{"id":28868,"href":"https:\/\/info.sadowne.pl\/index.php?rest_route=\/wp\/v2\/posts\/28864\/revisions\/28868"}],"wp:attachment":[{"href":"https:\/\/info.sadowne.pl\/index.php?rest_route=%2Fwp%2Fv2%2Fmedia&parent=28864"}],"wp:term":[{"taxonomy":"category","embeddable":true,"href":"https:\/\/info.sadowne.pl\/index.php?rest_route=%2Fwp%2Fv2%2Fcategories&post=28864"},{"taxonomy":"post_tag","embeddable":true,"href":"https:\/\/info.sadowne.pl\/index.php?rest_route=%2Fwp%2Fv2%2Ftags&post=28864"}],"curies":[{"name":"wp","href":"https:\/\/api.w.org\/{rel}","templated":true}]}}