{"id":28889,"date":"2024-04-29T14:13:43","date_gmt":"2024-04-29T12:13:43","guid":{"rendered":"http:\/\/info.sadowne.pl\/?p=28889"},"modified":"2024-04-29T14:13:43","modified_gmt":"2024-04-29T12:13:43","slug":"lena-wojcicka-na-medal-w-grodku","status":"publish","type":"post","link":"https:\/\/info.sadowne.pl\/?p=28889","title":{"rendered":"Lena W\u00f3jcicka na medal w Gr\u00f3dku"},"content":{"rendered":"<p><strong><a href=\"http:\/\/info.sadowne.pl\/wp-content\/uploads\/2024\/04\/2024.04.29.1.jpg\"><img loading=\"lazy\" decoding=\"async\" class=\"alignleft size-thumbnail wp-image-28890\" src=\"http:\/\/info.sadowne.pl\/wp-content\/uploads\/2024\/04\/2024.04.29.1-180x130.jpg\" alt=\"\" width=\"180\" height=\"130\" \/><\/a>Lena W\u00f3jcicka z Brokowskiego Klubu Karate Kyokushinkai zaj<\/strong><strong>\u0119\u0142a I miejsce w turnieju karate.<\/strong><!--more--><\/p>\n<p>W sobot\u0119 27 kwietnia wzi\u0119li\u015bmy udzia\u0142 w Og\u00f3lnopolskim Turnieju Karate Kyokushin o Puchar W\u00f3jta Gminy Gr\u00f3dek.<\/p>\n<p>Z Brokowskiego Klubu Karate Kyokushinkai w konkurencji kata wystartowa\u0142a Lena W\u00f3jcicka. Lena startuj\u0105c w kategorii 8 \u2013 9 lat\u00a0 wykona\u0142a poprawnie w pierwszej turze uk\u0142ad Taykyoku sono ni, co da\u0142o awans do strefy fina\u0142owej. W drugiej turze nale\u017ca\u0142o wykona\u0107 uk\u0142ad Taykyoku sono san. W oczach pi\u0119ciu s\u0119dzi\u00f3w nasza zawodniczka uzyska\u0142a najwy\u017csze noty i pewnie zwyci\u0119\u017cy\u0142a swoj\u0105 kategori\u0119.<\/p>\n\n\t\t<style type=\"text\/css\">\n\t\t\t#gallery-1 {\n\t\t\t\tmargin: auto;\n\t\t\t}\n\t\t\t#gallery-1 .gallery-item {\n\t\t\t\tfloat: left;\n\t\t\t\tmargin-top: 10px;\n\t\t\t\ttext-align: center;\n\t\t\t\twidth: 33%;\n\t\t\t}\n\t\t\t#gallery-1 img {\n\t\t\t\tborder: 2px solid #cfcfcf;\n\t\t\t}\n\t\t\t#gallery-1 .gallery-caption {\n\t\t\t\tmargin-left: 0;\n\t\t\t}\n\t\t\t\/* see gallery_shortcode() in wp-includes\/media.php *\/\n\t\t<\/style>\n\t\t<div id='gallery-1' class='gallery galleryid-28889 gallery-columns-3 gallery-size-thumbnail'><dl class='gallery-item'>\n\t\t\t<dt class='gallery-icon landscape'>\n\t\t\t\t<a href='https:\/\/info.sadowne.pl\/?attachment_id=28890'><img loading=\"lazy\" decoding=\"async\" width=\"180\" height=\"130\" src=\"https:\/\/info.sadowne.pl\/wp-content\/uploads\/2024\/04\/2024.04.29.1-180x130.jpg\" class=\"attachment-thumbnail size-thumbnail\" alt=\"\" \/><\/a>\n\t\t\t<\/dt><\/dl><dl class='gallery-item'>\n\t\t\t<dt class='gallery-icon landscape'>\n\t\t\t\t<a href='https:\/\/info.sadowne.pl\/?attachment_id=28891'><img loading=\"lazy\" decoding=\"async\" width=\"180\" height=\"130\" src=\"https:\/\/info.sadowne.pl\/wp-content\/uploads\/2024\/04\/2024.04.29.2-180x130.jpg\" class=\"attachment-thumbnail size-thumbnail\" alt=\"\" \/><\/a>\n\t\t\t<\/dt><\/dl><dl class='gallery-item'>\n\t\t\t<dt class='gallery-icon portrait'>\n\t\t\t\t<a href='https:\/\/info.sadowne.pl\/?attachment_id=28892'><img loading=\"lazy\" decoding=\"async\" width=\"180\" height=\"130\" src=\"https:\/\/info.sadowne.pl\/wp-content\/uploads\/2024\/04\/2024.04.29.3-180x130.jpg\" class=\"attachment-thumbnail size-thumbnail\" alt=\"\" \/><\/a>\n\t\t\t<\/dt><\/dl><br style=\"clear: both\" \/><dl class='gallery-item'>\n\t\t\t<dt class='gallery-icon landscape'>\n\t\t\t\t<a href='https:\/\/info.sadowne.pl\/?attachment_id=28893'><img loading=\"lazy\" decoding=\"async\" width=\"180\" height=\"130\" src=\"https:\/\/info.sadowne.pl\/wp-content\/uploads\/2024\/04\/2024.04.29.4-180x130.jpg\" class=\"attachment-thumbnail size-thumbnail\" alt=\"\" \/><\/a>\n\t\t\t<\/dt><\/dl>\n\t\t\t<br style='clear: both' \/>\n\t\t<\/div>\n\n<p><strong>Tekst\/foto:<\/strong> Zbigniew W\u00f3jcicki<\/p>\n","protected":false},"excerpt":{"rendered":"<p>Lena W\u00f3jcicka z Brokowskiego Klubu Karate Kyokushinkai zaj\u0119\u0142a I miejsce w turnieju karate.<\/p>\n","protected":false},"author":1,"featured_media":0,"comment_status":"closed","ping_status":"closed","sticky":false,"template":"","format":"standard","meta":{"footnotes":""},"categories":[5,2029,6,7],"tags":[794,3743,4132,2030],"class_list":["post-28889","post","type-post","status-publish","format-standard","hentry","category-newsy","category-karate","category-kultura-rozrywka-edukacja","category-sport","tag-brokowski-klub-karate-kyokushinkai","tag-lena-wojcicka","tag-turniej-karate-w-grodku","tag-zbigniew-wojcicki"],"views":1765,"_links":{"self":[{"href":"https:\/\/info.sadowne.pl\/index.php?rest_route=\/wp\/v2\/posts\/28889","targetHints":{"allow":["GET"]}}],"collection":[{"href":"https:\/\/info.sadowne.pl\/index.php?rest_route=\/wp\/v2\/posts"}],"about":[{"href":"https:\/\/info.sadowne.pl\/index.php?rest_route=\/wp\/v2\/types\/post"}],"author":[{"embeddable":true,"href":"https:\/\/info.sadowne.pl\/index.php?rest_route=\/wp\/v2\/users\/1"}],"replies":[{"embeddable":true,"href":"https:\/\/info.sadowne.pl\/index.php?rest_route=%2Fwp%2Fv2%2Fcomments&post=28889"}],"version-history":[{"count":1,"href":"https:\/\/info.sadowne.pl\/index.php?rest_route=\/wp\/v2\/posts\/28889\/revisions"}],"predecessor-version":[{"id":28894,"href":"https:\/\/info.sadowne.pl\/index.php?rest_route=\/wp\/v2\/posts\/28889\/revisions\/28894"}],"wp:attachment":[{"href":"https:\/\/info.sadowne.pl\/index.php?rest_route=%2Fwp%2Fv2%2Fmedia&parent=28889"}],"wp:term":[{"taxonomy":"category","embeddable":true,"href":"https:\/\/info.sadowne.pl\/index.php?rest_route=%2Fwp%2Fv2%2Fcategories&post=28889"},{"taxonomy":"post_tag","embeddable":true,"href":"https:\/\/info.sadowne.pl\/index.php?rest_route=%2Fwp%2Fv2%2Ftags&post=28889"}],"curies":[{"name":"wp","href":"https:\/\/api.w.org\/{rel}","templated":true}]}}