{"id":28895,"date":"2024-04-30T17:10:25","date_gmt":"2024-04-30T15:10:25","guid":{"rendered":"http:\/\/info.sadowne.pl\/?p=28895"},"modified":"2024-04-30T17:13:13","modified_gmt":"2024-04-30T15:13:13","slug":"swieto-konstytucji-3-maja","status":"publish","type":"post","link":"https:\/\/info.sadowne.pl\/?p=28895","title":{"rendered":"\u015awi\u0119to Konstytucji 3 Maja"},"content":{"rendered":"<p><a href=\"http:\/\/info.sadowne.pl\/wp-content\/uploads\/2024\/04\/2024.04.30.1.jpg\" target=\"_blank\" rel=\"noopener\"><img loading=\"lazy\" decoding=\"async\" class=\"alignleft wp-image-28896 size-thumbnail\" src=\"http:\/\/info.sadowne.pl\/wp-content\/uploads\/2024\/04\/2024.04.30.1-180x130.jpg\" alt=\"\" width=\"180\" height=\"130\" \/><\/a><\/p>\n<p><strong>Konstytucj\u0119 3 maja uchwalono w 1791 roku. Szko\u0142a Podstawowa im. b\u0142. ks. Edwarda Grzyma\u0142y w Sadownem uczci\u0142a jej 233. rocznic\u0119 uroczyst\u0105 akademi\u0105.<\/strong><!--more--><\/p>\n<p>3 maja 1791 roku Sejm Czteroletni przyj\u0105\u0142 ustaw\u0119 rz\u0105dow\u0105, kt\u00f3ra przesz\u0142a do historii jako Konstytucja 3 maja. By\u0142a to druga na \u015bwiecie i pierwsza w Europie ustawa reguluj\u0105ca organizacj\u0119 w\u0142adz pa\u0144stwowych, a tak\u017ce prawa i obowi\u0105zki obywateli, wci\u0105\u017c jeszcze podzielonych na stany.<\/p>\n<p>Po upadku Rzeczypospolitej Konstytucja 3 maja sta\u0142a si\u0119 symbolem wielkich dokona\u0144 i dowodem na to, \u017ce mo\u017cna by\u0142o stworzy\u0107 silne, sprawne i nowoczesne pa\u0144stwo. Legenda Konstytucji pobudza\u0142a do walk o jego odrodzenie przez ca\u0142y okres zabor\u00f3w. Polacy dzi\u0119ki przyj\u0119ciu Konstytucji 3 maja odzyskali poczucie w\u0142asnej warto\u015bci i szacunek dla swego politycznego dziedzictwa. W latach niewoli by\u0142y to wa\u017cne czynniki wzmacniaj\u0105ce wol\u0119 walki o odzyskanie pa\u0144stwowo\u015bci.<\/p>\n<p>30 kwietnia 2024 roku w Szkole Podstawowej im. b\u0142. ks. Edwarda Grzyma\u0142y w Sadownem odby\u0142a si\u0119 uroczysta akademia upami\u0119tniaj\u0105ca to wydarzenie. Po wprowadzeniu do hali sportowej sztandaru Szko\u0142y i od\u015bpiewaniu hymnu pa\u0144stwowego, g\u0142os zabra\u0142a p. dyrektor Ma\u0142gorzat Koro\u015b, kt\u00f3ra w kilku s\u0142owach nakre\u015bli\u0142a rys historyczny uchwalenia Konstytucji 3 maja, a tak\u017ce powita\u0142a przyby\u0142ych na uroczysto\u015b\u0107 go\u015bci, nauczycieli, uczni\u00f3w i przedstawicieli Rady Rodzic\u00f3w SP Sadowne. Uroczysto\u015b\u0107 swoj\u0105 obecno\u015bci\u0105 zaszczycili m.in. pp.: Waldemar Cyran \u2013 w\u00f3jt Gminy Sadowne, Tomasz Szymanik \u2013 przewodnicz\u0105cy Rady Gminy Sadowne, ks. Antoni Kunicki \u2013 proboszcz parafii Sadowne, Agata S\u0119dek \u2013 dyrektor Przedszkola w Sadownem, Krzysztof K\u0105dziela \u2013 emerytowany nauczyciel.<\/p>\n<p>Po wyst\u0105pieniu p. dyrektor, \u201eg\u0142os\u201d zabrali uczniowie, kt\u00f3rzy przedstawili tematyczny monta\u017c s\u0142owno \u2013 muzyczny, zawieraj\u0105cy r\u00f3wnie\u017c prezentacj\u0119 multimedialn\u0105. Monta\u017c zako\u0144czy\u0142 \u201etaniec\u201d z polskimi barwami narodowymi, przypominaj\u0105cy o nadchodz\u0105cym \u2013 2 maja \u2013 \u015awi\u0119cie Flagi.<\/p>\n<p>Spotkanie to by\u0142o te\u017c okazj\u0105 do og\u0142oszenia wynik\u00f3w i wr\u0119czenia nagr\u00f3d zwyci\u0119zcom Szkolnego Turnieju Szachowego, kt\u00f3ry odby\u0142 si\u0119 kilka dni wcze\u015bniej. Pomys\u0142odawcami i organizatorami Turnieju byli nauczyciele SP Sadowne: p. Aneta Popowska \u2013 Filipiak, p. Katarzyna Sk\u00f3ra i p. S\u0142awomir Akonom. Wzi\u0119\u0142o w nim udzia\u0142 21 uczni\u00f3w &#8211; oto wyniki Turnieju:<\/p>\n<p><strong>Kategoria \u2013 klasy IV-VI<\/strong><\/p>\n<p>I miejsce \u2013 Dawid Czaczkowski<\/p>\n<p>II miejsce &#8211; Micha\u0142 Kobyli\u0144ski<\/p>\n<p>III miejsce \u2013 Micha\u0142 Cymerman i Andrii Tarhomskyi<\/p>\n<p><strong>Kategoria \u2013 klasy VII-VIII<\/strong><\/p>\n<p>I miejsce \u2013 Magdalena Kalbarczyk<\/p>\n<p>II miejsce \u2013 Maciej Tyszka<\/p>\n<p>III miejsce \u2013 Patryk Krasuski<\/p>\n<p>Najlepsi szachi\u015bci otrzymali nagrody, kt\u00f3re zasponsorowa\u0142a Rada Rodzic\u00f3w SP Sadowne, a wszyscy uczestnicy Turnieju \u2013 dyplomy. Jak poinformowa\u0142a p. dyrektor Ma\u0142gorzata Koro\u015b, pomys\u0142 organizowania w szkole Turnieju Szachowego b\u0119dzie powielany w kolejnych latach, a wszyscy uczniowie b\u0119d\u0105 mieli mo\u017cliwo\u015b\u0107 do\u0142\u0105czenia do grupy szachist\u00f3w.<\/p>\n<p>Na zako\u0144czenie uroczysto\u015bci g\u0142os zabrali: p. Waldemar Cyran i ks. Antoni Kunicki. W wyst\u0105pieniach pad\u0142y s\u0142owa podzi\u0119kowania za przygotowanie tej uroczysto\u015bci i utrwalanie tak wa\u017cnej dla nas wszystkich historii Polski.<\/p>\n<p>Warto wspomnie\u0107, \u017ce uroczysto\u015b\u0107 szkoln\u0105 przygotowali: p. Sylwia Ilczuk, p. Aneta Popowska \u2013 Filipiak, p. Katarzyna Sk\u00f3ra, p. Marcin Ilczuk i p. Kamil Kie\u0142ek. Dzi\u0119kujemy\u2026.<\/p>\n<p><span style=\"color: #0000ff;\"><a style=\"color: #0000ff;\" href=\"https:\/\/photos.app.goo.gl\/cojBSs4C2d1DqMf17\" target=\"_blank\" rel=\"noopener\"><strong>Zdj\u0119cia w galerii Google&gt;&gt;&gt;<\/strong><\/a><\/span><\/p>\n<p><strong>Tekst\/foto:<\/strong> S\u0142awek Chyli\u0144ski<\/p>\n","protected":false},"excerpt":{"rendered":"<p>Konstytucj\u0119 3 maja uchwalono w 1791 roku. Szko\u0142a Podstawowa im. b\u0142. ks. Edwarda Grzyma\u0142y w Sadownem uczci\u0142a jej 233. rocznic\u0119 uroczyst\u0105 akademi\u0105.<\/p>\n","protected":false},"author":1,"featured_media":0,"comment_status":"closed","ping_status":"closed","sticky":false,"template":"","format":"standard","meta":{"footnotes":""},"categories":[5,1752,84],"tags":[4133,1326,16],"class_list":["post-28895","post","type-post","status-publish","format-standard","hentry","category-newsy","category-edukacja","category-szkola-podstawowa-im-cz-wycecha","tag-233-rocznica-uchwalenia-konstytucji-3-maja","tag-swieto-konstytucji-3-maja-w-sadownem","tag-szkola-podstawowa-w-sadownem"],"views":1962,"_links":{"self":[{"href":"https:\/\/info.sadowne.pl\/index.php?rest_route=\/wp\/v2\/posts\/28895","targetHints":{"allow":["GET"]}}],"collection":[{"href":"https:\/\/info.sadowne.pl\/index.php?rest_route=\/wp\/v2\/posts"}],"about":[{"href":"https:\/\/info.sadowne.pl\/index.php?rest_route=\/wp\/v2\/types\/post"}],"author":[{"embeddable":true,"href":"https:\/\/info.sadowne.pl\/index.php?rest_route=\/wp\/v2\/users\/1"}],"replies":[{"embeddable":true,"href":"https:\/\/info.sadowne.pl\/index.php?rest_route=%2Fwp%2Fv2%2Fcomments&post=28895"}],"version-history":[{"count":3,"href":"https:\/\/info.sadowne.pl\/index.php?rest_route=\/wp\/v2\/posts\/28895\/revisions"}],"predecessor-version":[{"id":28899,"href":"https:\/\/info.sadowne.pl\/index.php?rest_route=\/wp\/v2\/posts\/28895\/revisions\/28899"}],"wp:attachment":[{"href":"https:\/\/info.sadowne.pl\/index.php?rest_route=%2Fwp%2Fv2%2Fmedia&parent=28895"}],"wp:term":[{"taxonomy":"category","embeddable":true,"href":"https:\/\/info.sadowne.pl\/index.php?rest_route=%2Fwp%2Fv2%2Fcategories&post=28895"},{"taxonomy":"post_tag","embeddable":true,"href":"https:\/\/info.sadowne.pl\/index.php?rest_route=%2Fwp%2Fv2%2Ftags&post=28895"}],"curies":[{"name":"wp","href":"https:\/\/api.w.org\/{rel}","templated":true}]}}