{"id":28900,"date":"2024-05-02T15:27:39","date_gmt":"2024-05-02T13:27:39","guid":{"rendered":"http:\/\/info.sadowne.pl\/?p=28900"},"modified":"2024-05-02T15:27:39","modified_gmt":"2024-05-02T13:27:39","slug":"zareby-koscielne-i-okolica","status":"publish","type":"post","link":"https:\/\/info.sadowne.pl\/?p=28900","title":{"rendered":"ZAR\u0118BY KO\u015aCIELNE I OKOLICA"},"content":{"rendered":"<p><strong><a href=\"http:\/\/info.sadowne.pl\/wp-content\/uploads\/2024\/05\/Brok174.jpg\" target=\"_blank\" rel=\"noopener\"><img loading=\"lazy\" decoding=\"async\" class=\"alignleft wp-image-28901 size-thumbnail\" src=\"http:\/\/info.sadowne.pl\/wp-content\/uploads\/2024\/05\/Brok174-180x130.jpg\" alt=\"\" width=\"180\" height=\"130\" \/><\/a>\u2026WE WSPOMNIENIACH ORAZ TW\u00d3RCZO\u015aCI JERZEGO I EL\u017bBIETY FICOWSKICH.<\/strong><!--more--><\/p>\n<p>Urodzony w Warszawie we wrze\u015bniu 1924 r. Jerzy Ficowski, pi\u0119tna\u015bcie lat p\u00f3\u017aniej by\u0142 za m\u0142ody, by pomaszerowa\u0107 na front. W czasie okupacji dojrza\u0142 jednak na tyle, \u017ce wst\u0105pi\u0142 w szeregi Armii Krajowej. W pa\u017adzierniku 1943 r. zosta\u0142 aresztowany w \u0142apance i uwi\u0119ziony na Pawiaku. Przysz\u0142emu poecie uda\u0142o si\u0119 opu\u015bci\u0107 kazamaty dzi\u0119ki staraniom matki. W czasie Powstania Warszawskiego walczy\u0142 jako strzelec \u201eWrak\u201d w mokotowskim Pu\u0142ku AK \u201eBaszta\u201d. Prze\u017cy\u0142, ale widzia\u0142 \u015bmier\u0107 wielu swych koleg\u00f3w. Po powrocie z oflagu, w ma\u0142o przyjaznej dla akowc\u00f3w atmosferze studiowa\u0142 dziennikarstwo, filozofi\u0119 i socjologi\u0119. Jako poeta zadebiutowa\u0142 w roku 1946 wierszem, kt\u00f3ry ukaza\u0142 si\u0119 na \u0142amach tygodnika \u201eDzi\u015b i jutro\u201d, a dwa lata p\u00f3\u017aniej ukaza\u0142 si\u0119 pierwszy tom jego wierszy O\u0142owiani \u017co\u0142nierze.<\/p>\n<p>Nie wpisywa\u0142 si\u0119 w aktualnie panuj\u0105ce mody, a szczeg\u00f3lnie te polityczne. Anna Kamie\u0144ska, znana poetka i pisarka pisa\u0142a, \u017ce \u201ejak wielu wsp\u00f3\u0142czesnych poet\u00f3w, nie mia\u0142 szcz\u0119\u015bcia do krytyki, po prostu nie zajmowano si\u0119 nim wcale. Sta\u0142 z dala od samoreklamuj\u0105cych si\u0119 grup, b\u0119d\u0105c poet\u0105 o du\u017cej niezale\u017cno\u015bci\u201d. Pisarz za\u015b i krytyk literacki Bogdan Wojdowski podsumowa\u0142 upodobania literackie naszego bohatera jeszcze kr\u00f3cej, uznaj\u0105c, i\u017c \u201ezawsze by\u0142y na bakier z koniunktur\u0105\u201d.<\/p>\n<p><strong>Wi\u0119cej na stronie <span style=\"color: #0000ff;\"><a style=\"color: #0000ff;\" href=\"https:\/\/madzelan.cba.pl\/zareby-koscielne-i-okolica-we-wspomnieniach-oraz\/\" target=\"_blank\" rel=\"noopener\">https:\/\/madzelan.cba.pl\/zareby-koscielne-i-okolica-we-wspomnieniach-oraz\/<\/a><\/span><\/strong><\/p>\n","protected":false},"excerpt":{"rendered":"<p>\u2026WE WSPOMNIENIACH ORAZ TW\u00d3RCZO\u015aCI JERZEGO I EL\u017bBIETY FICOWSKICH.<\/p>\n","protected":false},"author":1,"featured_media":0,"comment_status":"closed","ping_status":"closed","sticky":false,"template":"","format":"standard","meta":{"footnotes":""},"categories":[5,3436,31],"tags":[101,4134,3004,2956],"class_list":["post-28900","post","type-post","status-publish","format-standard","hentry","category-newsy","category-opowiesci-historie-legendy-brokowskie-i-nie-tylko","category-historia-gminy","tag-historia-gminy-sadowne","tag-jerzy-ficowski","tag-jerzy-madzelan","tag-opowiesci-historie-legendy-brokowskie-i-nie-tylko"],"views":1609,"_links":{"self":[{"href":"https:\/\/info.sadowne.pl\/index.php?rest_route=\/wp\/v2\/posts\/28900","targetHints":{"allow":["GET"]}}],"collection":[{"href":"https:\/\/info.sadowne.pl\/index.php?rest_route=\/wp\/v2\/posts"}],"about":[{"href":"https:\/\/info.sadowne.pl\/index.php?rest_route=\/wp\/v2\/types\/post"}],"author":[{"embeddable":true,"href":"https:\/\/info.sadowne.pl\/index.php?rest_route=\/wp\/v2\/users\/1"}],"replies":[{"embeddable":true,"href":"https:\/\/info.sadowne.pl\/index.php?rest_route=%2Fwp%2Fv2%2Fcomments&post=28900"}],"version-history":[{"count":1,"href":"https:\/\/info.sadowne.pl\/index.php?rest_route=\/wp\/v2\/posts\/28900\/revisions"}],"predecessor-version":[{"id":28902,"href":"https:\/\/info.sadowne.pl\/index.php?rest_route=\/wp\/v2\/posts\/28900\/revisions\/28902"}],"wp:attachment":[{"href":"https:\/\/info.sadowne.pl\/index.php?rest_route=%2Fwp%2Fv2%2Fmedia&parent=28900"}],"wp:term":[{"taxonomy":"category","embeddable":true,"href":"https:\/\/info.sadowne.pl\/index.php?rest_route=%2Fwp%2Fv2%2Fcategories&post=28900"},{"taxonomy":"post_tag","embeddable":true,"href":"https:\/\/info.sadowne.pl\/index.php?rest_route=%2Fwp%2Fv2%2Ftags&post=28900"}],"curies":[{"name":"wp","href":"https:\/\/api.w.org\/{rel}","templated":true}]}}