{"id":28906,"date":"2024-05-07T17:44:28","date_gmt":"2024-05-07T15:44:28","guid":{"rendered":"http:\/\/info.sadowne.pl\/?p=28906"},"modified":"2024-05-07T18:00:59","modified_gmt":"2024-05-07T16:00:59","slug":"i-sesja-rady-gminy-sadowne","status":"publish","type":"post","link":"https:\/\/info.sadowne.pl\/?p=28906","title":{"rendered":"I Sesja Rady Gminy Sadowne"},"content":{"rendered":"<p><a href=\"http:\/\/info.sadowne.pl\/wp-content\/uploads\/2024\/05\/2024.05.07.1.jpg\" target=\"_blank\" rel=\"noopener\"><img loading=\"lazy\" decoding=\"async\" class=\"alignleft wp-image-28907 size-thumbnail\" src=\"http:\/\/info.sadowne.pl\/wp-content\/uploads\/2024\/05\/2024.05.07.1-180x130.jpg\" alt=\"\" width=\"180\" height=\"130\" \/><\/a><\/p>\n<p><strong>7 maja 2024 roku w Sali Konferencyjnej Urz\u0119du Gminy Sadowne odby\u0142a si\u0119 I Sesja Rady Gminy Sadowne kadencji 2024 \u2013 2029.<\/strong><!--more--><\/p>\n<p>Pierwsz\u0105 Sesj\u0119 Rady Gminy Sadowne obecnej kadencji we wtorkowe przedpo\u0142udnie otworzy\u0142a radna seniorka p. Irena D\u0119bkowska, witaj\u0105c przyby\u0142ych: w\u0142adze gminy, radnych, so\u0142tys\u00f3w, kierownik\u00f3w jednostek organizacyjnych i go\u015bci.<\/p>\n<p>Po kr\u00f3tkiej informacji W\u00f3jta Gminy Sadowne p. Waldemara Cyrana, Przewodnicz\u0105cy Gminnej Komisji Wyborczej p. Marcin Gr\u0119da wr\u0119czy\u0142 radnym, kt\u00f3rych wybrali 7 kwietnia mieszka\u0144cy gminy Sadowne, za\u015bwiadczenia o wyborze. Radni kolejno z\u0142o\u017cyli te\u017c \u015blubowanie. Przypomnijmy, \u017ce w sk\u0142ad Rady Gminy Sadowne kadencji 2024 \u2013 2029 wchodzi 15-tu radnych. S\u0105 to pp.: Irena D\u0119bkowska, Krzysztof Sych, Dorota Mianowicz, Jaros\u0142aw Zy\u015bk, Tomasz Szymanik, Janusz Kibart, Marek Gajewski, Andrzej Kopacz, Pawe\u0142 Rosi\u0144ski, Teresa Wielgat, Bo\u017cena Rod\u017a, Krzysztof Filipiak, Ryszard Niegowski, S\u0142awomir Rydzewski i Anna Wycech.<\/p>\n<p>Po \u015blubowaniu radnych, za\u015bwiadczenie o wyborze na urz\u0105d W\u00f3jta Gminy Sadowne otrzyma\u0142 r\u00f3wnie\u017c p. Waldemar Cyran, kt\u00f3ry tak\u017ce z\u0142o\u017cy\u0142 \u015blubowanie.<\/p>\n<p>Zgodnie z porz\u0105dkiem obrad, wybrano Komisj\u0119 Skrutacyjn\u0105, w sk\u0142ad kt\u00f3rej weszli: p. Teresa Wielgat, p. Krzysztof Sych i p. Krzysztof Filipiak. Przeprowadzone tajne g\u0142osowania wy\u0142oni\u0142y Przewodnicz\u0105cego i Wiceprzewodnicz\u0105cych Rady Gminy Sadowne. Zostali nimi:<\/p>\n<p>&#8211; Przewodnicz\u0105cy Rady Gminy Sadowne \u2013 p. Tomasz Szymanik<\/p>\n<p>&#8211; I Wiceprzewodnicz\u0105cy Rady Gminy Sadowne \u2013 p. Irena D\u0119bkowska<\/p>\n<p>&#8211; II Wiceprzewodnicz\u0105cy Rady Gminy Sadowne \u2013 p. Bo\u017cena Rod\u017a.<\/p>\n<p>Po wyst\u0105pieniach, podzi\u0119kowaniach, gratulacjach, I Sesj\u0119 Rady Gminy Sadowne zamkn\u0105\u0142 Przewodnicz\u0105cy nowej kadencji Rady p. Tomasz Szymanik.<\/p>\n<p><strong>P.S. <\/strong>Jak podsumowa\u0142 p. W\u00f3jt Waldemar Cyran, frekwencja w tegorocznych wyborach samorz\u0105dowych wynios\u0142a w gminie Sadowne 49,95% &#8211; do\u015b\u0107 nisko, ale obietnic\u0119 o nagrodzeniu so\u0142ectwa z najwy\u017csz\u0105 frekwencj\u0105 w\u015br\u00f3d so\u0142ectw gminy Sadowne trzeba zrealizowa\u0107. Nagrod\u0119 pieni\u0119\u017cn\u0105 z tego tytu\u0142u w wysoko\u015bci 10 tys. z\u0142 otrzyma wkr\u00f3tce so\u0142ectwo Ra\u017cny, kt\u00f3re wykaza\u0142o si\u0119 najwy\u017csz\u0105 frekwencj\u0105 \u2013 70,77%. Nagroda ta zapewne przyda si\u0119 na przygotowanie uroczystych obchod\u00f3w 600-lecia Ra\u017cen. W imieniu Organizator\u00f3w ju\u017c teraz zapraszamy na uroczysto\u015bci, kt\u00f3re odb\u0119d\u0105 si\u0119 30 czerwca 2024 roku w Ra\u017cnach.<\/p>\n<p><span style=\"color: #0000ff;\"><a style=\"color: #0000ff;\" href=\"https:\/\/photos.app.goo.gl\/Vhhuy2gMMcQsbNGB8\" target=\"_blank\" rel=\"noopener\"><strong>Zdj\u0119cia w galerii Google&gt;&gt;&gt;<\/strong><\/a><\/span><\/p>\n<p><strong>Mo\u017cna te\u017c obejrze\u0107 transmisj\u0119 z I Sesji Rady Gminy na stronie <span style=\"color: #0000ff;\"><a style=\"color: #0000ff;\" href=\"https:\/\/transmisjaobrad.info\/videos\/16480\/i-sesja-rady-gminy-sadowne-z-dnia-07052024-r\" target=\"_blank\" rel=\"noopener\">https:\/\/transmisjaobrad.info\/videos\/16480\/i-sesja-rady-gminy-sadowne-z-dnia-07052024-r<\/a><\/span><\/strong><\/p>\n<p><strong>Tekst\/foto:<\/strong> S\u0142awek Chyli\u0144ski<\/p>\n","protected":false},"excerpt":{"rendered":"<p>7 maja 2024 roku w Sali Konferencyjnej Urz\u0119du Gminy Sadowne odby\u0142a si\u0119 I Sesja Rady Gminy Sadowne kadencji 2024 \u2013 2029.<\/p>\n","protected":false},"author":1,"featured_media":0,"comment_status":"closed","ping_status":"closed","sticky":false,"template":"","format":"standard","meta":{"footnotes":""},"categories":[5,41],"tags":[1058,4135,614],"class_list":["post-28906","post","type-post","status-publish","format-standard","hentry","category-newsy","category-wiesci-gminne","tag-i-sesja-rady-gminy-sadowne","tag-kadencja-rady-gminy-sadowne-2024-2029","tag-wojt-gminy-sadowne"],"views":2781,"_links":{"self":[{"href":"https:\/\/info.sadowne.pl\/index.php?rest_route=\/wp\/v2\/posts\/28906","targetHints":{"allow":["GET"]}}],"collection":[{"href":"https:\/\/info.sadowne.pl\/index.php?rest_route=\/wp\/v2\/posts"}],"about":[{"href":"https:\/\/info.sadowne.pl\/index.php?rest_route=\/wp\/v2\/types\/post"}],"author":[{"embeddable":true,"href":"https:\/\/info.sadowne.pl\/index.php?rest_route=\/wp\/v2\/users\/1"}],"replies":[{"embeddable":true,"href":"https:\/\/info.sadowne.pl\/index.php?rest_route=%2Fwp%2Fv2%2Fcomments&post=28906"}],"version-history":[{"count":2,"href":"https:\/\/info.sadowne.pl\/index.php?rest_route=\/wp\/v2\/posts\/28906\/revisions"}],"predecessor-version":[{"id":28909,"href":"https:\/\/info.sadowne.pl\/index.php?rest_route=\/wp\/v2\/posts\/28906\/revisions\/28909"}],"wp:attachment":[{"href":"https:\/\/info.sadowne.pl\/index.php?rest_route=%2Fwp%2Fv2%2Fmedia&parent=28906"}],"wp:term":[{"taxonomy":"category","embeddable":true,"href":"https:\/\/info.sadowne.pl\/index.php?rest_route=%2Fwp%2Fv2%2Fcategories&post=28906"},{"taxonomy":"post_tag","embeddable":true,"href":"https:\/\/info.sadowne.pl\/index.php?rest_route=%2Fwp%2Fv2%2Ftags&post=28906"}],"curies":[{"name":"wp","href":"https:\/\/api.w.org\/{rel}","templated":true}]}}