{"id":28926,"date":"2024-05-11T14:22:23","date_gmt":"2024-05-11T12:22:23","guid":{"rendered":"http:\/\/info.sadowne.pl\/?p=28926"},"modified":"2024-05-11T14:56:55","modified_gmt":"2024-05-11T12:56:55","slug":"wernisaz-poplenerowy-2","status":"publish","type":"post","link":"https:\/\/info.sadowne.pl\/?p=28926","title":{"rendered":"Wernisa\u017c poplenerowy\u2026"},"content":{"rendered":"<p><a href=\"http:\/\/info.sadowne.pl\/wp-content\/uploads\/2024\/05\/2024.05.11.1.jpg\" target=\"_blank\" rel=\"noopener\"><img loading=\"lazy\" decoding=\"async\" class=\"alignleft wp-image-28927 size-thumbnail\" src=\"http:\/\/info.sadowne.pl\/wp-content\/uploads\/2024\/05\/2024.05.11.1-180x130.jpg\" alt=\"\" width=\"180\" height=\"130\" \/><\/a><\/p>\n<p><strong>W tym roku to ju\u017c XXIV Plener Malarski im. E. Hermana w Sadownem. 10 maja 2024 roku w Gminnym O\u015brodku Kultury odby\u0142 si\u0119 wernisa\u017c poplenerowy.<\/strong><!--more--><\/p>\n<p>XXIV Plener Malarski w Sadownem jeszcze trwa. Zaplanowano, i\u017c odb\u0119dzie si\u0119 w terminie od 30 kwietnia do 13 maja br., a na wernisa\u017c poplenerowy arty\u015bci zaprosili mieszka\u0144c\u00f3w Sadownego na pi\u0105tkowe popo\u0142udnie 10 maja.<\/p>\n<p><a href=\"http:\/\/info.sadowne.pl\/wp-content\/uploads\/2024\/05\/2024.05.11.5.jpg\"><img loading=\"lazy\" decoding=\"async\" class=\"aligncenter size-full wp-image-28931\" src=\"http:\/\/info.sadowne.pl\/wp-content\/uploads\/2024\/05\/2024.05.11.5.jpg\" alt=\"\" width=\"608\" height=\"72\" srcset=\"https:\/\/info.sadowne.pl\/wp-content\/uploads\/2024\/05\/2024.05.11.5.jpg 608w, https:\/\/info.sadowne.pl\/wp-content\/uploads\/2024\/05\/2024.05.11.5-300x36.jpg 300w\" sizes=\"auto, (max-width: 608px) 100vw, 608px\" \/><\/a><\/p>\n<p>Podczas oficjalnego otwarcia wernisa\u017cu pad\u0142y s\u0142owa podzi\u0119kowania zar\u00f3wno ze strony artyst\u00f3w, w imieniu kt\u00f3rych zabra\u0142a g\u0142os komisarz pleneru p. Teres\u0119 Urbanowska, jak i przedstawicieli naszej Gminy, opiekun\u00f3w i wsp\u00f3\u0142organizator\u00f3w pleneru: p. Waldemara Cyrana \u2013 W\u00f3jta Gminy Sadowne i p. Ewy Pi\u00f3rkowskiej \u2013 Dyrektora Gminnego O\u015brodka Kultury w Sadownem. Deklarowano r\u00f3wnie\u017c kontynuacj\u0119 organizowania w kolejnych latach pleneru, kt\u00f3ry pozytywnie wp\u0142ywa na promocj\u0119 Gminy Sadowne, a jednocze\u015bnie umo\u017cliwia naszym mieszka\u0144com udzia\u0142 w nim i w organizowanych przez artyst\u00f3w warsztatach oraz bezpo\u015bredni kontakt ze sztuk\u0105 i jej wybitnymi tw\u00f3rcami.<\/p>\n<p>Warto przypomnie\u0107, \u017ce od kilku lat sadowie\u0144ski plener ma swojego Patrona. Jest nim \u015b.p. prof. Edward Herman, pomys\u0142odawca i organizator poprzednich plener\u00f3w, a jednocze\u015bnie wieloletni dyrektor Liceum Og\u00f3lnokszta\u0142c\u0105cego w Sadownem. W kilku s\u0142owach o Patronie opowiedzia\u0142 p. Krzysztof K\u0105dziela \u2013 emerytowany nauczyciel, wsp\u00f3\u0142pracownik p. Hermana, obecnie te\u017c kustosz Muzeum Le\u015bnictwa i \u0141owiectwa w Sadownem.<\/p>\n<p>W tym roku arty\u015bci w czasie ca\u0142ego pleneru go\u015bcili u p. Alfreda Robaka w Ostoi Dworskiej, kt\u00f3ra zlokalizowana jest w Oci\u0119tem &#8211; ju\u017c deklaruj\u0105 powr\u00f3t za rok, podczas jubileuszowego XXV Pleneru.<\/p>\n<p>A podczas uroczystego wernisa\u017cu, kt\u00f3ry odby\u0142 si\u0119 10 maja w Gminnym O\u015brodku Kultury w Sadownem mo\u017cna by\u0142o obejrze\u0107 efekty kilkudniowej pracy artyst\u00f3w \u2013 zamiejscowych i lokalnych. Zwiedzaj\u0105cy wystaw\u0119 byli pe\u0142ni podziwu dla pomys\u0142owo\u015bci tw\u00f3rc\u00f3w i jako\u015bci prezentowanych prac. Wernisa\u017c u\u015bwietni\u0142y te\u017c Panie z Zespo\u0142u \u015apiewaczego \u201eSadowianki\u201d, z kt\u00f3rymi obecni mieli okazj\u0119 za\u015bpiewa\u0107 pie\u015b\u0144 o Sadownem, a w\u0142a\u015bciwie wsp\u00f3lnie tylko refren, kt\u00f3ry bardzo \u201ewpada w ucho\u201d:<\/p>\n<p style=\"text-align: center;\"><em>Ja kocham Sadowne, ja kocham<\/em><\/p>\n<p style=\"text-align: center;\"><em>to miejsce w\u015br\u00f3d kwiat\u00f3w.<\/em><\/p>\n<p style=\"text-align: center;\"><em>Ja kocham Sadowne, to miejsce<\/em><\/p>\n<p style=\"text-align: center;\"><em>przyjaznych klimat\u00f3w.<\/em><\/p>\n<p style=\"text-align: center;\"><em>Ja kocham Sadowne, to miejsce,<\/em><\/p>\n<p style=\"text-align: center;\"><em>gdzie \u017cyje si\u0119 cudnie.<\/em><\/p>\n<p style=\"text-align: center;\"><em>Dzwonami w po\u0142udnie oznajmia,<\/em><\/p>\n<p style=\"text-align: center;\"><em>\u017ce warto tu \u017cy\u0107.<\/em><\/p>\n<p>Przypomnijmy te\u017c, \u017ce w tym roku w plenerze uczestniczy\u0142o siedemnastu artyst\u00f3w. Panie z Gminnego O\u015brodka Kultury w Sadownem przygotowa\u0142y dla nich na po\u017cegnanie pami\u0105tkowe statuetki \u2013 bardzo, bardzo ciekawe i niespotykane (grunt to mie\u0107 dobry pomys\u0142). A kto uczestniczy\u0142 w tegorocznym plenerze? Oto ta grupa artyst\u00f3w:<\/p>\n<p><a href=\"http:\/\/info.sadowne.pl\/wp-content\/uploads\/2024\/05\/2024.05.11.2-rotated.jpg\"><img loading=\"lazy\" decoding=\"async\" class=\"aligncenter size-full wp-image-28928\" src=\"http:\/\/info.sadowne.pl\/wp-content\/uploads\/2024\/05\/2024.05.11.2-rotated.jpg\" alt=\"\" width=\"607\" height=\"426\" srcset=\"https:\/\/info.sadowne.pl\/wp-content\/uploads\/2024\/05\/2024.05.11.2-rotated.jpg 607w, https:\/\/info.sadowne.pl\/wp-content\/uploads\/2024\/05\/2024.05.11.2-300x211.jpg 300w\" sizes=\"auto, (max-width: 607px) 100vw, 607px\" \/><\/a><\/p>\n<p><a href=\"http:\/\/info.sadowne.pl\/wp-content\/uploads\/2024\/05\/2024.05.11.3-rotated.jpg\"><img loading=\"lazy\" decoding=\"async\" class=\"aligncenter size-full wp-image-28929\" src=\"http:\/\/info.sadowne.pl\/wp-content\/uploads\/2024\/05\/2024.05.11.3-rotated.jpg\" alt=\"\" width=\"604\" height=\"417\" srcset=\"https:\/\/info.sadowne.pl\/wp-content\/uploads\/2024\/05\/2024.05.11.3-rotated.jpg 604w, https:\/\/info.sadowne.pl\/wp-content\/uploads\/2024\/05\/2024.05.11.3-300x207.jpg 300w\" sizes=\"auto, (max-width: 604px) 100vw, 604px\" \/><\/a><\/p>\n<p><a href=\"http:\/\/info.sadowne.pl\/wp-content\/uploads\/2024\/05\/2024.05.11.4-rotated.jpg\"><img loading=\"lazy\" decoding=\"async\" class=\"aligncenter size-full wp-image-28930\" src=\"http:\/\/info.sadowne.pl\/wp-content\/uploads\/2024\/05\/2024.05.11.4-rotated.jpg\" alt=\"\" width=\"606\" height=\"423\" srcset=\"https:\/\/info.sadowne.pl\/wp-content\/uploads\/2024\/05\/2024.05.11.4-rotated.jpg 606w, https:\/\/info.sadowne.pl\/wp-content\/uploads\/2024\/05\/2024.05.11.4-300x209.jpg 300w\" sizes=\"auto, (max-width: 606px) 100vw, 606px\" \/><\/a><\/p>\n<p><strong>Wystaw\u0119 poplenerow\u0105 mo\u017cna jeszcze obejrze\u0107 w niedziel\u0119 12 maja od godz. 10 do godz. 13. Je\u015bli jest kto\u015b zainteresowany podziwianiem prac naszych artyst\u00f3w w innych godzinach, prosimy o kontakt pod numerem telefonu 502-086-989. Serdecznie zapraszamy!<\/strong><\/p>\n<p><span style=\"color: #0000ff;\"><a style=\"color: #0000ff;\" href=\"https:\/\/photos.app.goo.gl\/rYfFn5T9kUjvDvtW6\" target=\"_blank\" rel=\"noopener\"><strong>Zdj\u0119cia w galerii Google&gt;&gt;&gt;<\/strong><\/a><\/span><\/p>\n<p><strong>Tekst\/foto:<\/strong> S\u0142awek Chyli\u0144ski<\/p>\n","protected":false},"excerpt":{"rendered":"<p>W tym roku to ju\u017c XXIV Plener Malarski im. E. Hermana w Sadownem. 10 maja 2024 roku w Gminnym O\u015brodku Kultury odby\u0142 si\u0119 wernisa\u017c poplenerowy.<\/p>\n","protected":false},"author":1,"featured_media":0,"comment_status":"closed","ping_status":"closed","sticky":false,"template":"","format":"standard","meta":{"footnotes":""},"categories":[5,91,6],"tags":[169,2813,4137],"class_list":["post-28926","post","type-post","status-publish","format-standard","hentry","category-newsy","category-gminny-osrodek-kultury","category-kultura-rozrywka-edukacja","tag-gminny-osrodek-kultury-w-sadownem","tag-wernisaz-poplenerowy","tag-xxiv-plener-malarski-im-e-hermana-w-sadownem"],"views":2270,"_links":{"self":[{"href":"https:\/\/info.sadowne.pl\/index.php?rest_route=\/wp\/v2\/posts\/28926","targetHints":{"allow":["GET"]}}],"collection":[{"href":"https:\/\/info.sadowne.pl\/index.php?rest_route=\/wp\/v2\/posts"}],"about":[{"href":"https:\/\/info.sadowne.pl\/index.php?rest_route=\/wp\/v2\/types\/post"}],"author":[{"embeddable":true,"href":"https:\/\/info.sadowne.pl\/index.php?rest_route=\/wp\/v2\/users\/1"}],"replies":[{"embeddable":true,"href":"https:\/\/info.sadowne.pl\/index.php?rest_route=%2Fwp%2Fv2%2Fcomments&post=28926"}],"version-history":[{"count":2,"href":"https:\/\/info.sadowne.pl\/index.php?rest_route=\/wp\/v2\/posts\/28926\/revisions"}],"predecessor-version":[{"id":28933,"href":"https:\/\/info.sadowne.pl\/index.php?rest_route=\/wp\/v2\/posts\/28926\/revisions\/28933"}],"wp:attachment":[{"href":"https:\/\/info.sadowne.pl\/index.php?rest_route=%2Fwp%2Fv2%2Fmedia&parent=28926"}],"wp:term":[{"taxonomy":"category","embeddable":true,"href":"https:\/\/info.sadowne.pl\/index.php?rest_route=%2Fwp%2Fv2%2Fcategories&post=28926"},{"taxonomy":"post_tag","embeddable":true,"href":"https:\/\/info.sadowne.pl\/index.php?rest_route=%2Fwp%2Fv2%2Ftags&post=28926"}],"curies":[{"name":"wp","href":"https:\/\/api.w.org\/{rel}","templated":true}]}}