{"id":28937,"date":"2024-05-13T12:11:33","date_gmt":"2024-05-13T10:11:33","guid":{"rendered":"http:\/\/info.sadowne.pl\/?p=28937"},"modified":"2024-05-13T12:11:33","modified_gmt":"2024-05-13T10:11:33","slug":"kronika-strazacka-06-12-05-2024","status":"publish","type":"post","link":"https:\/\/info.sadowne.pl\/?p=28937","title":{"rendered":"Kronika stra\u017cacka 06-12.05.2024"},"content":{"rendered":"<p><strong><a href=\"http:\/\/info.sadowne.pl\/wp-content\/uploads\/2023\/06\/straz3-scaled.jpg\"><img loading=\"lazy\" decoding=\"async\" class=\"alignleft size-thumbnail wp-image-27687\" src=\"http:\/\/info.sadowne.pl\/wp-content\/uploads\/2023\/06\/straz3-180x130.jpg\" alt=\"\" width=\"180\" height=\"130\" \/><\/a>W<\/strong> <strong>okresie<\/strong> <strong>od<\/strong><strong> 06.05 do 12.05.2024 \u00a0<\/strong><strong>na<\/strong> <strong>terenie<\/strong> <strong>powiatu<\/strong> <strong>w\u0119growskiego<\/strong> <strong>zanotowano: <\/strong><strong>12 <\/strong><strong>zdarze\u0144,<\/strong> <strong>przy<\/strong> <strong>kt\u00f3rych<\/strong> <strong>interweniowa\u0142y<\/strong> <strong>jednostki<\/strong> <strong>ochrony<\/strong> <strong>przeciwpo\u017carowej, w tym:<\/strong><strong> 6 po\u017car\u00f3w, 5 miejscowych zagro\u017ce\u0144, 1 alarm fa\u0142szywy.<\/strong><!--more--><\/p>\n<p><strong>08.05.2024 \u2013 Zieleniec, gm. Sadowne \u2013 \u00a0Po\u017car poszycia w lesie.<\/strong><\/p>\n<p>Do po\u017caru zosta\u0142 zadysponowany zast\u0119p JRG PSP z posterunku w Ostr\u00f3wku oraz 3 zast\u0119py \u00a0s\u0105siednich jednostek OSP. Po doje\u017adzie na miejsce zdarzenia zast\u0119pu JRG stra\u017cacy stwierdzili, \u017ce pali si\u0119 ok. 3 ary poszycia w lesie. Dzia\u0142ania zast\u0119pu JRG polega\u0142y na podaniu jednego pr\u0105du wody w natarciu, co doprowadzi\u0142o do lokalizacji po\u017caru. Na miejsce zdarzenia przyby\u0142y jednostki OSP Sadowne (2 pojazdy) oraz OSP Zalesie (1 pojazd), kt\u00f3re wspar\u0142y dzia\u0142ania Posterunku rozwijaj\u0105c drug\u0105 lini\u0119 ga\u015bnicz\u0105. Pogorzelisko zosta\u0142o dok\u0142adnie przelane w celu wyeliminowania ponownego wyst\u0105pienia po\u017caru. Na tym dzia\u0142ania zako\u0144czono.<\/p>\n<p>W DZIA\u0141ANIACH RATOWNICZYCH UDZIA\u0141 BRA\u0141O: 4 zast\u0119py, 16 ratownik\u00f3w.<\/p>\n<p><strong>08.05.2024 \u2013 W\u0119gr\u00f3w, ul. Go\u015bciniec Niepodleg\u0142o\u015bci \u2013 Po\u017car poszycia w lesie.<\/strong><\/p>\n<p>Do SKKP wp\u0142yn\u0119\u0142o zg\u0142oszenie telefoniczne o zadymieniu w lesie (W\u0119gr\u00f3w, ul. Go\u015bciniec Niepodleg\u0142o\u015bci), gdzie kilka dni temu mia\u0142 miejsce po\u017car. SK do zdarzenia zadysponowa\u0142 zast\u0119p JRG PSP W\u0119gr\u00f3w. Po przybyciu na miejsce zast\u0119pu JRG, okaza\u0142o si\u0119, \u017ce \u00a0pali si\u0119 \u015bcio\u0142a na powierzchni ok. 0.5 ha obok miejsca, w kt\u00f3rym trzy dni temu mia\u0142 miejsce po\u017car. Na miejsce po\u017caru zosta\u0142y zadysponowane jeszcze 2 zast\u0119py OSP. Podano 3 pr\u0105dy wody, co doprowadzi\u0142o do ugaszenia po\u017caru. Na tym dzia\u0142ania zako\u0144czono.<\/p>\n<p>W DZIA\u0141ANIACH RATOWNICZYCH UDZIA\u0141 BRA\u0141O: 3 zast\u0119py, 11 ratownik\u00f3w.<\/p>\n<p><strong>09.05.2024 \u2013 Gr\u0119bk\u00f3w \u2013 <\/strong><strong>Zderzenie pojazdu osobowego z \u0142osiem.<\/strong><\/p>\n<p>Do zdarzenia zadysponowano zast\u0119p JRG W\u0119gr\u00f3w oraz pobliskie OSP Gr\u0119bk\u00f3w. Po przybyciu na miejsce zdarzenia OSP Gr\u0119bk\u00f3w, Kieruj\u0105cy Dzia\u0142aniami Ratowniczymi stwierdzi\u0142, \u017ce jad\u0105cy drog\u0105 powiatow\u0105 samoch\u00f3d osobowy uderzy\u0142 w \u0142osia, wpad\u0142 w r\u00f3w, poszkodowany o w\u0142asnych si\u0142ach opu\u015bci\u0142 pojazd, lecz jest ranny, droga nieprzejezdna. Dzia\u0142ania zast\u0119pu polega\u0142y na zabezpieczeniu miejsca zdarzenia, udzieleniu pomocy przedmedycznej poszkodowanemu. Na miejsce przyby\u0142 ZRM i przekazano \u00a0poszkodowanego ratownikom medycznym. Miejsce zdarzenie przekazano Policji. Na tym dzia\u0142ania zako\u0144czono. Zast\u0119py wr\u00f3ci\u0142y do bazy.<\/p>\n<p>W DZIA\u0141ANIACH RATOWNICZYCH UDZIA\u0141 BRA\u0141O: 2 zast\u0119py, 10 ratownik\u00f3w.<\/p>\n<p><strong>12.05.2024 \u2013 Wieliczna, gm. Stoczek \u2013 <\/strong><strong>Wybuch butli z gazem w budynku mieszkalnym.<\/strong><\/p>\n<p>Do SKKP w W\u0119growie wp\u0142yn\u0119\u0142o zg\u0142oszenie dotycz\u0105ce zdarzenia w miejscowo\u015bci Wieliczna o tre\u015bci: &#8222;WYBUCH GAZU DOM JEDNORDZINNY OSOBY BY\u0141Y W \u015aRODKU&#8221;. Do zdarzenia zadysponowano zast\u0119py JRG W\u0119gr\u00f3w, Posterunek JRG Ostr\u00f3wek oraz pobliskie zast\u0119py OSP: Stoczek, Ostr\u00f3wek, Top\u00f3r oraz Grygr\u00f3w, a tak\u017ce Oficera Operacyjnego Powiatu. Po przybyciu na miejsce zdarzenia zast\u0119pu Posterunku JRG, KDR po przeprowadzonym rozpoznaniu stwierdzi\u0142, \u017ce budynek mieszkalny drewniany obj\u0119ty jest po\u017carem w ca\u0142o\u015bci, uleg\u0142 zawaleniu. Z informacji uzyskanych od s\u0105siad\u00f3w wynika\u0142o, \u017ce jedna osoba mo\u017ce by\u0107 w \u015brodku. Po\u017carem zagro\u017cone by\u0142y budynki gospodarcze na dzia\u0142ce s\u0105siaduj\u0105cej. Dzia\u0142ania zast\u0119pu w pierwszej kolejno\u015bci polega\u0142y na zabezpieczeniu miejsca zdarzenia, podaniu jednego pr\u0105du wody w natarciu na pal\u0105cy si\u0119 budynek mieszkalny oraz jednego pr\u0105du wody w obronie budynk\u00f3w zagro\u017conych. Na miejsce zdarzenia dotar\u0142a Policja, ZRM oraz kolejne zadysponowane jednostki stra\u017cy po\u017carnej. Podano kolejne 2 pr\u0105dy ga\u015bnicze. Prowadzone dzia\u0142ania doprowadzi\u0142y do lokalizacji po\u017caru. W trakcie prowadzenia dzia\u0142a\u0144 znaleziono dwie butle z gazem. Stopniowe usuwanie zawalonych element\u00f3w konstrukcji budynku doprowadzi\u0142o do odnalezienia zw\u0142ok m\u0119\u017cczyzny. Kolejne dzia\u0142ania polega\u0142y na przelewaniu pogorzeliska i usuwaniu spalonych cz\u0119\u015bci konstrukcji budynku. Dzia\u0142ania te doprowadzi\u0142y do ca\u0142kowitego ugaszenia po\u017caru. Miejsce zdarzenia przekazano protoko\u0142em Policji, na tym dzia\u0142ania zako\u0144czono.<\/p>\n<p>W DZIA\u0141ANIACH RATOWNICZYCH UDZIA\u0141 BRA\u0141O: 8 zast\u0119p\u00f3w, 41 ratownik\u00f3w.<\/p>\n<p><strong>KP PSP W\u0119gr\u00f3w<\/strong><\/p>\n<p><strong>\u00a0<\/strong><\/p>\n","protected":false},"excerpt":{"rendered":"<p>W okresie od 06.05 do 12.05.2024 \u00a0na terenie powiatu w\u0119growskiego zanotowano: 12 zdarze\u0144, przy kt\u00f3rych interweniowa\u0142y jednostki ochrony przeciwpo\u017carowej, w tym: 6 po\u017car\u00f3w, 5 miejscowych zagro\u017ce\u0144, 1 alarm fa\u0142szywy.<\/p>\n","protected":false},"author":1,"featured_media":0,"comment_status":"closed","ping_status":"closed","sticky":false,"template":"","format":"standard","meta":{"footnotes":""},"categories":[5,4,267],"tags":[491,643],"class_list":["post-28937","post","type-post","status-publish","format-standard","hentry","category-newsy","category-policja-straz-pozarna-pogotowie-ratunkowe","category-straz-pozarna-policja-straz-pozarna-pogotowie-ratunkowe","tag-komenda-powiatowa-panstwowej-strazy-pozarnej-w-wegrowie","tag-kronika-strazacka"],"views":1628,"_links":{"self":[{"href":"https:\/\/info.sadowne.pl\/index.php?rest_route=\/wp\/v2\/posts\/28937","targetHints":{"allow":["GET"]}}],"collection":[{"href":"https:\/\/info.sadowne.pl\/index.php?rest_route=\/wp\/v2\/posts"}],"about":[{"href":"https:\/\/info.sadowne.pl\/index.php?rest_route=\/wp\/v2\/types\/post"}],"author":[{"embeddable":true,"href":"https:\/\/info.sadowne.pl\/index.php?rest_route=\/wp\/v2\/users\/1"}],"replies":[{"embeddable":true,"href":"https:\/\/info.sadowne.pl\/index.php?rest_route=%2Fwp%2Fv2%2Fcomments&post=28937"}],"version-history":[{"count":1,"href":"https:\/\/info.sadowne.pl\/index.php?rest_route=\/wp\/v2\/posts\/28937\/revisions"}],"predecessor-version":[{"id":28938,"href":"https:\/\/info.sadowne.pl\/index.php?rest_route=\/wp\/v2\/posts\/28937\/revisions\/28938"}],"wp:attachment":[{"href":"https:\/\/info.sadowne.pl\/index.php?rest_route=%2Fwp%2Fv2%2Fmedia&parent=28937"}],"wp:term":[{"taxonomy":"category","embeddable":true,"href":"https:\/\/info.sadowne.pl\/index.php?rest_route=%2Fwp%2Fv2%2Fcategories&post=28937"},{"taxonomy":"post_tag","embeddable":true,"href":"https:\/\/info.sadowne.pl\/index.php?rest_route=%2Fwp%2Fv2%2Ftags&post=28937"}],"curies":[{"name":"wp","href":"https:\/\/api.w.org\/{rel}","templated":true}]}}