{"id":28942,"date":"2024-05-16T14:38:22","date_gmt":"2024-05-16T12:38:22","guid":{"rendered":"http:\/\/info.sadowne.pl\/?p=28942"},"modified":"2024-05-16T14:38:22","modified_gmt":"2024-05-16T12:38:22","slug":"z-historii-budowy-kosciola-w-malkini","status":"publish","type":"post","link":"https:\/\/info.sadowne.pl\/?p=28942","title":{"rendered":"Z HISTORII BUDOWY KO\u015aCIO\u0141A W MA\u0141KINI"},"content":{"rendered":"<p><strong><a href=\"http:\/\/info.sadowne.pl\/wp-content\/uploads\/2024\/05\/Brok176.jpg\" target=\"_blank\" rel=\"noopener\"><img loading=\"lazy\" decoding=\"async\" class=\"alignleft wp-image-28943 size-thumbnail\" src=\"http:\/\/info.sadowne.pl\/wp-content\/uploads\/2024\/05\/Brok176-180x130.jpg\" alt=\"\" width=\"180\" height=\"130\" \/><\/a>Artyku\u0142 powsta\u0142 na podstawie notatek sporz\u0105dzonych przez Aleksandra Szablaka (syna Ignacego), telegrafisty na stacji kolejowej w Ma\u0142kini,\u00a0 inicjatora i Przewodnicz\u0105cego Komitetu Budowy Ko\u015bcio\u0142a w Ma\u0142kini. <\/strong><!--more--><\/p>\n<p>W swoich notatkach zapisa\u0142 on kopie dokument\u00f3w (w j\u0119zyku polskim, rosyjskim i po \u0142acinie) kierowanych do w\u0142adz pa\u0144stwowych (rosyjskich) oraz duchownych (biskupstwa p\u0142ockiego), a tak\u017ce protoko\u0142y zebra\u0144 mieszka\u0144c\u00f3w Ma\u0142kini G\u00f3rnej i Dolnej, w kt\u00f3rych odnotowane zosta\u0142y nazwiska os\u00f3b zaanga\u017cowanych w budow\u0119 ko\u015bcio\u0142a. Notatki rozpoczynaj\u0105 si\u0119 30 listopada 1901 roku, a ko\u0144cz\u0105 3 marca 1916 roku z przerw\u0105 mi\u0119dzy 12 grudnia 1907 a 3 marca 1916 roku. Zeszyt, w kt\u00f3rym dokumentowa\u0142 etapy budowy ko\u015bcio\u0142a jest w posiadaniu c\u00f3rki Aleksandra Szablaka \u2013 pani El\u017cbiety Fedoruk.<\/p>\n<p>Wie\u015b Ma\u0142kinia nale\u017ca\u0142a do parafii Brok. Nie jest to blisko, bowiem od centrum Ma\u0142kini do ko\u015bcio\u0142a w Broku jest ok. 13 km (warto zauwa\u017cy\u0107, \u017ce nale\u017c\u0105ca do parafii brokowskiej wie\u015b Nagoszewka jest oddalona o ok. 18 km). W\u0142a\u015bnie odleg\u0142o\u015b\u0107 by\u0142a motywem dla mieszka\u0144c\u00f3w Ma\u0142kini G\u00f3rnej i Dolnej, aby rozpocz\u0105\u0107 starania o budow\u0119 ko\u015bcio\u0142a. Nie by\u0142o to \u0142atwe, bowiem w\u0142adze carskie w XIX wieku niech\u0119tnie zezwala\u0142y na budow\u0119 ko\u015bcio\u0142\u00f3w katolickich w Kr\u00f3lestwie Polskim, aczkolwiek zbudowano w\u00f3wczas murowany ko\u015bci\u00f3\u0142 w niedalekiej Jasienicy (1873-1880) oraz ko\u015bci\u00f3\u0142 pod wezwaniem Naj\u015bwi\u0119tszej Maryi Panny w Ostrowi (1885-1893). Sytuacja zacz\u0119\u0142a si\u0119 zmienia\u0107 w pierwszej dekadzie XX wieku, po wydaniu 17\/30 kwietnia 1905 roku przez cara Miko\u0142aja II tzw. Ukazu tolerancyjnego [Ukaz najwy\u017cszy do Senatu rz\u0105dz\u0105cego o utrwaleniu zasad tolerancji religijnej] dotycz\u0105cego spraw wyznaniowych w Rosji. W Kr\u00f3lestwie Polskim by\u0142 on wa\u017cny przede wszystkim dla unit\u00f3w, kt\u00f3rzy mogli zrezygnowa\u0107 z prawos\u0142awia i przej\u015b\u0107 do ko\u015bcio\u0142a katolickiego. Dotyczy\u0142o to szczeg\u00f3lnie diecezji lubelskiej i podlaskiej.<\/p>\n<p><strong>Wi\u0119cej na stronie <span style=\"color: #0000ff;\"><a style=\"color: #0000ff;\" href=\"https:\/\/madzelan.cba.pl\/z-historii-budowy-kosciola-w-malkini\/\" target=\"_blank\" rel=\"noopener\">https:\/\/madzelan.cba.pl\/z-historii-budowy-kosciola-w-malkini\/<\/a><\/span><\/strong><\/p>\n","protected":false},"excerpt":{"rendered":"<p>Artyku\u0142 powsta\u0142 na podstawie notatek sporz\u0105dzonych przez Aleksandra Szablaka (syna Ignacego), telegrafisty na stacji kolejowej w Ma\u0142kini,\u00a0 inicjatora i Przewodnicz\u0105cego Komitetu Budowy Ko\u015bcio\u0142a w Ma\u0142kini.<\/p>\n","protected":false},"author":1,"featured_media":0,"comment_status":"closed","ping_status":"closed","sticky":false,"template":"","format":"standard","meta":{"footnotes":""},"categories":[5,3436,31],"tags":[3004,273,2956],"class_list":["post-28942","post","type-post","status-publish","format-standard","hentry","category-newsy","category-opowiesci-historie-legendy-brokowskie-i-nie-tylko","category-historia-gminy","tag-jerzy-madzelan","tag-malkinia-gorna","tag-opowiesci-historie-legendy-brokowskie-i-nie-tylko"],"views":1618,"_links":{"self":[{"href":"https:\/\/info.sadowne.pl\/index.php?rest_route=\/wp\/v2\/posts\/28942","targetHints":{"allow":["GET"]}}],"collection":[{"href":"https:\/\/info.sadowne.pl\/index.php?rest_route=\/wp\/v2\/posts"}],"about":[{"href":"https:\/\/info.sadowne.pl\/index.php?rest_route=\/wp\/v2\/types\/post"}],"author":[{"embeddable":true,"href":"https:\/\/info.sadowne.pl\/index.php?rest_route=\/wp\/v2\/users\/1"}],"replies":[{"embeddable":true,"href":"https:\/\/info.sadowne.pl\/index.php?rest_route=%2Fwp%2Fv2%2Fcomments&post=28942"}],"version-history":[{"count":1,"href":"https:\/\/info.sadowne.pl\/index.php?rest_route=\/wp\/v2\/posts\/28942\/revisions"}],"predecessor-version":[{"id":28944,"href":"https:\/\/info.sadowne.pl\/index.php?rest_route=\/wp\/v2\/posts\/28942\/revisions\/28944"}],"wp:attachment":[{"href":"https:\/\/info.sadowne.pl\/index.php?rest_route=%2Fwp%2Fv2%2Fmedia&parent=28942"}],"wp:term":[{"taxonomy":"category","embeddable":true,"href":"https:\/\/info.sadowne.pl\/index.php?rest_route=%2Fwp%2Fv2%2Fcategories&post=28942"},{"taxonomy":"post_tag","embeddable":true,"href":"https:\/\/info.sadowne.pl\/index.php?rest_route=%2Fwp%2Fv2%2Ftags&post=28942"}],"curies":[{"name":"wp","href":"https:\/\/api.w.org\/{rel}","templated":true}]}}