{"id":28969,"date":"2024-05-30T15:20:25","date_gmt":"2024-05-30T13:20:25","guid":{"rendered":"http:\/\/info.sadowne.pl\/?p=28969"},"modified":"2024-05-30T15:20:25","modified_gmt":"2024-05-30T13:20:25","slug":"sadowianki-lochow","status":"publish","type":"post","link":"https:\/\/info.sadowne.pl\/?p=28969","title":{"rendered":"Sadowianki &#8211; \u0141och\u00f3w"},"content":{"rendered":"<p><strong><a href=\"http:\/\/info.sadowne.pl\/wp-content\/uploads\/2024\/05\/sad1023.jpg\"><img loading=\"lazy\" decoding=\"async\" class=\"alignleft size-thumbnail wp-image-28975\" src=\"http:\/\/info.sadowne.pl\/wp-content\/uploads\/2024\/05\/sad1023-180x130.jpg\" alt=\"\" width=\"180\" height=\"130\" \/><\/a>PA\u0141AC &#8211; 11 wrze\u015bnia 2022 roku. Ca\u0142a impreza odbywa\u0142a si\u0119 na terenie Pa\u0142acu \u0141och\u00f3w w ogromnej widowiskowej hali.<\/strong><!--more--><\/p>\n<p><a href=\"http:\/\/info.sadowne.pl\/wp-content\/uploads\/2024\/05\/sad1018.jpg\"><img loading=\"lazy\" decoding=\"async\" class=\"aligncenter size-full wp-image-28970\" src=\"http:\/\/info.sadowne.pl\/wp-content\/uploads\/2024\/05\/sad1018.jpg\" alt=\"\" width=\"605\" height=\"860\" srcset=\"https:\/\/info.sadowne.pl\/wp-content\/uploads\/2024\/05\/sad1018.jpg 605w, https:\/\/info.sadowne.pl\/wp-content\/uploads\/2024\/05\/sad1018-211x300.jpg 211w\" sizes=\"auto, (max-width: 605px) 100vw, 605px\" \/><\/a><\/p>\n<p>W programie znalaz\u0142 si\u0119 Festiwal Smak\u00f3w i Rzemios\u0142a\u00a0 powiatu w\u0119growskiego. Liczne konkursy z nagrodami. Wystawa Uniwersytetu Trzeciego Wieku oraz prac architekta p. Krzysztofa Chorzewskiego. Dla dzieci i rodzic\u00f3w przygotowano Rodzinn\u0105 Stref\u0119 Zabaw z atrakcjami.<\/p>\n<p style=\"text-align: center;\">Podczas trwania imprezy mo\u017cna by\u0142o podziwia\u0107 wyst\u0119py zespo\u0142\u00f3w:<\/p>\n<p style=\"text-align: center;\"><strong>Gwizdalanki, <\/strong><\/p>\n<p style=\"text-align: center;\"><strong>\u0141ocho-ho,<\/strong><\/p>\n<p style=\"text-align: center;\"><strong>\u00a0Senior z Pasj\u0105, <\/strong><\/p>\n<p style=\"text-align: center;\"><strong>Zesp\u00f3\u0142 Pie\u015bni i Ta\u0144ca Ludowego ,,ORKAN\u201d z Sadownego <\/strong><\/p>\n<p style=\"text-align: center;\">i oczywi\u015bcie nasz<strong> Zesp\u00f3\u0142 \u015apiewaczy SADOWIANKI <\/strong>r\u00f3wnie\u017c<strong> z Sadownego.<\/strong><\/p>\n<p><a href=\"http:\/\/info.sadowne.pl\/wp-content\/uploads\/2024\/05\/sad1019.jpg\"><img loading=\"lazy\" decoding=\"async\" class=\"aligncenter size-full wp-image-28971\" src=\"http:\/\/info.sadowne.pl\/wp-content\/uploads\/2024\/05\/sad1019.jpg\" alt=\"\" width=\"580\" height=\"287\" srcset=\"https:\/\/info.sadowne.pl\/wp-content\/uploads\/2024\/05\/sad1019.jpg 580w, https:\/\/info.sadowne.pl\/wp-content\/uploads\/2024\/05\/sad1019-300x148.jpg 300w\" sizes=\"auto, (max-width: 580px) 100vw, 580px\" \/><\/a><\/p>\n<p style=\"text-align: center;\"><strong>SADOWIANKI<\/strong><\/p>\n<p>Nie zabrak\u0142o te\u017c stoisk K\u00f3\u0142 Gospody\u0144 Wiejskich, gdzie mo\u017cna by\u0142o skosztowa\u0107 wytrawnych posi\u0142k\u00f3w.<\/p>\n<p><a href=\"http:\/\/info.sadowne.pl\/wp-content\/uploads\/2024\/05\/sad1029.jpg\"><img loading=\"lazy\" decoding=\"async\" class=\"aligncenter size-full wp-image-28972\" src=\"http:\/\/info.sadowne.pl\/wp-content\/uploads\/2024\/05\/sad1029.jpg\" alt=\"\" width=\"170\" height=\"169\" \/><\/a><\/p>\n<p style=\"text-align: center;\"><strong>W\u0118GR\u00d3W<\/strong><\/p>\n<p style=\"text-align: center;\"><span style=\"color: #0000ff;\"><strong>18 wrze\u015bnia 2022 r.<\/strong><strong>\u00a0<\/strong><\/span><\/p>\n<p style=\"text-align: center;\"><span style=\"color: #339966;\"><strong>MAZOWIECKIE \u00a0\u015aWI\u0118TO \u00a0CHLEBA \u00a0I \u00a0SERA<\/strong><\/span><\/p>\n<p><strong>\u00a0<\/strong>18 wrze\u015bnia w W\u0119growie odby\u0142o si\u0119 Mazowieckie \u015awi\u0119to Chleba i Sera. Na wydarzeniu Sadowne by\u0142o reprezentowane przez <strong>Zesp\u00f3\u0142 \u015apiewaczy \u201eSadowianki\u201d.<\/strong><\/p>\n<p>\u015awi\u0119to Chleba i Sera rozpocz\u0119\u0142a msza \u015bw. w w\u0119growskiej Bazylice. Organizatorzy przygotowali dla publiczno\u015bci wiele atrakcji. Na Rynku Mariackim ustawi\u0142o si\u0119 wiele stoisk z lokalnymi produktami, a tak\u017ce promuj\u0105cych miasto i r\u00f3\u017cne instytucje.<\/p>\n<p><strong> <a href=\"http:\/\/info.sadowne.pl\/wp-content\/uploads\/2024\/05\/sad1021.jpg\"><img loading=\"lazy\" decoding=\"async\" class=\"aligncenter size-full wp-image-28973\" src=\"http:\/\/info.sadowne.pl\/wp-content\/uploads\/2024\/05\/sad1021.jpg\" alt=\"\" width=\"602\" height=\"457\" srcset=\"https:\/\/info.sadowne.pl\/wp-content\/uploads\/2024\/05\/sad1021.jpg 602w, https:\/\/info.sadowne.pl\/wp-content\/uploads\/2024\/05\/sad1021-300x228.jpg 300w\" sizes=\"auto, (max-width: 602px) 100vw, 602px\" \/><\/a><\/strong><\/p>\n<p style=\"text-align: center;\"><strong>Pani Halina Uli\u0144ska- zast\u0119pca burmistrza miasta W\u0119gr\u00f3w i Sadowianki <\/strong><strong>z wie\u0144cem do\u017cynkowym na placu ko\u015bcielnym w W\u0119growie.<\/strong><\/p>\n<p><strong> <a href=\"http:\/\/info.sadowne.pl\/wp-content\/uploads\/2024\/05\/sad1022.jpg\"><img loading=\"lazy\" decoding=\"async\" class=\"aligncenter size-full wp-image-28974\" src=\"http:\/\/info.sadowne.pl\/wp-content\/uploads\/2024\/05\/sad1022.jpg\" alt=\"\" width=\"608\" height=\"383\" srcset=\"https:\/\/info.sadowne.pl\/wp-content\/uploads\/2024\/05\/sad1022.jpg 608w, https:\/\/info.sadowne.pl\/wp-content\/uploads\/2024\/05\/sad1022-300x189.jpg 300w\" sizes=\"auto, (max-width: 608px) 100vw, 608px\" \/><\/a><\/strong><\/p>\n<p style=\"text-align: center;\"><strong>SADOWIANKI \u2013 Ela D\u0119bkowska, Teresa W\u00f3jcik, Hania D\u0119bkowska, Gabrysia Siewiera, Wiesia Steplikowska, Basia Decyk, Piotr Olkowski, Bogusia Danaj, Basia Wr\u00f3bel, Krysia Wetoszka, Tereska Biernat.<\/strong><\/p>\n<p style=\"text-align: center;\"><strong><a href=\"http:\/\/info.sadowne.pl\/wp-content\/uploads\/2024\/05\/sad1023.jpg\"><img loading=\"lazy\" decoding=\"async\" class=\"aligncenter size-full wp-image-28975\" src=\"http:\/\/info.sadowne.pl\/wp-content\/uploads\/2024\/05\/sad1023.jpg\" alt=\"\" width=\"606\" height=\"352\" srcset=\"https:\/\/info.sadowne.pl\/wp-content\/uploads\/2024\/05\/sad1023.jpg 606w, https:\/\/info.sadowne.pl\/wp-content\/uploads\/2024\/05\/sad1023-300x174.jpg 300w\" sizes=\"auto, (max-width: 606px) 100vw, 606px\" \/><\/a><\/strong><\/p>\n<p style=\"text-align: center;\"><strong>Piotr Olkowski, Zbyszek Danaj, Hania D\u0119bkowska, Dorota Olkowska, Krysia Wetoszka, Basia Wr\u00f3bel, Bogusia Danaj.<\/strong><\/p>\n<p><strong> <a href=\"http:\/\/info.sadowne.pl\/wp-content\/uploads\/2024\/05\/sad1024.jpg\"><img loading=\"lazy\" decoding=\"async\" class=\"alignleft size-full wp-image-28976\" src=\"http:\/\/info.sadowne.pl\/wp-content\/uploads\/2024\/05\/sad1024.jpg\" alt=\"\" width=\"251\" height=\"259\" \/><\/a><a href=\"http:\/\/info.sadowne.pl\/wp-content\/uploads\/2024\/05\/sad1025.jpg\"><img loading=\"lazy\" decoding=\"async\" class=\"alignright size-full wp-image-28977\" src=\"http:\/\/info.sadowne.pl\/wp-content\/uploads\/2024\/05\/sad1025.jpg\" alt=\"\" width=\"250\" height=\"267\" \/><\/a><\/strong><\/p>\n<p><strong>\u00a0<\/strong><\/p>\n<p><strong>\u00a0<\/strong><\/p>\n<p><strong>\u00a0<\/strong><\/p>\n<p><strong>\u00a0<\/strong><\/p>\n<p><strong>\u00a0<\/strong><\/p>\n<p>&nbsp;<\/p>\n<p>&nbsp;<\/p>\n<p>&nbsp;<\/p>\n<p style=\"text-align: center;\"><strong>Andrzej Olton \u2013 akordeonista<\/strong><\/p>\n<p><strong> <a href=\"http:\/\/info.sadowne.pl\/wp-content\/uploads\/2024\/05\/sad1026.jpg\"><img loading=\"lazy\" decoding=\"async\" class=\"alignleft size-full wp-image-28980\" src=\"http:\/\/info.sadowne.pl\/wp-content\/uploads\/2024\/05\/sad1026.jpg\" alt=\"\" width=\"283\" height=\"186\" \/><\/a><a href=\"http:\/\/info.sadowne.pl\/wp-content\/uploads\/2024\/05\/sad1027.jpg\"><img loading=\"lazy\" decoding=\"async\" class=\"alignright size-full wp-image-28981\" src=\"http:\/\/info.sadowne.pl\/wp-content\/uploads\/2024\/05\/sad1027.jpg\" alt=\"\" width=\"281\" height=\"217\" \/><\/a><\/strong><\/p>\n<p>&nbsp;<\/p>\n<p>&nbsp;<\/p>\n<p>&nbsp;<\/p>\n<p>&nbsp;<\/p>\n<p>&nbsp;<\/p>\n<p>&nbsp;<\/p>\n<p>&nbsp;<\/p>\n<p>&nbsp;<\/p>\n<p style=\"text-align: center;\"><strong>Zbyszek Danaj, Krysia Wetoszka, Basia Wr\u00f3bel , Bogusia Danaj, Ela D\u0119bkowska, Basia Decyk, Gabrysia Siewiera.<\/strong><\/p>\n<p style=\"text-align: center;\">Drugi rz\u0105d<strong>: Piotr Olkowski, Hania D\u0119bkowska, Dorotka Olkowska, Wiesia Steplikowska, Jadzia Borowa.<\/strong><\/p>\n<p><strong> <a href=\"http:\/\/info.sadowne.pl\/wp-content\/uploads\/2024\/05\/sad1028.jpg\"><img loading=\"lazy\" decoding=\"async\" class=\"aligncenter size-full wp-image-28984\" src=\"http:\/\/info.sadowne.pl\/wp-content\/uploads\/2024\/05\/sad1028.jpg\" alt=\"\" width=\"609\" height=\"194\" srcset=\"https:\/\/info.sadowne.pl\/wp-content\/uploads\/2024\/05\/sad1028.jpg 609w, https:\/\/info.sadowne.pl\/wp-content\/uploads\/2024\/05\/sad1028-300x96.jpg 300w\" sizes=\"auto, (max-width: 609px) 100vw, 609px\" \/><\/a><\/strong><\/p>\n<p style=\"text-align: center;\"><strong>Zbyszek Danaj, Hania D\u0119bkowska, Krysia Wetoszka, Dorotka Olkowska, Basia Wr\u00f3bel, Tereska W\u00f3jcik, Bogusia Danaj, Tereska Biernat, Ela D\u0119bkowska, Wiesia Steplikowska, Basia Decyk, Jadzia Borowa, Gabrysia Siewiera.<\/strong><\/p>\n<p style=\"text-align: center;\"><strong>Zesp\u00f3\u0142 \u015apiewaczy \u201eSadowianki\u201d<\/strong>, wystawi\u0142 r\u00f3wnie\u017c sw\u00f3j wieniec do og\u0142oszonego konkursu na <strong>\u201eNajpi\u0119kniejszy wieniec do\u017cynkowy\u201d.<\/strong><\/p>\n<p><strong> <a href=\"http:\/\/info.sadowne.pl\/wp-content\/uploads\/2024\/05\/sad1030.jpg\"><img loading=\"lazy\" decoding=\"async\" class=\"aligncenter size-full wp-image-28985\" src=\"http:\/\/info.sadowne.pl\/wp-content\/uploads\/2024\/05\/sad1030.jpg\" alt=\"\" width=\"606\" height=\"843\" srcset=\"https:\/\/info.sadowne.pl\/wp-content\/uploads\/2024\/05\/sad1030.jpg 606w, https:\/\/info.sadowne.pl\/wp-content\/uploads\/2024\/05\/sad1030-216x300.jpg 216w\" sizes=\"auto, (max-width: 606px) 100vw, 606px\" \/><\/a><\/strong><\/p>\n<p><a href=\"http:\/\/info.sadowne.pl\/wp-content\/uploads\/2024\/05\/sad1031.jpg\"><img loading=\"lazy\" decoding=\"async\" class=\"aligncenter size-full wp-image-28986\" src=\"http:\/\/info.sadowne.pl\/wp-content\/uploads\/2024\/05\/sad1031.jpg\" alt=\"\" width=\"549\" height=\"825\" srcset=\"https:\/\/info.sadowne.pl\/wp-content\/uploads\/2024\/05\/sad1031.jpg 549w, https:\/\/info.sadowne.pl\/wp-content\/uploads\/2024\/05\/sad1031-200x300.jpg 200w\" sizes=\"auto, (max-width: 549px) 100vw, 549px\" \/><\/a><\/p>\n<p style=\"text-align: center;\"><strong>Kolejny dyplom otrzymali\u015bmy od Pos\u0142anki na Sejm RP <\/strong><\/p>\n<p style=\"text-align: center;\"><strong>\u2013 pani Kamili Gasiuk-Pihowicz.<\/strong><\/p>\n<p>Wieniec do\u017cynkowy zaj\u0105\u0142 II miejsce, a repertuar piosenek wykonanych przez nas na w\u0119growskiej estradzie, r\u00f3wnie\u017c bardzo podoba\u0142 si\u0119 s\u0142uchaczom., kt\u00f3rzy mimo niesprzyjaj\u0105cej aury licznie przybyli i oklaskiwali nasz wyst\u0119p.<\/p>\n<p><a href=\"http:\/\/info.sadowne.pl\/wp-content\/uploads\/2024\/05\/sad1032.jpg\"><img loading=\"lazy\" decoding=\"async\" class=\"aligncenter wp-image-28987 size-full\" src=\"http:\/\/info.sadowne.pl\/wp-content\/uploads\/2024\/05\/sad1032.jpg\" alt=\"\" width=\"529\" height=\"774\" srcset=\"https:\/\/info.sadowne.pl\/wp-content\/uploads\/2024\/05\/sad1032.jpg 529w, https:\/\/info.sadowne.pl\/wp-content\/uploads\/2024\/05\/sad1032-205x300.jpg 205w\" sizes=\"auto, (max-width: 529px) 100vw, 529px\" \/><\/a><\/p>\n<p style=\"text-align: center;\"><strong>Pani Katarzyna Zabada\u0142a<\/strong><\/p>\n<p><strong>\u00a0<\/strong><\/p>\n<p>P\u00f3\u0142godzinny wyst\u0119p na w\u0119growskiej scenie zako\u0144czy\u0142 si\u0119 s\u0142owami piosenki <strong>\u201eTrzymajmy si\u0119 za r\u0119ce i jeszcze raz, p\u00f3ki jeszcze jest na to czas\u201d <\/strong>\u2013 a potem g\u0142o\u015bne brawa i podzi\u0119kowanie za \u015bwietny wyst\u0119p z ust Dyrektor W\u0119growskiego O\u015brodka Kultury <strong>p. Katarzyny Zabada\u0142y.<\/strong><\/p>\n<p><strong> <a href=\"http:\/\/info.sadowne.pl\/wp-content\/uploads\/2024\/05\/sad1043.jpg\"><img loading=\"lazy\" decoding=\"async\" class=\"aligncenter size-full wp-image-28988\" src=\"http:\/\/info.sadowne.pl\/wp-content\/uploads\/2024\/05\/sad1043.jpg\" alt=\"\" width=\"175\" height=\"86\" \/><\/a><\/strong><\/p>\n<p>&nbsp;<\/p>\n<p style=\"text-align: center;\"><strong>OSTR\u00d3W MAZOWIECKA<\/strong><\/p>\n<p style=\"text-align: center;\"><strong>25 wrze\u015bnia 2022 roku<\/strong><\/p>\n<p><strong> <a href=\"http:\/\/info.sadowne.pl\/wp-content\/uploads\/2024\/05\/sad1033.jpg\"><img loading=\"lazy\" decoding=\"async\" class=\"aligncenter size-full wp-image-28989\" src=\"http:\/\/info.sadowne.pl\/wp-content\/uploads\/2024\/05\/sad1033.jpg\" alt=\"\" width=\"501\" height=\"108\" srcset=\"https:\/\/info.sadowne.pl\/wp-content\/uploads\/2024\/05\/sad1033.jpg 501w, https:\/\/info.sadowne.pl\/wp-content\/uploads\/2024\/05\/sad1033-300x65.jpg 300w\" sizes=\"auto, (max-width: 501px) 100vw, 501px\" \/><\/a><\/strong><\/p>\n<p>Og\u00f3lnopolskie \u015awi\u0119to z udzia\u0142em premiera p. Mateusza Morawieckiego rozpocz\u0119\u0142o si\u0119 msz\u0105 \u015bwi\u0119t\u0105 koncelebrowan\u0105 przez <strong>ks.<\/strong> <strong>biskupa Janusza Stepnowskiego<\/strong>. Podczas mszy modlono si\u0119 przede wszystkim za rolnik\u00f3w oraz dzi\u0119kowano za zbiory.<\/p>\n<p><a href=\"http:\/\/info.sadowne.pl\/wp-content\/uploads\/2024\/05\/sad1034.jpg\"><img loading=\"lazy\" decoding=\"async\" class=\"aligncenter size-full wp-image-28990\" src=\"http:\/\/info.sadowne.pl\/wp-content\/uploads\/2024\/05\/sad1034.jpg\" alt=\"\" width=\"605\" height=\"518\" srcset=\"https:\/\/info.sadowne.pl\/wp-content\/uploads\/2024\/05\/sad1034.jpg 605w, https:\/\/info.sadowne.pl\/wp-content\/uploads\/2024\/05\/sad1034-300x257.jpg 300w\" sizes=\"auto, (max-width: 605px) 100vw, 605px\" \/><\/a><\/p>\n<p style=\"text-align: center;\"><strong>Premier Mateusz Morawiecki na widowni.<\/strong><\/p>\n<p>Po mszy rozpocz\u0119\u0142y si\u0119 tradycyjne do\u017cynki, na scen\u0119 wniesiono wieniec do\u017cynkowy, a <strong>Starostowie Do\u017cynek<\/strong> wr\u0119czyli <strong>Premierowi<\/strong> do\u017cynkowy chleb.<\/p>\n<p><a href=\"http:\/\/info.sadowne.pl\/wp-content\/uploads\/2024\/05\/sad1035.jpg\"><img loading=\"lazy\" decoding=\"async\" class=\"aligncenter size-full wp-image-28991\" src=\"http:\/\/info.sadowne.pl\/wp-content\/uploads\/2024\/05\/sad1035.jpg\" alt=\"\" width=\"341\" height=\"426\" srcset=\"https:\/\/info.sadowne.pl\/wp-content\/uploads\/2024\/05\/sad1035.jpg 341w, https:\/\/info.sadowne.pl\/wp-content\/uploads\/2024\/05\/sad1035-240x300.jpg 240w\" sizes=\"auto, (max-width: 341px) 100vw, 341px\" \/><\/a><\/p>\n<p><strong>Premier Mateusz Morawiecki <\/strong>w swoim wyst\u0105pieniu zwr\u00f3ci\u0142 uwag\u0119 na to, \u017ce praca na gospodarstwie, to praca, w kt\u00f3rej rolnik musi by\u0107 jednocze\u015bnie pracownikiem i szefem, przedsi\u0119biorc\u0105 i ksi\u0119gowym.<\/p>\n<p>Musi kalkulowa\u0107 ceny nawoz\u00f3w, paliwa, my\u015ble\u0107 o zakupach sprz\u0119tu i nasion, a tak\u017ce kszta\u0142ci\u0107 si\u0119 i doskonali\u0107 swoj\u0105 wiedz\u0119.<\/p>\n<p>Po cz\u0119\u015bci oficjalnej premier wraz z wicepremierem i burmistrzem odwiedzi\u0142 ka\u017cde z 40-stu stoisk przygotowane przez Ko\u0142a Gospody\u0144 Wiejskich.<\/p>\n<p>Po godzinie 15<sup>00<\/sup> na scenie wyst\u0105pi\u0142y zespo\u0142y ludowe z Mazowsza, mi\u0119dzy innymi nasz <strong>Zesp\u00f3\u0142 \u015apiewaczy SADOWIANKI.<\/strong><strong>\u00a0<\/strong><\/p>\n<p><span style=\"color: #0000ff;\"><strong><u>Repertuar:<\/u><\/strong><\/span><\/p>\n<ol>\n<li><strong>Wszyscy tu przyszli\u015bmy <span style=\"color: #ff0000;\">C-dur<\/span><\/strong><\/li>\n<li><strong>Podlaska wie\u015b <span style=\"color: #ff0000;\">a-moll<\/span><\/strong><\/li>\n<li><strong>U jeziora zimna woda <span style=\"color: #ff0000;\">D-dur<\/span><\/strong><\/li>\n<li><strong>Zagrajcie mi skrzypce <span style=\"color: #ff0000;\">g-moll, d-moll<\/span><\/strong><\/li>\n<li><strong>Trzymajmy si\u0119 za r\u0119ce <span style=\"color: #ff0000;\">C-dur<\/span><\/strong><\/li>\n<\/ol>\n<p><strong> <a href=\"http:\/\/info.sadowne.pl\/wp-content\/uploads\/2024\/05\/sad1036.jpg\"><img loading=\"lazy\" decoding=\"async\" class=\"aligncenter size-full wp-image-28992\" src=\"http:\/\/info.sadowne.pl\/wp-content\/uploads\/2024\/05\/sad1036.jpg\" alt=\"\" width=\"603\" height=\"350\" srcset=\"https:\/\/info.sadowne.pl\/wp-content\/uploads\/2024\/05\/sad1036.jpg 603w, https:\/\/info.sadowne.pl\/wp-content\/uploads\/2024\/05\/sad1036-300x174.jpg 300w\" sizes=\"auto, (max-width: 603px) 100vw, 603px\" \/><\/a><\/strong><\/p>\n<p style=\"text-align: center;\"><strong>Zbyszek Danaj, Hania D\u0119bkowska, Krysia Wetoszka, Tereska W\u00f3jcik, Basia Wr\u00f3bel, Dorotka Olkowska.<\/strong><\/p>\n<p><strong><a href=\"http:\/\/info.sadowne.pl\/wp-content\/uploads\/2024\/05\/sad1037.jpg\"><img loading=\"lazy\" decoding=\"async\" class=\"aligncenter size-full wp-image-28993\" src=\"http:\/\/info.sadowne.pl\/wp-content\/uploads\/2024\/05\/sad1037.jpg\" alt=\"\" width=\"438\" height=\"317\" srcset=\"https:\/\/info.sadowne.pl\/wp-content\/uploads\/2024\/05\/sad1037.jpg 438w, https:\/\/info.sadowne.pl\/wp-content\/uploads\/2024\/05\/sad1037-300x217.jpg 300w, https:\/\/info.sadowne.pl\/wp-content\/uploads\/2024\/05\/sad1037-180x130.jpg 180w\" sizes=\"auto, (max-width: 438px) 100vw, 438px\" \/><\/a>\u00a0<\/strong><\/p>\n<p style=\"text-align: center;\"><strong>Andrzej Olton akordeonista.<\/strong><\/p>\n<p><strong> <a href=\"http:\/\/info.sadowne.pl\/wp-content\/uploads\/2024\/05\/sad1038.jpg\"><img loading=\"lazy\" decoding=\"async\" class=\"aligncenter size-full wp-image-28994\" src=\"http:\/\/info.sadowne.pl\/wp-content\/uploads\/2024\/05\/sad1038.jpg\" alt=\"\" width=\"600\" height=\"330\" srcset=\"https:\/\/info.sadowne.pl\/wp-content\/uploads\/2024\/05\/sad1038.jpg 600w, https:\/\/info.sadowne.pl\/wp-content\/uploads\/2024\/05\/sad1038-300x165.jpg 300w\" sizes=\"auto, (max-width: 600px) 100vw, 600px\" \/><\/a><\/strong><\/p>\n<p style=\"text-align: center;\"><strong>SADOWIANKI<\/strong><\/p>\n<p><strong> <a href=\"http:\/\/info.sadowne.pl\/wp-content\/uploads\/2024\/05\/sad1039.jpg\"><img loading=\"lazy\" decoding=\"async\" class=\"aligncenter size-full wp-image-28995\" src=\"http:\/\/info.sadowne.pl\/wp-content\/uploads\/2024\/05\/sad1039.jpg\" alt=\"\" width=\"605\" height=\"296\" srcset=\"https:\/\/info.sadowne.pl\/wp-content\/uploads\/2024\/05\/sad1039.jpg 605w, https:\/\/info.sadowne.pl\/wp-content\/uploads\/2024\/05\/sad1039-300x147.jpg 300w\" sizes=\"auto, (max-width: 605px) 100vw, 605px\" \/><\/a><\/strong><\/p>\n<p><strong> <a href=\"http:\/\/info.sadowne.pl\/wp-content\/uploads\/2024\/05\/sad1040.jpg\"><img loading=\"lazy\" decoding=\"async\" class=\"aligncenter size-full wp-image-28996\" src=\"http:\/\/info.sadowne.pl\/wp-content\/uploads\/2024\/05\/sad1040.jpg\" alt=\"\" width=\"602\" height=\"210\" srcset=\"https:\/\/info.sadowne.pl\/wp-content\/uploads\/2024\/05\/sad1040.jpg 602w, https:\/\/info.sadowne.pl\/wp-content\/uploads\/2024\/05\/sad1040-300x105.jpg 300w\" sizes=\"auto, (max-width: 602px) 100vw, 602px\" \/><\/a><\/strong><\/p>\n<p><strong> <a href=\"http:\/\/info.sadowne.pl\/wp-content\/uploads\/2024\/05\/sad1041.jpg\"><img loading=\"lazy\" decoding=\"async\" class=\"aligncenter size-full wp-image-28997\" src=\"http:\/\/info.sadowne.pl\/wp-content\/uploads\/2024\/05\/sad1041.jpg\" alt=\"\" width=\"353\" height=\"539\" srcset=\"https:\/\/info.sadowne.pl\/wp-content\/uploads\/2024\/05\/sad1041.jpg 353w, https:\/\/info.sadowne.pl\/wp-content\/uploads\/2024\/05\/sad1041-196x300.jpg 196w\" sizes=\"auto, (max-width: 353px) 100vw, 353px\" \/><\/a><\/strong><\/p>\n<p style=\"text-align: center;\">Osob\u0105 polecaj\u0105c\u0105 nas by\u0142a zaprzyja\u017aniona od dawna z zespo\u0142em<\/p>\n<p style=\"text-align: center;\"><strong>p. Anna Kaszuba &#8211; Kierownik Delegatury <\/strong><\/p>\n<p style=\"text-align: center;\"><strong>Mazowieckiego Urz\u0119du Wojew\u00f3dzkiego w Siedlcach.<\/strong><\/p>\n<p><strong>Do\u017cynki zako\u0144czy\u0142 koncert ,,S\u0142awomira\u201d znanego m.in. z utworu ,,Mi\u0142o\u015b\u0107 <\/strong><strong>w Zakopanem\u201d.<\/strong><\/p>\n<p><a href=\"http:\/\/info.sadowne.pl\/wp-content\/uploads\/2024\/05\/sad1042.jpg\"><img loading=\"lazy\" decoding=\"async\" class=\"aligncenter size-full wp-image-28998\" src=\"http:\/\/info.sadowne.pl\/wp-content\/uploads\/2024\/05\/sad1042.jpg\" alt=\"\" width=\"419\" height=\"420\" srcset=\"https:\/\/info.sadowne.pl\/wp-content\/uploads\/2024\/05\/sad1042.jpg 419w, https:\/\/info.sadowne.pl\/wp-content\/uploads\/2024\/05\/sad1042-300x300.jpg 300w\" sizes=\"auto, (max-width: 419px) 100vw, 419px\" \/><\/a><\/p>\n<p><strong>\u0179r\u00f3d\u0142o:<\/strong> SADOWIANKI, Barbara Wr\u00f3bel, Sadowne 2024<\/p>\n","protected":false},"excerpt":{"rendered":"<p>PA\u0141AC &#8211; 11 wrze\u015bnia 2022 roku. Ca\u0142a impreza odbywa\u0142a si\u0119 na terenie Pa\u0142acu \u0141och\u00f3w w ogromnej widowiskowej hali.<\/p>\n","protected":false},"author":1,"featured_media":0,"comment_status":"closed","ping_status":"closed","sticky":false,"template":"","format":"standard","meta":{"footnotes":""},"categories":[5,31,1202],"tags":[1218,101,960],"class_list":["post-28969","post","type-post","status-publish","format-standard","hentry","category-newsy","category-historia-gminy","category-zespol-spiewaczy-sadowianki","tag-barbara-wrobel","tag-historia-gminy-sadowne","tag-zespol-spiewaczy-sadowianki"],"views":1733,"_links":{"self":[{"href":"https:\/\/info.sadowne.pl\/index.php?rest_route=\/wp\/v2\/posts\/28969","targetHints":{"allow":["GET"]}}],"collection":[{"href":"https:\/\/info.sadowne.pl\/index.php?rest_route=\/wp\/v2\/posts"}],"about":[{"href":"https:\/\/info.sadowne.pl\/index.php?rest_route=\/wp\/v2\/types\/post"}],"author":[{"embeddable":true,"href":"https:\/\/info.sadowne.pl\/index.php?rest_route=\/wp\/v2\/users\/1"}],"replies":[{"embeddable":true,"href":"https:\/\/info.sadowne.pl\/index.php?rest_route=%2Fwp%2Fv2%2Fcomments&post=28969"}],"version-history":[{"count":5,"href":"https:\/\/info.sadowne.pl\/index.php?rest_route=\/wp\/v2\/posts\/28969\/revisions"}],"predecessor-version":[{"id":28999,"href":"https:\/\/info.sadowne.pl\/index.php?rest_route=\/wp\/v2\/posts\/28969\/revisions\/28999"}],"wp:attachment":[{"href":"https:\/\/info.sadowne.pl\/index.php?rest_route=%2Fwp%2Fv2%2Fmedia&parent=28969"}],"wp:term":[{"taxonomy":"category","embeddable":true,"href":"https:\/\/info.sadowne.pl\/index.php?rest_route=%2Fwp%2Fv2%2Fcategories&post=28969"},{"taxonomy":"post_tag","embeddable":true,"href":"https:\/\/info.sadowne.pl\/index.php?rest_route=%2Fwp%2Fv2%2Ftags&post=28969"}],"curies":[{"name":"wp","href":"https:\/\/api.w.org\/{rel}","templated":true}]}}