{"id":29005,"date":"2024-06-03T16:57:49","date_gmt":"2024-06-03T14:57:49","guid":{"rendered":"http:\/\/info.sadowne.pl\/?p=29005"},"modified":"2024-06-03T16:57:49","modified_gmt":"2024-06-03T14:57:49","slug":"kronika-strazacka-27-05-02-06-2024","status":"publish","type":"post","link":"https:\/\/info.sadowne.pl\/?p=29005","title":{"rendered":"Kronika stra\u017cacka 27.05 \u2013 02.06.2024"},"content":{"rendered":"<p><strong><a href=\"http:\/\/info.sadowne.pl\/wp-content\/uploads\/2023\/06\/straz3-scaled.jpg\"><img loading=\"lazy\" decoding=\"async\" class=\"alignleft size-thumbnail wp-image-27687\" src=\"http:\/\/info.sadowne.pl\/wp-content\/uploads\/2023\/06\/straz3-180x130.jpg\" alt=\"\" width=\"180\" height=\"130\" \/><\/a>W<\/strong><strong> okresie<\/strong><strong> od<\/strong><strong> 27.05 do 02.06.2024 \u00a0na<\/strong><strong> terenie<\/strong><strong> powiatu<\/strong><strong> w\u0119growskiego<\/strong><strong> zanotowano: <\/strong><strong>16 zdarze\u0144,<\/strong><strong> przy<\/strong><strong> kt\u00f3rych<\/strong><strong> interweniowa\u0142y<\/strong><strong> jednostki<\/strong><strong> ochrony<\/strong><strong> przeciwpo\u017carowej, w tym:<\/strong><strong> 6 po\u017car\u00f3w, 9 miejscowych zagro\u017ce\u0144, 1 alarm fa\u0142szywy.<\/strong><!--more--><\/p>\n<p><strong>27.05.2024 \u2013 Ruchenka, gm. Liw \u2013 \u00a0Po\u017car poszycia w lesie.<\/strong><\/p>\n<p>Po doje\u017adzie na miejsce zdarzenia i przeprowadzeniu rozpoznania stra\u017cacy stwierdzili, \u017ce pali si\u0119 poszycie le\u015bne oraz m\u0142odnik na obszarze oko\u0142o 30 ar\u00f3w. Dzia\u0142ania przyby\u0142ych zast\u0119p\u00f3w polega\u0142y na zabezpieczeniu miejsca zdarzenia, podaniu 3 pr\u0105d\u00f3w wody w natarciu, co doprowadzi\u0142o do lokalizacji, a nast\u0119pnie do ugaszenia po\u017caru. Pogorzelisko przelano dok\u0142adnie wod\u0105, a zarzewia ognia przygaszono za pomoc\u0105 t\u0142umic. Miejsca zdarzenia przekazano protoko\u0142em przedstawicielowi las\u00f3w pa\u0144stwowych z zaleceniami. Na tym dzia\u0142ania zako\u0144czono, zast\u0119py powr\u00f3ci\u0142y do bazy.<\/p>\n<p>W DZIA\u0141ANIACH RATOWNICZYCH UDZIA\u0141 BRA\u0141O: 5 zast\u0119p\u00f3w, 19 ratownik\u00f3w.<\/p>\n<p><strong>28.05.2024 \u2013 \u0141ojki, gm. \u0141och\u00f3w \u2013 Po\u017car \u0142adowarki do przewo\u017cenia drzewa.<\/strong><\/p>\n<p>Do po\u017caru zadysponowano zast\u0119py JRG PSP Posterunek i OSP Ostr\u00f3wek. Na miejscu stra\u017cacy stwierdzili, \u017ce na placu posesji zapali\u0142a si\u0119 komora silnika \u0142adowarki. Do najbli\u017cszych budynk\u00f3w by\u0142o kilkana\u015bcie metr\u00f3w, nie by\u0142o os\u00f3b poszkodowanych. Dzia\u0142ania zast\u0119pu\u00a0 polega\u0142y na zabezpieczeniu miejsca zdarzenia, a nast\u0119pnie podaniu pr\u0105du wody w natarciu na po\u017car. Doprowadzi\u0142o to do jego lokalizacji, OSP Ostr\u00f3wek dojecha\u0142y na miejsce i wspar\u0142y dzia\u0142ania. Doprowadzi\u0142o to do ca\u0142kowitego ugaszenia po\u017caru. Na tym dzia\u0142ania zako\u0144czono.<\/p>\n<p>W DZIA\u0141ANIACH RATOWNICZYCH UDZIA\u0141 BRA\u0141O: 2 zast\u0119py, 7 ratownik\u00f3w.<\/p>\n<p><strong>28.05.2024 \u2013 Miedzna, ul. 3 Maja \u2013 <\/strong><strong>Po\u017car gara\u017cu.<\/strong><\/p>\n<p>Do SKKP w W\u0119growie wp\u0142yn\u0119\u0142a formatka o tre\u015bci: &#8222;PALI SI\u0118 GARA\u017b PO\u0141\u0104CZONY Z DOMEM, W \u015aRODKU MAT. \u0141ATWOPALNE\/ BENZYNA, POJAZDY\/&#8221;. Dy\u017curny SKKP na miejsce zdarzenia zadysponowa\u0142 zast\u0119p JRG PSP oraz w\u0142a\u015bciwe miejscowo OSP. Po doje\u017adzie na miejsce zdarzenia zadysponowanych zast\u0119p\u00f3w, stra\u017cacy stwierdzili, \u017ce dosz\u0142o do po\u017caru w gara\u017cu murowanym krytym blach\u0105, po\u0142\u0105czonym konstrukcyjnie z budynkiem mieszkalnym. Po\u017car ten zosta\u0142 skutecznie ugaszony przez mieszka\u0144c\u00f3w przed przybyciem stra\u017cy po\u017carnej na miejsce zdarzenia. Dzia\u0142ania zast\u0119pu polega\u0142y na zabezpieczeniu miejsca zdarzenia oraz sprawdzeniu pomieszcze\u0144 budynku pod k\u0105tem dalszych zagro\u017ce\u0144 po\u017carowych. Budynek sprawdzono tak\u017ce pod k\u0105tem obecno\u015bci CO przy pomocy detektora wielogazowego (z wynikiem negatywnym). Miejsce zdarzenia przekazano protoko\u0142em w\u0142a\u015bcicielce, na tym dzia\u0142ania zako\u0144czono.<\/p>\n<p>W DZIA\u0141ANIACH RATOWNICZYCH UDZIA\u0141 BRA\u0141O: 5 zast\u0119p\u00f3w, 30 ratownik\u00f3w.<\/p>\n<p><strong>01.06.2024 \u2013 Kozo\u0142upy, gm. Stoczek \u2013 <\/strong><strong>Po\u017car obory.<\/strong><\/p>\n<p>Na miejsce zdarzenia zadysponowa\u0142 2 zast\u0119py JRG PSP W\u0119gr\u00f3w (w tym Posterunek) oraz s\u0105siednie OSP Mi\u0119dzyle\u015b i OSP Stoczek. Na miejscu stra\u017cacy stwierdzili, \u017ce pali si\u0119 na poddaszu murowanego budynku obory krytego eternitem, brak os\u00f3b poszkodowanych. Rozw\u00f3j po\u017caru zosta\u0142 ograniczony przez w\u0142a\u015bciciela budynku, kt\u00f3ry poda\u0142 wcze\u015bniej pr\u0105d wody z w\u0119\u017ca ogrodowego. Dzia\u0142ania zast\u0119p\u00f3w polega\u0142y na zabezpieczeniu miejsca zdarzenia oraz podaniu jednego pr\u0105du wody w natarciu na pal\u0105c\u0105 si\u0119 na poddaszu budynku &#8211; s\u0142om\u0119 (ratownicy zabezpieczeniu w sprz\u0119t ODO). Na parterze budynku znajdowa\u0142 si\u0119 inwentarz (8 sztuk byd\u0142a), kt\u00f3ry nie wymaga\u0142 ewakuacji, gdy\u017c znajdowa\u0142 si\u0119 w cz\u0119\u015bci budynku nieobj\u0119tej po\u017carem. Usuni\u0119to cz\u0119\u015bci s\u0142omy z poddasza na zewn\u0105trz i przelaniu jej wod\u0105. Prowadzone dzia\u0142ania doprowadzi\u0142y do likwidacji po\u017caru. Prawdopodobna przyczyna po\u017caru- wy\u0142adowanie elektryczne podczas burzy.<\/p>\n<p>W DZIA\u0141ANIACH RATOWNICZYCH UDZIA\u0141 BRA\u0141O: 8 zast\u0119py, 36 ratownik\u00f3w.<\/p>\n<p><strong>KP PSP W\u0119gr\u00f3w<\/strong><\/p>\n","protected":false},"excerpt":{"rendered":"<p>W okresie od 27.05 do 02.06.2024 \u00a0na terenie powiatu w\u0119growskiego zanotowano: 16 zdarze\u0144, przy kt\u00f3rych interweniowa\u0142y jednostki ochrony przeciwpo\u017carowej, w tym: 6 po\u017car\u00f3w, 9 miejscowych zagro\u017ce\u0144, 1 alarm fa\u0142szywy.<\/p>\n","protected":false},"author":1,"featured_media":0,"comment_status":"closed","ping_status":"closed","sticky":false,"template":"","format":"standard","meta":{"footnotes":""},"categories":[5,4,267],"tags":[491,643],"class_list":["post-29005","post","type-post","status-publish","format-standard","hentry","category-newsy","category-policja-straz-pozarna-pogotowie-ratunkowe","category-straz-pozarna-policja-straz-pozarna-pogotowie-ratunkowe","tag-komenda-powiatowa-panstwowej-strazy-pozarnej-w-wegrowie","tag-kronika-strazacka"],"views":1620,"_links":{"self":[{"href":"https:\/\/info.sadowne.pl\/index.php?rest_route=\/wp\/v2\/posts\/29005","targetHints":{"allow":["GET"]}}],"collection":[{"href":"https:\/\/info.sadowne.pl\/index.php?rest_route=\/wp\/v2\/posts"}],"about":[{"href":"https:\/\/info.sadowne.pl\/index.php?rest_route=\/wp\/v2\/types\/post"}],"author":[{"embeddable":true,"href":"https:\/\/info.sadowne.pl\/index.php?rest_route=\/wp\/v2\/users\/1"}],"replies":[{"embeddable":true,"href":"https:\/\/info.sadowne.pl\/index.php?rest_route=%2Fwp%2Fv2%2Fcomments&post=29005"}],"version-history":[{"count":1,"href":"https:\/\/info.sadowne.pl\/index.php?rest_route=\/wp\/v2\/posts\/29005\/revisions"}],"predecessor-version":[{"id":29006,"href":"https:\/\/info.sadowne.pl\/index.php?rest_route=\/wp\/v2\/posts\/29005\/revisions\/29006"}],"wp:attachment":[{"href":"https:\/\/info.sadowne.pl\/index.php?rest_route=%2Fwp%2Fv2%2Fmedia&parent=29005"}],"wp:term":[{"taxonomy":"category","embeddable":true,"href":"https:\/\/info.sadowne.pl\/index.php?rest_route=%2Fwp%2Fv2%2Fcategories&post=29005"},{"taxonomy":"post_tag","embeddable":true,"href":"https:\/\/info.sadowne.pl\/index.php?rest_route=%2Fwp%2Fv2%2Ftags&post=29005"}],"curies":[{"name":"wp","href":"https:\/\/api.w.org\/{rel}","templated":true}]}}