{"id":29012,"date":"2024-06-06T14:26:19","date_gmt":"2024-06-06T12:26:19","guid":{"rendered":"http:\/\/info.sadowne.pl\/?p=29012"},"modified":"2024-06-06T14:26:19","modified_gmt":"2024-06-06T12:26:19","slug":"jak-na-lewym-brzegu-buga-z-cholera-walczono","status":"publish","type":"post","link":"https:\/\/info.sadowne.pl\/?p=29012","title":{"rendered":"Jak na lewym brzegu Buga z choler\u0105 walczono,"},"content":{"rendered":"<p><strong><a href=\"http:\/\/info.sadowne.pl\/wp-content\/uploads\/2024\/06\/Brok179.jpg\" target=\"_blank\" rel=\"noopener\"><img loading=\"lazy\" decoding=\"async\" class=\"alignleft wp-image-29013 size-thumbnail\" src=\"http:\/\/info.sadowne.pl\/wp-content\/uploads\/2024\/06\/Brok179-180x130.jpg\" alt=\"\" width=\"180\" height=\"130\" \/><\/a>\u2026ostrowscy sygnali\u015bci po\u017carowi spali, a licho oka nie zmru\u017cy\u0142o, krytycznie o proboszczu zuzelskim, w samych za\u015b superlatywach o plebanie z W\u0105sewa.<\/strong><!--more--><\/p>\n<p>Intensywne badania nad straszliw\u0105 kl\u0119sk\u0105, jak\u0105 stanowi\u0142a cholera, prowadzono ju\u017c od pocz\u0105tk\u00f3w XIX w., ale dopiero w roku 1883 Robert Koch odkry\u0142 wywo\u0142uj\u0105ce t\u0119 chorob\u0119 male\u0144kie, ruchliwe, przybieraj\u0105ce kszta\u0142t przecinka bakterie. Podczas prowadzonych w Indiach bada\u0144 wskaza\u0142 na tamtejsze zaniedbane wiejskie zbiorniki wodne jako wyl\u0119garni\u0119 wzmiankowanych bakterii, a Indie i Azj\u0119 \u015arodkow\u0105, jako naczelne miejsce, gdzie te \u015bmierciono\u015bne zarazy bra\u0142y sw\u00f3j pocz\u0105tek. Gdy zatem w po\u0142owie roku 1892 pocz\u0119\u0142y nadchodzi\u0107 niepokoj\u0105ce wie\u015bci, i\u017c choroba zbiera swe ponure \u017cniwo w azjatyckiej cz\u0119\u015bci Rosji, to sta\u0142o si\u0119 jasne, \u017ce jest tylko kwesti\u0105 czasu, gdy zawita na zachodnie kra\u0144ce imperium Romanow\u00f3w. Lud przyj\u0105\u0142 te wie\u015bci bogobojnym strachem, jak zwykle oczekuj\u0105c najgorszego z pokor\u0105 i wr\u0119cz rezygnacj\u0105. Jednak \u015bwiat\u0142e, uzbrojone w zdobycze nauki jednostki pocz\u0119\u0142y mobilizacj\u0119 do nier\u00f3wnej walki. Przygotowania obj\u0119\u0142y ca\u0142y obszar Kr\u00f3lestwa Polskiego, a dzi\u0119ki sterdy\u0144skiemu lekarzowi mamy mo\u017cliwo\u015b\u0107 pozna\u0107, jak przebiega\u0142y w cz\u0119\u015bci naszego regionu le\u017c\u0105cej po lewej stronie Buga.<\/p>\n<p>W Ostrowi sp\u0142on\u0119\u0142a fabryka daj\u0105ca zatrudnienie pond stu kobietom. Stra\u017c ogniowa wiele nie zdzia\u0142a\u0142a, bo cho\u0107 \u0142adnie prezentuje si\u0119 na uroczysto\u015bciach, to w praktycznym dzia\u0142aniu sprawdza si\u0119 marnie. Sygnali\u015bci po\u017carowi, zamiast czuwa\u0107 nad spokojnym snem mieszka\u0144c\u00f3w, sami \u015bpi\u0105 nocami. Gdyby nawet nie spali i ogie\u0144 dostrzegli, to nie mog\u0105 larum podnie\u015b\u0107, bo nie wiadomo, gdzie si\u0119 zawieruszy\u0142y tr\u0105bki alarmowe. A jakby na miejsce zdarzenia stra\u017cacy przybyli, to z pust\u0105 beczk\u0105, bo wody stale brakuje i nie wiadomo sk\u0105d j\u0105 pozyska\u0107.<\/p>\n<p>Na \u0142amach pisma \u201eWyzwolenie\u201d, organu Zwi\u0105zku Polskich Stronnictw Ludowych \u201eWyzwolenie\u201d i \u201eJedno\u015b\u0107 Ludowa\u201d, podpisuj\u0105cy si\u0119 inicja\u0142ami F. P. S. korespondent z powiatu ostrowskiego, wypowiada si\u0119 w s\u0142owach nader ostrych o proboszczu zuzelskim, kt\u00f3rym w latach dwudziestych minionego stulecia by\u0142 ks. Walenty Za\u0142uska. Pod tajemniczymi inicja\u0142ami kryje si\u0119 najprawdopodobniej pochodz\u0105cy z wioski Ka\u0142\u0119czyn, dzia\u0142acz ch\u0142opski Franciszek Sierota.<\/p>\n<p><strong>Wi\u0119cej na stronie <span style=\"color: #0000ff;\"><a style=\"color: #0000ff;\" href=\"https:\/\/madzelan.cba.pl\/jak-na-lewym-brzegu-buga-z-cholera-walczono-ostrowscy-sygnalisci-pozarowi-spali-a-licho-oka-nie-zmruzylo-krytycznie-o-proboszczu-zuzelskim-w-samych-zas-superlatywach-o-plebanie-z-wasewa\/\" target=\"_blank\" rel=\"noopener\">https:\/\/madzelan.cba.pl\/jak-na-lewym-brzegu-buga-z-cholera-walczono-ostrowscy-sygnalisci-pozarowi-spali-a-licho-oka-nie-zmruzylo-krytycznie-o-proboszczu-zuzelskim-w-samych-zas-superlatywach-o-plebanie-z-wasewa\/<\/a><\/span><\/strong><\/p>\n","protected":false},"excerpt":{"rendered":"<p>\u2026ostrowscy sygnali\u015bci po\u017carowi spali, a licho oka nie zmru\u017cy\u0142o, krytycznie o proboszczu zuzelskim, w samych za\u015b superlatywach o plebanie z W\u0105sewa.<\/p>\n","protected":false},"author":1,"featured_media":0,"comment_status":"closed","ping_status":"closed","sticky":false,"template":"","format":"standard","meta":{"footnotes":""},"categories":[5,3436,31],"tags":[745,3004,2956],"class_list":["post-29012","post","type-post","status-publish","format-standard","hentry","category-newsy","category-opowiesci-historie-legendy-brokowskie-i-nie-tylko","category-historia-gminy","tag-brok","tag-jerzy-madzelan","tag-opowiesci-historie-legendy-brokowskie-i-nie-tylko"],"views":1553,"_links":{"self":[{"href":"https:\/\/info.sadowne.pl\/index.php?rest_route=\/wp\/v2\/posts\/29012","targetHints":{"allow":["GET"]}}],"collection":[{"href":"https:\/\/info.sadowne.pl\/index.php?rest_route=\/wp\/v2\/posts"}],"about":[{"href":"https:\/\/info.sadowne.pl\/index.php?rest_route=\/wp\/v2\/types\/post"}],"author":[{"embeddable":true,"href":"https:\/\/info.sadowne.pl\/index.php?rest_route=\/wp\/v2\/users\/1"}],"replies":[{"embeddable":true,"href":"https:\/\/info.sadowne.pl\/index.php?rest_route=%2Fwp%2Fv2%2Fcomments&post=29012"}],"version-history":[{"count":1,"href":"https:\/\/info.sadowne.pl\/index.php?rest_route=\/wp\/v2\/posts\/29012\/revisions"}],"predecessor-version":[{"id":29014,"href":"https:\/\/info.sadowne.pl\/index.php?rest_route=\/wp\/v2\/posts\/29012\/revisions\/29014"}],"wp:attachment":[{"href":"https:\/\/info.sadowne.pl\/index.php?rest_route=%2Fwp%2Fv2%2Fmedia&parent=29012"}],"wp:term":[{"taxonomy":"category","embeddable":true,"href":"https:\/\/info.sadowne.pl\/index.php?rest_route=%2Fwp%2Fv2%2Fcategories&post=29012"},{"taxonomy":"post_tag","embeddable":true,"href":"https:\/\/info.sadowne.pl\/index.php?rest_route=%2Fwp%2Fv2%2Ftags&post=29012"}],"curies":[{"name":"wp","href":"https:\/\/api.w.org\/{rel}","templated":true}]}}