{"id":29045,"date":"2024-06-14T11:56:57","date_gmt":"2024-06-14T09:56:57","guid":{"rendered":"http:\/\/info.sadowne.pl\/?p=29045"},"modified":"2024-06-14T11:56:57","modified_gmt":"2024-06-14T09:56:57","slug":"zapraszamy-talenty-wokalne","status":"publish","type":"post","link":"https:\/\/info.sadowne.pl\/?p=29045","title":{"rendered":"Zapraszamy \u201etalenty wokalne\u201d!"},"content":{"rendered":"<p><strong><a href=\"http:\/\/info.sadowne.pl\/wp-content\/uploads\/2024\/06\/2024.06.14.1.jpg\"><img loading=\"lazy\" decoding=\"async\" class=\"alignleft size-thumbnail wp-image-29046\" src=\"http:\/\/info.sadowne.pl\/wp-content\/uploads\/2024\/06\/2024.06.14.1-180x130.jpg\" alt=\"\" width=\"180\" height=\"130\" \/><\/a>Zapraszamy do udzia\u0142u w konkursie organizowanym przez Gminny O\u015brodek Kultury w Sadownem. Konkurs Talent\u00f3w Wokalnych odb\u0119dzie si\u0119 13 lipca &#8211; podczas tegorocznego Festynu Wakacyjnego w Sadownem.<\/strong><!--more--><\/p>\n<p><strong>Regulamin i karta zg\u0142oszeniowa:<\/strong><\/p>\n<p><strong><span style=\"color: #0000ff;\"><a style=\"color: #0000ff;\" href=\"https:\/\/gok.sadowne.pl\/wydarzenie-84-iii_konkurs_wokalny\" target=\"_blank\" rel=\"noopener\">https:\/\/gok.sadowne.pl\/wydarzenie-84-iii_konkurs_wokalny<\/a><\/span>&#8230;<\/strong><\/p>\n<p><a href=\"http:\/\/info.sadowne.pl\/wp-content\/uploads\/2024\/06\/2024.06.14.1.jpg\"><img loading=\"lazy\" decoding=\"async\" class=\"aligncenter size-full wp-image-29046\" src=\"http:\/\/info.sadowne.pl\/wp-content\/uploads\/2024\/06\/2024.06.14.1.jpg\" alt=\"\" width=\"606\" height=\"858\" srcset=\"https:\/\/info.sadowne.pl\/wp-content\/uploads\/2024\/06\/2024.06.14.1.jpg 606w, https:\/\/info.sadowne.pl\/wp-content\/uploads\/2024\/06\/2024.06.14.1-212x300.jpg 212w\" sizes=\"auto, (max-width: 606px) 100vw, 606px\" \/><\/a><\/p>\n","protected":false},"excerpt":{"rendered":"<p>Zapraszamy do udzia\u0142u w konkursie organizowanym przez Gminny O\u015brodek Kultury w Sadownem. Konkurs Talent\u00f3w Wokalnych odb\u0119dzie si\u0119 13 lipca &#8211; podczas tegorocznego Festynu Wakacyjnego w Sadownem.<\/p>\n","protected":false},"author":1,"featured_media":0,"comment_status":"closed","ping_status":"closed","sticky":false,"template":"","format":"standard","meta":{"footnotes":""},"categories":[5,91,6],"tags":[169,4152],"class_list":["post-29045","post","type-post","status-publish","format-standard","hentry","category-newsy","category-gminny-osrodek-kultury","category-kultura-rozrywka-edukacja","tag-gminny-osrodek-kultury-w-sadownem","tag-iii-konkurs-talentow-wokalnych-w-sadownem"],"views":1578,"_links":{"self":[{"href":"https:\/\/info.sadowne.pl\/index.php?rest_route=\/wp\/v2\/posts\/29045","targetHints":{"allow":["GET"]}}],"collection":[{"href":"https:\/\/info.sadowne.pl\/index.php?rest_route=\/wp\/v2\/posts"}],"about":[{"href":"https:\/\/info.sadowne.pl\/index.php?rest_route=\/wp\/v2\/types\/post"}],"author":[{"embeddable":true,"href":"https:\/\/info.sadowne.pl\/index.php?rest_route=\/wp\/v2\/users\/1"}],"replies":[{"embeddable":true,"href":"https:\/\/info.sadowne.pl\/index.php?rest_route=%2Fwp%2Fv2%2Fcomments&post=29045"}],"version-history":[{"count":1,"href":"https:\/\/info.sadowne.pl\/index.php?rest_route=\/wp\/v2\/posts\/29045\/revisions"}],"predecessor-version":[{"id":29047,"href":"https:\/\/info.sadowne.pl\/index.php?rest_route=\/wp\/v2\/posts\/29045\/revisions\/29047"}],"wp:attachment":[{"href":"https:\/\/info.sadowne.pl\/index.php?rest_route=%2Fwp%2Fv2%2Fmedia&parent=29045"}],"wp:term":[{"taxonomy":"category","embeddable":true,"href":"https:\/\/info.sadowne.pl\/index.php?rest_route=%2Fwp%2Fv2%2Fcategories&post=29045"},{"taxonomy":"post_tag","embeddable":true,"href":"https:\/\/info.sadowne.pl\/index.php?rest_route=%2Fwp%2Fv2%2Ftags&post=29045"}],"curies":[{"name":"wp","href":"https:\/\/api.w.org\/{rel}","templated":true}]}}