{"id":29056,"date":"2024-06-19T18:41:03","date_gmt":"2024-06-19T16:41:03","guid":{"rendered":"http:\/\/info.sadowne.pl\/?p=29056"},"modified":"2024-06-19T18:41:03","modified_gmt":"2024-06-19T16:41:03","slug":"czas-rozwinac-skrzydla","status":"publish","type":"post","link":"https:\/\/info.sadowne.pl\/?p=29056","title":{"rendered":"Czas rozwin\u0105\u0107 skrzyd\u0142a\u2026"},"content":{"rendered":"<p><a href=\"http:\/\/info.sadowne.pl\/wp-content\/uploads\/2024\/06\/2024.06.19.1.jpg\" target=\"_blank\" rel=\"noopener\"><img loading=\"lazy\" decoding=\"async\" class=\"alignleft wp-image-29057 size-thumbnail\" src=\"http:\/\/info.sadowne.pl\/wp-content\/uploads\/2024\/06\/2024.06.19.1-180x130.jpg\" alt=\"\" width=\"180\" height=\"130\" \/><\/a><\/p>\n<p><strong>W Sadownem odby\u0142o si\u0119 uroczyste po\u017cegnanie tegorocznych absolwent\u00f3w Szko\u0142y Podstawowej im. b\u0142. ks. Edwarda Grzyma\u0142y. <\/strong><!--more--><\/p>\n<p>19 czerwca 2024 roku w Sadownem uroczy\u015bcie po\u017cegnano uczni\u00f3w ostatniej klasy miejscowej Szko\u0142y Podstawowej. 25. uczni\u00f3w klasy \u00f3smej od dzisiaj oficjalnie mo\u017cna uzna\u0107 za absolwent\u00f3w \u201epodstaw\u00f3wki\u201d \u2013 \u015bwiadectwa uko\u0144czenia szko\u0142y odbior\u0105 w najbli\u017cszy pi\u0105tek i\u2026 \u201erozwin\u0105 skrzyd\u0142a\u201d, realizuj\u0105c swoje cele \u017cyciowe.<\/p>\n<p>Z uwagi na wag\u0119 uroczysto\u015bci, na jej pocz\u0105tku wprowadzono sztandar szko\u0142y i od\u015bpiewano hymn pa\u0144stwowy. P. Dyrektor Ma\u0142gorzata Koro\u015b powita\u0142a zaproszonych go\u015bci, grono pedagogiczne, przedstawicieli Rady Rodzic\u00f3w, uczni\u00f3w i absolwent\u00f3w szko\u0142y, a tak\u017ce przyby\u0142ych na spotkanie rodzic\u00f3w tegorocznych absolwent\u00f3w.<\/p>\n<p>Go\u015bcie, wsp\u00f3lnie z p. Dyrektor Szko\u0142y oraz wychowawc\u0105 klasy \u00f3smej p. Mariol\u0105 Konik, a tak\u017ce nauczycielami, wr\u0119czyli uczniom i ich rodzicom dyplomy, podzi\u0119kowania, nagrody za wyniki w nauce, dzia\u0142alno\u015b\u0107 m.in. kulturaln\u0105, sportow\u0105, w samorz\u0105dzie, harcerstwie \u2026 na rzecz szko\u0142y i poza ni\u0105. Odr\u0119bne nagrody przekaza\u0142 wyr\u00f3\u017cnionym za wyniki w nauce i sporcie W\u00f3jt Gminy Sadowne p. Waldemar Cyran. Przekazano te\u017c sztandar szko\u0142y nowemu pocztowi sztandarowemu.<\/p>\n<p>Po cz\u0119\u015bci oficjalnej odby\u0142a si\u0119 cz\u0119\u015b\u0107 artystyczna, kt\u00f3r\u0105 przygotowali \u00f3smoklasi\u015bci i uczniowie klas si\u00f3dmych pod okiem Wychowawczyni i p. Kamila Kie\u0142ka, a na koniec \u2013 po\u017cegnania drobnymi upominkami, dobrym s\u0142owem i\u2026 zapewne uronion\u0105 \u0142z\u0105. Nauczyciele, go\u015bcie i rodzice zako\u0144czyli spotkanie serwowan\u0105 przez cz\u0142onk\u00f3w Rady Rodzic\u00f3w kaw\u0105 i wy\u015bmienitymi s\u0142odko\u015bciami, a nasi absolwenci \u2013 specjalnie przygotowanym na t\u0119 okazj\u0119 tortem.<\/p>\n<p>A ju\u017c na sam koniec tradycyjnie \u2013 wa\u017cne s\u0142owa p. Dyrektor Ma\u0142gorzaty Koro\u015b skierowane do \u00f3smoklasist\u00f3w: \u201eNie m\u00f3wimy Wam \u017cegnajcie, ale do zobaczenia\u201d.<\/p>\n<p><span style=\"color: #0000ff;\"><a style=\"color: #0000ff;\" href=\"https:\/\/photos.app.goo.gl\/WDLKK91aTygFLb7H8\" target=\"_blank\" rel=\"noopener\"><strong>Zdj\u0119cia w galerii Google&gt;&gt;&gt;<\/strong><\/a><\/span><\/p>\n<p><strong>Tekst\/foto:<\/strong> S\u0142awek Chyli\u0144ski<\/p>\n","protected":false},"excerpt":{"rendered":"<p>W Sadownem odby\u0142o si\u0119 uroczyste po\u017cegnanie tegorocznych absolwent\u00f3w Szko\u0142y Podstawowej im. b\u0142. ks. Edwarda Grzyma\u0142y.<\/p>\n","protected":false},"author":1,"featured_media":0,"comment_status":"closed","ping_status":"closed","sticky":false,"template":"","format":"standard","meta":{"footnotes":""},"categories":[5,1752,84],"tags":[3126,16],"class_list":["post-29056","post","type-post","status-publish","format-standard","hentry","category-newsy","category-edukacja","category-szkola-podstawowa-im-cz-wycecha","tag-pozegnanie-osmoklasistow","tag-szkola-podstawowa-w-sadownem"],"views":2011,"_links":{"self":[{"href":"https:\/\/info.sadowne.pl\/index.php?rest_route=\/wp\/v2\/posts\/29056","targetHints":{"allow":["GET"]}}],"collection":[{"href":"https:\/\/info.sadowne.pl\/index.php?rest_route=\/wp\/v2\/posts"}],"about":[{"href":"https:\/\/info.sadowne.pl\/index.php?rest_route=\/wp\/v2\/types\/post"}],"author":[{"embeddable":true,"href":"https:\/\/info.sadowne.pl\/index.php?rest_route=\/wp\/v2\/users\/1"}],"replies":[{"embeddable":true,"href":"https:\/\/info.sadowne.pl\/index.php?rest_route=%2Fwp%2Fv2%2Fcomments&post=29056"}],"version-history":[{"count":1,"href":"https:\/\/info.sadowne.pl\/index.php?rest_route=\/wp\/v2\/posts\/29056\/revisions"}],"predecessor-version":[{"id":29058,"href":"https:\/\/info.sadowne.pl\/index.php?rest_route=\/wp\/v2\/posts\/29056\/revisions\/29058"}],"wp:attachment":[{"href":"https:\/\/info.sadowne.pl\/index.php?rest_route=%2Fwp%2Fv2%2Fmedia&parent=29056"}],"wp:term":[{"taxonomy":"category","embeddable":true,"href":"https:\/\/info.sadowne.pl\/index.php?rest_route=%2Fwp%2Fv2%2Fcategories&post=29056"},{"taxonomy":"post_tag","embeddable":true,"href":"https:\/\/info.sadowne.pl\/index.php?rest_route=%2Fwp%2Fv2%2Ftags&post=29056"}],"curies":[{"name":"wp","href":"https:\/\/api.w.org\/{rel}","templated":true}]}}