{"id":29070,"date":"2024-06-21T15:50:20","date_gmt":"2024-06-21T13:50:20","guid":{"rendered":"http:\/\/info.sadowne.pl\/?p=29070"},"modified":"2024-06-21T15:50:20","modified_gmt":"2024-06-21T13:50:20","slug":"juz-wakacje-2","status":"publish","type":"post","link":"https:\/\/info.sadowne.pl\/?p=29070","title":{"rendered":"Ju\u017c wakacje\u2026"},"content":{"rendered":"<p><a href=\"http:\/\/info.sadowne.pl\/wp-content\/uploads\/2024\/06\/2024.06.21.5.jpg\" target=\"_blank\" rel=\"noopener\"><img loading=\"lazy\" decoding=\"async\" class=\"alignleft wp-image-29071 size-thumbnail\" src=\"http:\/\/info.sadowne.pl\/wp-content\/uploads\/2024\/06\/2024.06.21.5-180x130.jpg\" alt=\"\" width=\"180\" height=\"130\" \/><\/a><\/p>\n<p><strong>Rok szkolny 2023\/2024 zako\u0144czy\u0142 si\u0119. W ZSP Sadowne uroczy\u015bcie rozpocz\u0119to zas\u0142u\u017cone wakacje.<\/strong><!--more--><\/p>\n<p>O godz. 8.00 msza \u015bw. w ko\u015bciele parafialnym, po godz. 9.00 uroczysto\u015b\u0107 w Zespole Szk\u00f3\u0142 Ponadpodstawowych w Sadownem. Tak przebieg\u0142 ostatni dzie\u0144 roku szkolnego 2023\/2024 w sadowie\u0144skich szko\u0142ach \u015brednich.<\/p>\n<p>W sali gimnastycznej szko\u0142y zgromadzili si\u0119 nauczyciele, pracownicy, uczniowie Liceum Og\u00f3lnokszta\u0142c\u0105cego im. W\u0142adys\u0142awa Orkana i Technikum \u017bywienia i Us\u0142ug Gastronomicznych, a tak\u017ce rodzice uczni\u00f3w i zaproszeni go\u015bcie. Z zaproszenia skorzysta\u0142 p. Marek Renik \u2013 Wicestarosta W\u0119growski, ks. kanonik Stanis\u0142aw Wojciechowski i p. Krzysztof K\u0105dziela \u2013 emerytowany nauczyciel sadowie\u0144skiej szko\u0142y \u015bredniej.<\/p>\n<p>Uroczysto\u015b\u0107 rozpocz\u0119\u0142a si\u0119 wprowadzeniem sztandaru szko\u0142y i od\u015bpiewaniem hymnu pa\u0144stwowego. Uczestnik\u00f3w uroczysto\u015bci powita\u0142 Dyrektor ZSP w Sadownem p. S\u0142awomir Ryszawa, podsumowuj\u0105c kr\u00f3tko miniony rok szkolny. Nast\u0119pnie g\u0142os zabra\u0142 Wicestarosta W\u0119growski p. Marek Renik, dzi\u0119kuj\u0105c &#8211; w swoim imieniu i Starosty W\u0119growskiego p. Ewy Besztak &#8211; gronu pedagogicznemu i uczniom za wysoki poziom nauczania i osi\u0105gane wyniki, a tak\u017ce przekazuj\u0105c wszystkim \u017cyczenia na rozpoczynaj\u0105ce si\u0119 wakacje. P. Renik przekaza\u0142 te\u017c wyr\u00f3\u017cnienia Starostwa Powiatowego uczniom, kt\u00f3rzy osi\u0105gn\u0119li najwy\u017csz\u0105 \u015bredni\u0105 ocen\u0119 oraz podzi\u0119kowania dla rodzic\u00f3w tych uczni\u00f3w.<\/p>\n<p>Nast\u0119pnie p. Dyrektor S\u0142awomir Ryszawa i p. Wicedyrektor Kamil Kie\u0142ek wr\u0119czyli nagrody ksi\u0105\u017ckowe uczniom ze wszystkich klas, kt\u00f3rzy osi\u0105gn\u0119li wysokie wyniki w nauce, a tak\u017ce stuprocentow\u0105 frekwencj\u0119. Kolejno te\u017c uroczy\u015bcie wr\u0119czono podzi\u0119kowania uczniom zaanga\u017cowanym w dzia\u0142alno\u015b\u0107 Zespo\u0142u Tanecznego \u201eOrkan\u201d &#8211; swoich podopiecznych uhonorowa\u0142y panie Miros\u0142awa Renik i Marta Osman oraz p. Marek Renik. Za dzia\u0142alno\u015b\u0107 w Szkolnym Kole \u201eCaritas\u201d podzi\u0119kowania wr\u0119czyli: p. Marta Osman i p. Mariusz W\u00f3jcik, a za dodatkow\u0105 dzia\u0142alno\u015b\u0107 i udzia\u0142 w r\u00f3\u017cnych kategoriach konkurs\u00f3w: p. Magdalena Figo\u0144 i p. Kamil Kie\u0142ek. Po uroczysto\u015bci uczniowie otrzymali \u015bwiadectwa podczas ostatnich spotka\u0144 ze swoimi wychowawcami.<\/p>\n<p>Ale, ale\u2026 tym razem nadarzy\u0142a si\u0119 te\u017c okazja do \u017cycze\u0144 dla dw\u00f3ch os\u00f3b zwi\u0105zanych z ZSP Sadowne \u2013 p. Ewa Konik, d\u0142ugoletnia pracownica szko\u0142y, postanowi\u0142a przej\u015b\u0107 na emerytur\u0119, natomiast ks. Krzysztof Rzepczy\u0144ski, wikariusz Parafii Sadowne, uchyli\u0142 r\u0105bka tajemnicy, i\u017c w\u0142a\u015bnie obchodzi 18. rocznic\u0119 przyj\u0119cia swoich \u015bwi\u0119ce\u0144 kap\u0142a\u0144skich (st\u0105d dzisiejszy s\u0142odki pocz\u0119stunek). Moi Drodzy \u2013 \u017cyczymy wszelkiej pomy\u015blno\u015bci na kolejne lata \u017cycia i pos\u0142ugi, w zdrowiu i dobrobycie. A uczniom i pedagogom udanych, nie ko\u0144cz\u0105cych si\u0119 wakacji, wypoczynku i realizacji plan\u00f3w wakacyjnych.<\/p>\n<p>Oczywi\u015bcie spotykamy si\u0119 2-giego wrze\u015bnia br. na rozpocz\u0119ciu roku szkolnego 2024\/2025. A przy okazji, w imieniu Dyrekcji ZSP Sadowne zapraszamy do naszych szk\u00f3\u0142 \u015brednich tegorocznych absolwent\u00f3w podstaw\u00f3wek \u2013 s\u0105 jeszcze wolne miejsca i jest mo\u017cliwo\u015b\u0107 przeniesienia poda\u0144 o przyj\u0119cie do LO lub T\u017biUG w Sadownem!<\/p>\n<p><span style=\"color: #0000ff;\"><a style=\"color: #0000ff;\" href=\"https:\/\/photos.app.goo.gl\/1E4UTp2YTHex2KrQ9\" target=\"_blank\" rel=\"noopener\"><strong>Zdj\u0119cia w galerii Google&gt;&gt;&gt;<\/strong><\/a><\/span><\/p>\n<p><strong>Tekst\/foto:<\/strong> S\u0142awek Chyli\u0144ski<\/p>\n","protected":false},"excerpt":{"rendered":"<p>Rok szkolny 2023\/2024 zako\u0144czy\u0142 si\u0119. W ZSP Sadowne uroczy\u015bcie rozpocz\u0119to zas\u0142u\u017cone wakacje.<\/p>\n","protected":false},"author":1,"featured_media":0,"comment_status":"closed","ping_status":"closed","sticky":false,"template":"","format":"standard","meta":{"footnotes":""},"categories":[5,1752,85],"tags":[2837,3197],"class_list":["post-29070","post","type-post","status-publish","format-standard","hentry","category-newsy","category-edukacja","category-zsp","tag-zakonczenie-roku-szkolnego-w-zsp-sadowne","tag-zespol-szkol-ponadpodstawowych-w-sadownem"],"views":1984,"_links":{"self":[{"href":"https:\/\/info.sadowne.pl\/index.php?rest_route=\/wp\/v2\/posts\/29070","targetHints":{"allow":["GET"]}}],"collection":[{"href":"https:\/\/info.sadowne.pl\/index.php?rest_route=\/wp\/v2\/posts"}],"about":[{"href":"https:\/\/info.sadowne.pl\/index.php?rest_route=\/wp\/v2\/types\/post"}],"author":[{"embeddable":true,"href":"https:\/\/info.sadowne.pl\/index.php?rest_route=\/wp\/v2\/users\/1"}],"replies":[{"embeddable":true,"href":"https:\/\/info.sadowne.pl\/index.php?rest_route=%2Fwp%2Fv2%2Fcomments&post=29070"}],"version-history":[{"count":1,"href":"https:\/\/info.sadowne.pl\/index.php?rest_route=\/wp\/v2\/posts\/29070\/revisions"}],"predecessor-version":[{"id":29072,"href":"https:\/\/info.sadowne.pl\/index.php?rest_route=\/wp\/v2\/posts\/29070\/revisions\/29072"}],"wp:attachment":[{"href":"https:\/\/info.sadowne.pl\/index.php?rest_route=%2Fwp%2Fv2%2Fmedia&parent=29070"}],"wp:term":[{"taxonomy":"category","embeddable":true,"href":"https:\/\/info.sadowne.pl\/index.php?rest_route=%2Fwp%2Fv2%2Fcategories&post=29070"},{"taxonomy":"post_tag","embeddable":true,"href":"https:\/\/info.sadowne.pl\/index.php?rest_route=%2Fwp%2Fv2%2Ftags&post=29070"}],"curies":[{"name":"wp","href":"https:\/\/api.w.org\/{rel}","templated":true}]}}