{"id":29073,"date":"2024-06-21T21:17:21","date_gmt":"2024-06-21T19:17:21","guid":{"rendered":"http:\/\/info.sadowne.pl\/?p=29073"},"modified":"2024-06-21T21:17:21","modified_gmt":"2024-06-21T19:17:21","slug":"dzienny-dom-opieki-medycznej-w-sadownem","status":"publish","type":"post","link":"https:\/\/info.sadowne.pl\/?p=29073","title":{"rendered":"Dzienny Dom Opieki Medycznej w Sadownem"},"content":{"rendered":"<p><strong><a href=\"http:\/\/info.sadowne.pl\/wp-content\/uploads\/2024\/06\/2024.06.21.11-scaled.jpg\" target=\"_blank\" rel=\"noopener\"><img loading=\"lazy\" decoding=\"async\" class=\"alignleft wp-image-29074 size-thumbnail\" src=\"http:\/\/info.sadowne.pl\/wp-content\/uploads\/2024\/06\/2024.06.21.11-180x130.jpg\" alt=\"\" width=\"180\" height=\"130\" \/><\/a>Samorz\u0105d Wojew\u00f3dztwa Mazowieckiego jest organizatorem Programu Wsparcia Dom\u00f3w Opieki Medycznej na lata 2024-2025. W Sadownem ju\u017c funkcjonuje DOM dla senior\u00f3w.<\/strong><!--more--><\/p>\n<p>Celem g\u0142\u00f3wnym zadania jest wsparcie deinstytucjonalizacji opieki nad osobami chorymi, a przyj\u0119\u0107 do DOM dokonuje zesp\u00f3\u0142 terapeutyczny. Czas trwania pobytu w domu opieki medycznej ustalany jest indywidualnie przez zesp\u00f3\u0142 terapeutyczny.<\/p>\n<p><a href=\"http:\/\/info.sadowne.pl\/wp-content\/uploads\/2024\/06\/2024.06.21.15.jpg\"><img loading=\"lazy\" decoding=\"async\" class=\"aligncenter size-full wp-image-29076\" src=\"http:\/\/info.sadowne.pl\/wp-content\/uploads\/2024\/06\/2024.06.21.15.jpg\" alt=\"\" width=\"200\" height=\"53\" \/><\/a><\/p>\n<p>&nbsp;<\/p>\n<p>Domy opieki medycznej funkcjonuj\u0105 przez ca\u0142y rok, we wszystkie dni robocze. \u015awiadczenia w ramach DOM udzielane s\u0105 nieodp\u0142atnie. W ramach DOM nie jest finansowana farmakoterapia. Na realizacj\u0119 Programu Wsparcia Dom\u00f3w Opieki Medycznej w latach 2023-2025 Wojew\u00f3dztwo przeznaczy\u0142o 34 316 881,87 z\u0142.<\/p>\n<p>&nbsp;<\/p>\n<p>Uczestnicy DOM maj\u0105 zapewnione:<\/p>\n<p>&#8211; konsultacje psychologiczne;<\/p>\n<p>&#8211; zaj\u0119cia terapeutyczne;<\/p>\n<p>&#8211; treningi funkcji poznawczych;<\/p>\n<p>&#8211; treningi umiej\u0119tno\u015bci codziennych;<\/p>\n<p>&#8211; terapi\u0119 zaj\u0119ciow\u0105;<\/p>\n<p>&#8211; arteterapi\u0119;<\/p>\n<p>&#8211; terapi\u0119 reminiscencyjn\u0105;<\/p>\n<p>&#8211; trening kulinarny;<\/p>\n<p>&#8211; biblioterapi\u0119;<\/p>\n<p>&#8211; usprawnianie psychofizyczne;<\/p>\n<p>&#8211; opiek\u0119 piel\u0119gniarsk\u0105<\/p>\n<p>&#8211; zaj\u0119cia z edukacji zdrowotnej;<\/p>\n<p>&#8211; zaj\u0119cia logopedyczne;<\/p>\n<p>&#8211; konsultacje dietetyczne;<\/p>\n<p>&#8211; konsultacje z pracownikiem socjalnym.<\/p>\n<p><a href=\"http:\/\/info.sadowne.pl\/wp-content\/uploads\/2024\/06\/2024.06.21.14.jpg\"><img loading=\"lazy\" decoding=\"async\" class=\"alignleft size-full wp-image-29075\" src=\"http:\/\/info.sadowne.pl\/wp-content\/uploads\/2024\/06\/2024.06.21.14.jpg\" alt=\"\" width=\"150\" height=\"150\" \/><\/a>Jednym z realizator\u00f3w Dom\u00f3w Opieki Medycznej dla os\u00f3b z chorobami jest Centrum Medyczno-Diagnostyczne Sp. z o.o. Nale\u017c\u0105cy do Grupy Centrum Zak\u0142ad Opieku\u0144czo-Leczniczy VIS Senior Sp. z o.o. utworzy\u0142 w Sadownem Dzienny Dom Opieki Medycznej, kt\u00f3ry mie\u015bci si\u0119 w pomieszczeniach Przychodni Centrum przy ul. Ko\u015bciuszki 82 i kt\u00f3ry zajmuje si\u0119 opiek\u0105 d\u0142ugoterminow\u0105 sadowie\u0144skich senior\u00f3w.<\/p>\n<p><a href=\"http:\/\/info.sadowne.pl\/wp-content\/uploads\/2024\/06\/2024.06.21.12-scaled.jpg\" target=\"_blank\" rel=\"noopener\"><img loading=\"lazy\" decoding=\"async\" class=\"aligncenter wp-image-29077 size-medium\" src=\"http:\/\/info.sadowne.pl\/wp-content\/uploads\/2024\/06\/2024.06.21.12-300x200.jpg\" alt=\"\" width=\"300\" height=\"200\" srcset=\"https:\/\/info.sadowne.pl\/wp-content\/uploads\/2024\/06\/2024.06.21.12-300x200.jpg 300w, https:\/\/info.sadowne.pl\/wp-content\/uploads\/2024\/06\/2024.06.21.12-1024x683.jpg 1024w, https:\/\/info.sadowne.pl\/wp-content\/uploads\/2024\/06\/2024.06.21.12-768x512.jpg 768w, https:\/\/info.sadowne.pl\/wp-content\/uploads\/2024\/06\/2024.06.21.12-1536x1024.jpg 1536w, https:\/\/info.sadowne.pl\/wp-content\/uploads\/2024\/06\/2024.06.21.12-2048x1365.jpg 2048w\" sizes=\"auto, (max-width: 300px) 100vw, 300px\" \/><\/a><\/p>\n<p>W Sadownem trwa w\u0142a\u015bnie czteromiesi\u0119czny turnus zorganizowany w ramach Projektu. Uczestniczy w nim 16-tu senior\u00f3w, kt\u00f3rzy ch\u0119tnie bior\u0105 udzia\u0142 pod okiem terapeut\u00f3w w r\u00f3\u017cnorodnych zaj\u0119ciach i warsztatach. Przewidywane jest organizowanie kolejnych turnus\u00f3w dla naszych senior\u00f3w, a zainteresowanych prosimy o \u015bledzenie publikowanych przez nas informacji na ten temat.<\/p>\n<p><a href=\"http:\/\/info.sadowne.pl\/wp-content\/uploads\/2024\/06\/2024.06.21.13-scaled.jpg\" target=\"_blank\" rel=\"noopener\"><img loading=\"lazy\" decoding=\"async\" class=\"aligncenter wp-image-29078 size-medium\" src=\"http:\/\/info.sadowne.pl\/wp-content\/uploads\/2024\/06\/2024.06.21.13-300x200.jpg\" alt=\"\" width=\"300\" height=\"200\" srcset=\"https:\/\/info.sadowne.pl\/wp-content\/uploads\/2024\/06\/2024.06.21.13-300x200.jpg 300w, https:\/\/info.sadowne.pl\/wp-content\/uploads\/2024\/06\/2024.06.21.13-1024x683.jpg 1024w, https:\/\/info.sadowne.pl\/wp-content\/uploads\/2024\/06\/2024.06.21.13-768x512.jpg 768w, https:\/\/info.sadowne.pl\/wp-content\/uploads\/2024\/06\/2024.06.21.13-1536x1024.jpg 1536w, https:\/\/info.sadowne.pl\/wp-content\/uploads\/2024\/06\/2024.06.21.13-2048x1365.jpg 2048w\" sizes=\"auto, (max-width: 300px) 100vw, 300px\" \/><\/a><\/p>\n<p><strong>Tekst\/foto:<\/strong> S\u0142awek Chyli\u0144ski<\/p>\n<p><strong>\u0179r\u00f3d\u0142a: <\/strong><\/p>\n<p><a href=\"https:\/\/www.zdrowemazowsze.mazovia.pl\/dzialania-z-zakresu-zdrowia-publicznego\/program-wsparcia-domow-opieki-medycznej\" target=\"_blank\" rel=\"noopener\">https:\/\/www.zdrowemazowsze.mazovia.pl\/dzialania-z-zakresu-zdrowia-publicznego\/program-wsparcia-domow-opieki-medycznej<\/a><\/p>\n<p><a href=\"https:\/\/centrum.med.pl\/\" target=\"_blank\" rel=\"noopener\">https:\/\/centrum.med.pl\/<\/a><\/p>\n","protected":false},"excerpt":{"rendered":"<p>Samorz\u0105d Wojew\u00f3dztwa Mazowieckiego jest organizatorem Programu Wsparcia Dom\u00f3w Opieki Medycznej na lata 2024-2025. W Sadownem ju\u017c funkcjonuje DOM dla senior\u00f3w.<\/p>\n","protected":false},"author":1,"featured_media":0,"comment_status":"closed","ping_status":"closed","sticky":false,"template":"","format":"standard","meta":{"footnotes":""},"categories":[5,1,1408],"tags":[4157,25,4158],"class_list":["post-29073","post","type-post","status-publish","format-standard","hentry","category-newsy","category-inne","category-zdrowie","tag-dzienny-dom-opieki-medycznej","tag-sadowne","tag-zaklad-opiekunczo-leczniczy-vis-senior-sp-z-o-o"],"views":2677,"_links":{"self":[{"href":"https:\/\/info.sadowne.pl\/index.php?rest_route=\/wp\/v2\/posts\/29073","targetHints":{"allow":["GET"]}}],"collection":[{"href":"https:\/\/info.sadowne.pl\/index.php?rest_route=\/wp\/v2\/posts"}],"about":[{"href":"https:\/\/info.sadowne.pl\/index.php?rest_route=\/wp\/v2\/types\/post"}],"author":[{"embeddable":true,"href":"https:\/\/info.sadowne.pl\/index.php?rest_route=\/wp\/v2\/users\/1"}],"replies":[{"embeddable":true,"href":"https:\/\/info.sadowne.pl\/index.php?rest_route=%2Fwp%2Fv2%2Fcomments&post=29073"}],"version-history":[{"count":1,"href":"https:\/\/info.sadowne.pl\/index.php?rest_route=\/wp\/v2\/posts\/29073\/revisions"}],"predecessor-version":[{"id":29079,"href":"https:\/\/info.sadowne.pl\/index.php?rest_route=\/wp\/v2\/posts\/29073\/revisions\/29079"}],"wp:attachment":[{"href":"https:\/\/info.sadowne.pl\/index.php?rest_route=%2Fwp%2Fv2%2Fmedia&parent=29073"}],"wp:term":[{"taxonomy":"category","embeddable":true,"href":"https:\/\/info.sadowne.pl\/index.php?rest_route=%2Fwp%2Fv2%2Fcategories&post=29073"},{"taxonomy":"post_tag","embeddable":true,"href":"https:\/\/info.sadowne.pl\/index.php?rest_route=%2Fwp%2Fv2%2Ftags&post=29073"}],"curies":[{"name":"wp","href":"https:\/\/api.w.org\/{rel}","templated":true}]}}