{"id":29085,"date":"2024-06-23T22:28:16","date_gmt":"2024-06-23T20:28:16","guid":{"rendered":"http:\/\/info.sadowne.pl\/?p=29085"},"modified":"2024-06-23T22:38:50","modified_gmt":"2024-06-23T20:38:50","slug":"noc-swietojanska","status":"publish","type":"post","link":"https:\/\/info.sadowne.pl\/?p=29085","title":{"rendered":"Noc \u015awi\u0119toja\u0144ska"},"content":{"rendered":"<p><a href=\"http:\/\/info.sadowne.pl\/wp-content\/uploads\/2024\/06\/2024.06.23.1.jpg\" target=\"_blank\" rel=\"noopener\"><img loading=\"lazy\" decoding=\"async\" class=\"alignleft wp-image-29086 size-thumbnail\" src=\"http:\/\/info.sadowne.pl\/wp-content\/uploads\/2024\/06\/2024.06.23.1-180x130.jpg\" alt=\"\" width=\"180\" height=\"130\" \/><\/a><\/p>\n<p><strong>23 czerwca \u201cSadowianki\u201d wyst\u0105pi\u0142y w W\u0119growie podczas drugiej edycji obchod\u00f3w Nocy \u015awi\u0119toja\u0144skiej.<\/strong><!--more--><\/p>\n<p>Fundacja Prima Security, w ramach zadania pn. \u201cZapraszamy do W\u0119growa\u201d, dofinansowanego z bud\u017cetu Wojew\u00f3dztwa Mazowieckiego, ju\u017c po raz drugi zorganizowa\u0142a obchody Nocy \u015awi\u0119toja\u0144skiej. Wyst\u0119py artystyczne, warsztaty, gry, puszczanie wiank\u00f3w i inne atrakcje mieszka\u0144cy W\u0119growa mogli ogl\u0105da\u0107 w niedzielny wiecz\u00f3r w Parku im. Armii Krajowej.<\/p>\n<p>Imprez\u0119 prowadzi\u0142a p. Monika Doktorska, a rozpocz\u0105\u0142 j\u0105 wyst\u0119p Zespo\u0142u \u015apiewaczego \u201cSadowianki\u201d, kt\u00f3ry \u015bwietnie zaprezentowa\u0142 kilka pie\u015bni tematycznie zwi\u0105zanych z Noc\u0105 \u015awi\u0119toja\u0144sk\u0105.<\/p>\n<p><span style=\"color: #0000ff;\"><a style=\"color: #0000ff;\" href=\"https:\/\/photos.app.goo.gl\/sPtT8s5Jo4fn5EjE6\" target=\"_blank\" rel=\"noopener\"><strong>Zdj\u0119cia w galerii Google&gt;&gt;&gt;<\/strong><\/a><\/span><\/p>\n<p><span style=\"color: #0000ff;\"><a style=\"color: #0000ff;\" href=\"https:\/\/youtu.be\/H5zBdktfNkk\" target=\"_blank\" rel=\"noopener\"><strong>Zobacz te\u017c film&gt;&gt;&gt;<\/strong><\/a><\/span><\/p>\n<p><strong>Tekst\/foto:<\/strong> S\u0142awek Chyli\u0144ski<\/p>\n","protected":false},"excerpt":{"rendered":"<p>23 czerwca \u201cSadowianki\u201d wyst\u0105pi\u0142y w W\u0119growie podczas drugiej edycji obchod\u00f3w Nocy \u015awi\u0119toja\u0144skiej.<\/p>\n","protected":false},"author":1,"featured_media":0,"comment_status":"closed","ping_status":"closed","sticky":false,"template":"","format":"standard","meta":{"footnotes":""},"categories":[5,1,2495],"tags":[4161,960],"class_list":["post-29085","post","type-post","status-publish","format-standard","hentry","category-newsy","category-inne","category-nasi-sasiedzi","tag-noc-swietojanska-w-wegrowie","tag-zespol-spiewaczy-sadowianki"],"views":1866,"_links":{"self":[{"href":"https:\/\/info.sadowne.pl\/index.php?rest_route=\/wp\/v2\/posts\/29085","targetHints":{"allow":["GET"]}}],"collection":[{"href":"https:\/\/info.sadowne.pl\/index.php?rest_route=\/wp\/v2\/posts"}],"about":[{"href":"https:\/\/info.sadowne.pl\/index.php?rest_route=\/wp\/v2\/types\/post"}],"author":[{"embeddable":true,"href":"https:\/\/info.sadowne.pl\/index.php?rest_route=\/wp\/v2\/users\/1"}],"replies":[{"embeddable":true,"href":"https:\/\/info.sadowne.pl\/index.php?rest_route=%2Fwp%2Fv2%2Fcomments&post=29085"}],"version-history":[{"count":2,"href":"https:\/\/info.sadowne.pl\/index.php?rest_route=\/wp\/v2\/posts\/29085\/revisions"}],"predecessor-version":[{"id":29088,"href":"https:\/\/info.sadowne.pl\/index.php?rest_route=\/wp\/v2\/posts\/29085\/revisions\/29088"}],"wp:attachment":[{"href":"https:\/\/info.sadowne.pl\/index.php?rest_route=%2Fwp%2Fv2%2Fmedia&parent=29085"}],"wp:term":[{"taxonomy":"category","embeddable":true,"href":"https:\/\/info.sadowne.pl\/index.php?rest_route=%2Fwp%2Fv2%2Fcategories&post=29085"},{"taxonomy":"post_tag","embeddable":true,"href":"https:\/\/info.sadowne.pl\/index.php?rest_route=%2Fwp%2Fv2%2Ftags&post=29085"}],"curies":[{"name":"wp","href":"https:\/\/api.w.org\/{rel}","templated":true}]}}