{"id":29132,"date":"2024-07-08T17:07:35","date_gmt":"2024-07-08T15:07:35","guid":{"rendered":"http:\/\/info.sadowne.pl\/?p=29132"},"modified":"2024-07-08T17:08:23","modified_gmt":"2024-07-08T15:08:23","slug":"sadowianki-wegrow-2","status":"publish","type":"post","link":"https:\/\/info.sadowne.pl\/?p=29132","title":{"rendered":"Sadowianki \u2013 W\u0118GR\u00d3W"},"content":{"rendered":"<p><strong><a href=\"http:\/\/info.sadowne.pl\/wp-content\/uploads\/2024\/07\/sad1047.jpg\"><img loading=\"lazy\" decoding=\"async\" class=\"alignleft size-thumbnail wp-image-29136\" src=\"http:\/\/info.sadowne.pl\/wp-content\/uploads\/2024\/07\/sad1047-180x130.jpg\" alt=\"\" width=\"180\" height=\"130\" \/><\/a>8 i 9 pa\u017adziernika 2022 roku.<\/strong><!--more--><\/p>\n<p><strong><a href=\"http:\/\/info.sadowne.pl\/wp-content\/uploads\/2024\/07\/sad1044.jpg\"><img loading=\"lazy\" decoding=\"async\" class=\"aligncenter size-full wp-image-29133\" src=\"http:\/\/info.sadowne.pl\/wp-content\/uploads\/2024\/07\/sad1044.jpg\" alt=\"\" width=\"532\" height=\"108\" srcset=\"https:\/\/info.sadowne.pl\/wp-content\/uploads\/2024\/07\/sad1044.jpg 532w, https:\/\/info.sadowne.pl\/wp-content\/uploads\/2024\/07\/sad1044-300x61.jpg 300w\" sizes=\"auto, (max-width: 532px) 100vw, 532px\" \/><\/a>\u00a0<\/strong><\/p>\n<p style=\"text-align: center;\"><strong>\u00a0<\/strong><strong>To ju\u017c\u00a0 XVI Przegl\u0105d Tw\u00f3rczo\u015bci Artystycznej Senior\u00f3w <\/strong><\/p>\n<p style=\"text-align: center;\"><strong>w W\u0119growskim O\u015brodku Kultury.<\/strong><\/p>\n<p style=\"text-align: center;\"><strong>8 i 9 pa\u017adziernika odby\u0142y si\u0119 przes\u0142uchania pod\u00a0 nazw\u0105:<\/strong><\/p>\n<h3 style=\"text-align: center;\"><span style=\"color: #ff0000;\"><strong>W<\/strong><strong>\u0118<\/strong><strong>GROWSKIE BARWY JESIENI<\/strong><\/span><\/h3>\n<p style=\"text-align: center;\"><strong>33 podmiot\u00f3w artystycznych, kt\u00f3re klasyfikowano w pi\u0119ciu kategoriach.<\/strong><\/p>\n<p><strong> <a href=\"http:\/\/info.sadowne.pl\/wp-content\/uploads\/2024\/07\/sad1045.jpg\"><img loading=\"lazy\" decoding=\"async\" class=\"aligncenter size-full wp-image-29134\" src=\"http:\/\/info.sadowne.pl\/wp-content\/uploads\/2024\/07\/sad1045.jpg\" alt=\"\" width=\"524\" height=\"212\" srcset=\"https:\/\/info.sadowne.pl\/wp-content\/uploads\/2024\/07\/sad1045.jpg 524w, https:\/\/info.sadowne.pl\/wp-content\/uploads\/2024\/07\/sad1045-300x121.jpg 300w\" sizes=\"auto, (max-width: 524px) 100vw, 524px\" \/><\/a><\/strong><\/p>\n<p><a href=\"http:\/\/info.sadowne.pl\/wp-content\/uploads\/2024\/07\/sad1046.jpg\"><img loading=\"lazy\" decoding=\"async\" class=\"aligncenter size-full wp-image-29135\" src=\"http:\/\/info.sadowne.pl\/wp-content\/uploads\/2024\/07\/sad1046.jpg\" alt=\"\" width=\"252\" height=\"224\" \/><\/a><\/p>\n<p>Na uroczyst\u0105 Gal\u0119 Przegl\u0105du 16 pa\u017adziernika zaproszono laureat\u00f3w wybranych przez Komisj\u0119 Konkursow\u0105 \u2013 w\u015br\u00f3d nich znalaz\u0142 si\u0119 nasz Zesp\u00f3\u0142 \u015apiewaczy <em>Sadowianki<\/em>, kt\u00f3ry zaj\u0105\u0142 III miejsce w kategorii zespo\u0142y folklorystyczne.<\/p>\n<p><strong> <a href=\"http:\/\/info.sadowne.pl\/wp-content\/uploads\/2024\/07\/sad1047.jpg\"><img loading=\"lazy\" decoding=\"async\" class=\"aligncenter size-full wp-image-29136\" src=\"http:\/\/info.sadowne.pl\/wp-content\/uploads\/2024\/07\/sad1047.jpg\" alt=\"\" width=\"606\" height=\"308\" srcset=\"https:\/\/info.sadowne.pl\/wp-content\/uploads\/2024\/07\/sad1047.jpg 606w, https:\/\/info.sadowne.pl\/wp-content\/uploads\/2024\/07\/sad1047-300x152.jpg 300w\" sizes=\"auto, (max-width: 606px) 100vw, 606px\" \/><\/a><\/strong><\/p>\n<p><strong> <a href=\"http:\/\/info.sadowne.pl\/wp-content\/uploads\/2024\/07\/sad1048.jpg\"><img loading=\"lazy\" decoding=\"async\" class=\"aligncenter size-full wp-image-29137\" src=\"http:\/\/info.sadowne.pl\/wp-content\/uploads\/2024\/07\/sad1048.jpg\" alt=\"\" width=\"580\" height=\"829\" srcset=\"https:\/\/info.sadowne.pl\/wp-content\/uploads\/2024\/07\/sad1048.jpg 580w, https:\/\/info.sadowne.pl\/wp-content\/uploads\/2024\/07\/sad1048-210x300.jpg 210w\" sizes=\"auto, (max-width: 580px) 100vw, 580px\" \/><\/a><\/strong><\/p>\n<p><strong>\u00a0\u00a0 <a href=\"http:\/\/info.sadowne.pl\/wp-content\/uploads\/2024\/07\/sad1050.jpg\"><img loading=\"lazy\" decoding=\"async\" class=\"aligncenter size-full wp-image-29139\" src=\"http:\/\/info.sadowne.pl\/wp-content\/uploads\/2024\/07\/sad1050.jpg\" alt=\"\" width=\"226\" height=\"221\" \/><\/a><a href=\"http:\/\/info.sadowne.pl\/wp-content\/uploads\/2024\/07\/sad1049.jpg\"><img loading=\"lazy\" decoding=\"async\" class=\"aligncenter size-full wp-image-29138\" src=\"http:\/\/info.sadowne.pl\/wp-content\/uploads\/2024\/07\/sad1049.jpg\" alt=\"\" width=\"141\" height=\"143\" \/><\/a>\u00a0\u00a0\u00a0\u00a0\u00a0\u00a0\u00a0\u00a0 <\/strong><\/p>\n<p>&nbsp;<\/p>\n<p style=\"text-align: center;\"><span style=\"color: #0000ff;\"><strong>SADOWNE<\/strong><\/span><\/p>\n<p style=\"text-align: center;\"><strong>9.10.2022<\/strong><strong>\u00a0<\/strong><\/p>\n<p style=\"text-align: center;\"><span style=\"color: #ff0000;\"><strong>,,SADOWNE ZSZYTE Z TRADYCJ\u0104\u201d<\/strong><\/span><\/p>\n<p style=\"text-align: center;\"><strong>ORAZ<\/strong><\/p>\n<p style=\"text-align: center;\"><span style=\"color: #ff0000;\"><strong>WERNISA\u017b\u00a0 XXII PLENERU MALARSKIEGO<\/strong><\/span><\/p>\n<p style=\"text-align: center;\"><span style=\"color: #339966;\"><strong>IM. EDWARDA HERMANA<\/strong><\/span><\/p>\n<p><strong> <a href=\"http:\/\/info.sadowne.pl\/wp-content\/uploads\/2024\/07\/sad1051.jpg\"><img loading=\"lazy\" decoding=\"async\" class=\"aligncenter size-full wp-image-29140\" src=\"http:\/\/info.sadowne.pl\/wp-content\/uploads\/2024\/07\/sad1051.jpg\" alt=\"\" width=\"608\" height=\"861\" srcset=\"https:\/\/info.sadowne.pl\/wp-content\/uploads\/2024\/07\/sad1051.jpg 608w, https:\/\/info.sadowne.pl\/wp-content\/uploads\/2024\/07\/sad1051-212x300.jpg 212w\" sizes=\"auto, (max-width: 608px) 100vw, 608px\" \/><\/a><\/strong><\/p>\n<p>&nbsp;<\/p>\n<p style=\"text-align: center;\">W dniach 3 \u2013 12 pa\u017adziernika 2022 roku na terenie Gminy Sadowne odby\u0142 si\u0119<\/p>\n<p style=\"text-align: center;\"><span style=\"color: #ff0000;\"><strong>XXII\u00a0 Plener Malarski im. Edwarda Hermana.<\/strong><\/span><\/p>\n<p>Arty\u015bci wykorzystali nasz\u0105 pi\u0119kn\u0105 z\u0142ot\u0105 jesie\u0144 oraz uroki sadowie\u0144skiej okolicy w celu tworzenia swoich dzie\u0142. Poza w\u0142asn\u0105 prac\u0105 tw\u00f3rcz\u0105 arty\u015bci poprowadzili w kilku szko\u0142ach na terenie gminy warsztaty dla dzieci i doros\u0142ych. By\u0142y to wycinanki kwiatowe, ozdoby ludowe i \u015bwi\u0105teczne, by\u0142o te\u017c malowanie na porcelanie. Dzieci pozna\u0142y r\u00f3wnie\u017c techniki malarskie, malowanie na p\u0142\u00f3tnie i podstawowe mieszanie kolor\u00f3w. Warsztaty zako\u0144czy\u0142y si\u0119 wsp\u00f3lnym spotkaniem przy ognisku.<\/p>\n<p><a href=\"http:\/\/info.sadowne.pl\/wp-content\/uploads\/2024\/07\/sad1052.jpg\"><img loading=\"lazy\" decoding=\"async\" class=\"aligncenter size-full wp-image-29141\" src=\"http:\/\/info.sadowne.pl\/wp-content\/uploads\/2024\/07\/sad1052.jpg\" alt=\"\" width=\"317\" height=\"159\" srcset=\"https:\/\/info.sadowne.pl\/wp-content\/uploads\/2024\/07\/sad1052.jpg 317w, https:\/\/info.sadowne.pl\/wp-content\/uploads\/2024\/07\/sad1052-300x150.jpg 300w\" sizes=\"auto, (max-width: 317px) 100vw, 317px\" \/><\/a><\/p>\n<h4 style=\"text-align: center;\"><span style=\"color: #ff0000;\"><strong>W niedzielne popo\u0142udnie 9 pa\u017adziernika <\/strong><\/span><\/h4>\n<p style=\"text-align: center;\">w Sali OSP Sadowne odby\u0142o si\u0119 spotkanie, kt\u00f3re zorganizowa\u0142<\/p>\n<p style=\"text-align: center;\"><strong>Gminny O\u015brodek Kultury w Sadownem.<\/strong><\/p>\n<p>Na pocz\u0105tku g\u0142os zabra\u0142a Dyrektor GOK w Sadownem <strong>p. Ewa Pi\u00f3rkowska<\/strong>, informuj\u0105c zebranych o celu tego spotkania.<\/p>\n<p style=\"text-align: center;\">Pierwszym punktem by\u0142o <em>podsumowanie projektu <\/em><\/p>\n<h2 style=\"text-align: center;\"><span style=\"color: #339966;\"><em><strong>pn.: \u201eSadowne zszyte z tradycj<\/strong><\/em><em><strong>\u0105<\/strong><\/em><\/span><em><strong><span style=\"color: #339966;\">\u201d<\/span><\/strong> ,<\/em><\/h2>\n<p style=\"text-align: center;\">a w tym\u00a0 prezentacja stroj\u00f3w uszytych w ramach tego projektu.<\/p>\n<p>Na wybiegu pojawia\u0142y si\u0119 kolejno ,,modelki\u201d i ,,modele\u201d w swoich kolorowych i prawie w\u0142asnor\u0119cznie uszytych kreacjach. Trzeba przyzna\u0107, i\u017c stroje by\u0142y dobrane do figury, uszyte z odpowiedniego materia\u0142u, podkre\u015blone makija\u017cem, fryzur\u0105 i akcesoriami w postaci wianuszk\u00f3w na g\u0142owie, apaszek, czy korali.<\/p>\n<p>Nasze Panie, Panowie i dzieci prezentowa\u0142y si\u0119 wspaniale, pokazuj\u0105c nie tylko pomys\u0142owo\u015b\u0107 uszytych stroj\u00f3w, ale r\u00f3wnie\u017c szyk i gracj\u0119 na wybiegu. Za doskona\u0142\u0105 prezentacj\u0119 widzowie nagradzali ka\u017cdy projekt gromkimi brawami.<\/p>\n<h3 style=\"text-align: center;\"><span style=\"color: #ff0000;\"><strong>A to pi\u0119kne modelki w swoich kreacjach.<\/strong><\/span><\/h3>\n<p><a href=\"http:\/\/info.sadowne.pl\/wp-content\/uploads\/2024\/07\/sad1053.jpg\"><img loading=\"lazy\" decoding=\"async\" class=\"aligncenter size-full wp-image-29142\" src=\"http:\/\/info.sadowne.pl\/wp-content\/uploads\/2024\/07\/sad1053.jpg\" alt=\"\" width=\"606\" height=\"424\" srcset=\"https:\/\/info.sadowne.pl\/wp-content\/uploads\/2024\/07\/sad1053.jpg 606w, https:\/\/info.sadowne.pl\/wp-content\/uploads\/2024\/07\/sad1053-300x210.jpg 300w\" sizes=\"auto, (max-width: 606px) 100vw, 606px\" \/><\/a><\/p>\n<p><a href=\"http:\/\/info.sadowne.pl\/wp-content\/uploads\/2024\/07\/sad1054.jpg\"><img loading=\"lazy\" decoding=\"async\" class=\"aligncenter size-full wp-image-29143\" src=\"http:\/\/info.sadowne.pl\/wp-content\/uploads\/2024\/07\/sad1054.jpg\" alt=\"\" width=\"603\" height=\"413\" srcset=\"https:\/\/info.sadowne.pl\/wp-content\/uploads\/2024\/07\/sad1054.jpg 603w, https:\/\/info.sadowne.pl\/wp-content\/uploads\/2024\/07\/sad1054-300x205.jpg 300w\" sizes=\"auto, (max-width: 603px) 100vw, 603px\" \/><\/a><\/p>\n<p><a href=\"http:\/\/info.sadowne.pl\/wp-content\/uploads\/2024\/07\/sad1055.jpg\"><img loading=\"lazy\" decoding=\"async\" class=\"aligncenter size-full wp-image-29144\" src=\"http:\/\/info.sadowne.pl\/wp-content\/uploads\/2024\/07\/sad1055.jpg\" alt=\"\" width=\"605\" height=\"537\" srcset=\"https:\/\/info.sadowne.pl\/wp-content\/uploads\/2024\/07\/sad1055.jpg 605w, https:\/\/info.sadowne.pl\/wp-content\/uploads\/2024\/07\/sad1055-300x266.jpg 300w\" sizes=\"auto, (max-width: 605px) 100vw, 605px\" \/><\/a><\/p>\n<p style=\"text-align: center;\">Suknia uszyta przez Pani\u0105 wed\u0142ug w\u0142asnego projektu.<\/p>\n<p><em> <a href=\"http:\/\/info.sadowne.pl\/wp-content\/uploads\/2024\/07\/sad1056.jpg\"><img loading=\"lazy\" decoding=\"async\" class=\"aligncenter size-full wp-image-29145\" src=\"http:\/\/info.sadowne.pl\/wp-content\/uploads\/2024\/07\/sad1056.jpg\" alt=\"\" width=\"604\" height=\"393\" srcset=\"https:\/\/info.sadowne.pl\/wp-content\/uploads\/2024\/07\/sad1056.jpg 604w, https:\/\/info.sadowne.pl\/wp-content\/uploads\/2024\/07\/sad1056-300x195.jpg 300w\" sizes=\"auto, (max-width: 604px) 100vw, 604px\" \/><\/a><\/em><\/p>\n<p style=\"text-align: center;\"><em><strong>\u00a0<\/strong><\/em>Zast\u0119pca W\u00f3jta Gminy Sadowne p. Marcin Gr\u0119da z pi\u0119knymi modelkami.<\/p>\n<p style=\"text-align: center;\"><strong><em>Kolejnym punktem wieczornego spotkania by\u0142 wernisa\u017c poplenerowy <\/em><\/strong><\/p>\n<p style=\"text-align: center;\"><span style=\"color: #ff0000;\"><strong><em>XXII Pleneru Malarskiego im. Edwarda Hermana. <\/em><\/strong><\/span><\/p>\n<p><em><strong> <a href=\"http:\/\/info.sadowne.pl\/wp-content\/uploads\/2024\/07\/sad1057.jpg\"><img loading=\"lazy\" decoding=\"async\" class=\"aligncenter size-full wp-image-29146\" src=\"http:\/\/info.sadowne.pl\/wp-content\/uploads\/2024\/07\/sad1057.jpg\" alt=\"\" width=\"489\" height=\"313\" srcset=\"https:\/\/info.sadowne.pl\/wp-content\/uploads\/2024\/07\/sad1057.jpg 489w, https:\/\/info.sadowne.pl\/wp-content\/uploads\/2024\/07\/sad1057-300x192.jpg 300w\" sizes=\"auto, (max-width: 489px) 100vw, 489px\" \/><\/a><\/strong><\/em><\/p>\n<p style=\"text-align: center;\">Ogl\u0105dali\u015bmy pi\u0119kne prace naszych artyst\u00f3w.<\/p>\n<p><em><strong> <a href=\"http:\/\/info.sadowne.pl\/wp-content\/uploads\/2024\/07\/sad1058.jpg\"><img loading=\"lazy\" decoding=\"async\" class=\"aligncenter size-full wp-image-29147\" src=\"http:\/\/info.sadowne.pl\/wp-content\/uploads\/2024\/07\/sad1058.jpg\" alt=\"\" width=\"607\" height=\"281\" srcset=\"https:\/\/info.sadowne.pl\/wp-content\/uploads\/2024\/07\/sad1058.jpg 607w, https:\/\/info.sadowne.pl\/wp-content\/uploads\/2024\/07\/sad1058-300x139.jpg 300w\" sizes=\"auto, (max-width: 607px) 100vw, 607px\" \/><\/a><\/strong><\/em><\/p>\n<p><a href=\"http:\/\/info.sadowne.pl\/wp-content\/uploads\/2024\/07\/sad1059.jpg\"><img loading=\"lazy\" decoding=\"async\" class=\"aligncenter size-full wp-image-29148\" src=\"http:\/\/info.sadowne.pl\/wp-content\/uploads\/2024\/07\/sad1059.jpg\" alt=\"\" width=\"570\" height=\"379\" srcset=\"https:\/\/info.sadowne.pl\/wp-content\/uploads\/2024\/07\/sad1059.jpg 570w, https:\/\/info.sadowne.pl\/wp-content\/uploads\/2024\/07\/sad1059-300x199.jpg 300w\" sizes=\"auto, (max-width: 570px) 100vw, 570px\" \/><\/a><\/p>\n<p style=\"text-align: center;\"><em>\u00a0<\/em>A to zdj\u0119cie, chcia\u0142am i musia\u0142am tu wstawi\u0107, wspania\u0142\u0105 pracowit\u0105, kreatywn\u0105, bardzo przyjazn\u0105 ludziom osob\u0119, a przede wszystkim nam <strong>SADOWIANKOM. <\/strong><\/p>\n<p><span style=\"color: #99cc00;\"><em><strong>Kochamy Pani\u0105 Danusi\u0119 Chyli\u0144sk\u0105. <a href=\"http:\/\/info.sadowne.pl\/wp-content\/uploads\/2024\/07\/sad1060.jpg\"><img loading=\"lazy\" decoding=\"async\" class=\"alignright size-full wp-image-29149\" src=\"http:\/\/info.sadowne.pl\/wp-content\/uploads\/2024\/07\/sad1060.jpg\" alt=\"\" width=\"267\" height=\"134\" \/><\/a><\/strong><\/em><\/span><\/p>\n<p><em><strong>\u00a0<\/strong><\/em><\/p>\n<p style=\"text-align: center;\"><strong>Przyszed\u0142 czas na nas, czyli trzeci punkt spotkania &#8211; <span style=\"color: #ff0000;\">SADOWIANKI<\/span><\/strong><\/p>\n<p><em> <a href=\"http:\/\/info.sadowne.pl\/wp-content\/uploads\/2024\/07\/sad1061.jpg\"><img loading=\"lazy\" decoding=\"async\" class=\"aligncenter size-full wp-image-29150\" src=\"http:\/\/info.sadowne.pl\/wp-content\/uploads\/2024\/07\/sad1061.jpg\" alt=\"\" width=\"602\" height=\"365\" srcset=\"https:\/\/info.sadowne.pl\/wp-content\/uploads\/2024\/07\/sad1061.jpg 602w, https:\/\/info.sadowne.pl\/wp-content\/uploads\/2024\/07\/sad1061-300x182.jpg 300w\" sizes=\"auto, (max-width: 602px) 100vw, 602px\" \/><\/a><\/em><\/p>\n<p style=\"text-align: center;\"><em>\u00a0<\/em>Na widowni podziwiamy i oklaskujemy kreacje. Ale za moment do pracy. Jeszcze tylko kilka s\u0142\u00f3w wst\u0119pu naszej szefowej do publiczno\u015bci i do roboty.<\/p>\n<p><em> <a href=\"http:\/\/info.sadowne.pl\/wp-content\/uploads\/2024\/07\/sad1062.jpg\"><img loading=\"lazy\" decoding=\"async\" class=\"aligncenter size-full wp-image-29151\" src=\"http:\/\/info.sadowne.pl\/wp-content\/uploads\/2024\/07\/sad1062.jpg\" alt=\"\" width=\"541\" height=\"585\" srcset=\"https:\/\/info.sadowne.pl\/wp-content\/uploads\/2024\/07\/sad1062.jpg 541w, https:\/\/info.sadowne.pl\/wp-content\/uploads\/2024\/07\/sad1062-277x300.jpg 277w\" sizes=\"auto, (max-width: 541px) 100vw, 541px\" \/><\/a><\/em><\/p>\n<p style=\"text-align: center;\"><em>\u00a0<\/em><em><strong>Krysia Wetoszka \u2013 kierownik zespo\u0142u.<\/strong><\/em><\/p>\n<p><em><strong> <a href=\"http:\/\/info.sadowne.pl\/wp-content\/uploads\/2024\/07\/sad1063.jpg\"><img loading=\"lazy\" decoding=\"async\" class=\"aligncenter size-full wp-image-29152\" src=\"http:\/\/info.sadowne.pl\/wp-content\/uploads\/2024\/07\/sad1063.jpg\" alt=\"\" width=\"602\" height=\"326\" srcset=\"https:\/\/info.sadowne.pl\/wp-content\/uploads\/2024\/07\/sad1063.jpg 602w, https:\/\/info.sadowne.pl\/wp-content\/uploads\/2024\/07\/sad1063-300x162.jpg 300w\" sizes=\"auto, (max-width: 602px) 100vw, 602px\" \/><\/a><\/strong><\/em><\/p>\n<p style=\"text-align: center;\"><em><strong>\u00a0<\/strong><\/em>W repertuarze znalaz\u0142y si\u0119 najbardziej lubiane przez nasz\u0105 publiczno\u015b\u0107 piosenki.<\/p>\n<p><a href=\"http:\/\/info.sadowne.pl\/wp-content\/uploads\/2024\/07\/sad1064.jpg\"><img loading=\"lazy\" decoding=\"async\" class=\"aligncenter size-full wp-image-29153\" src=\"http:\/\/info.sadowne.pl\/wp-content\/uploads\/2024\/07\/sad1064.jpg\" alt=\"\" width=\"604\" height=\"391\" srcset=\"https:\/\/info.sadowne.pl\/wp-content\/uploads\/2024\/07\/sad1064.jpg 604w, https:\/\/info.sadowne.pl\/wp-content\/uploads\/2024\/07\/sad1064-300x194.jpg 300w\" sizes=\"auto, (max-width: 604px) 100vw, 604px\" \/><\/a><\/p>\n<p><a href=\"http:\/\/info.sadowne.pl\/wp-content\/uploads\/2024\/07\/sad1065.jpg\"><img loading=\"lazy\" decoding=\"async\" class=\"aligncenter size-full wp-image-29154\" src=\"http:\/\/info.sadowne.pl\/wp-content\/uploads\/2024\/07\/sad1065.jpg\" alt=\"\" width=\"607\" height=\"358\" srcset=\"https:\/\/info.sadowne.pl\/wp-content\/uploads\/2024\/07\/sad1065.jpg 607w, https:\/\/info.sadowne.pl\/wp-content\/uploads\/2024\/07\/sad1065-300x177.jpg 300w\" sizes=\"auto, (max-width: 607px) 100vw, 607px\" \/><\/a><\/p>\n<h2 style=\"text-align: center;\"><span style=\"color: #339966;\"><em><strong>\u015a<\/strong><\/em><em><strong>piewamy!<\/strong><\/em><\/span><\/h2>\n<p><em><strong> <a href=\"http:\/\/info.sadowne.pl\/wp-content\/uploads\/2024\/07\/sad1066.jpg\"><img loading=\"lazy\" decoding=\"async\" class=\"aligncenter size-full wp-image-29155\" src=\"http:\/\/info.sadowne.pl\/wp-content\/uploads\/2024\/07\/sad1066.jpg\" alt=\"\" width=\"603\" height=\"394\" srcset=\"https:\/\/info.sadowne.pl\/wp-content\/uploads\/2024\/07\/sad1066.jpg 603w, https:\/\/info.sadowne.pl\/wp-content\/uploads\/2024\/07\/sad1066-300x196.jpg 300w\" sizes=\"auto, (max-width: 603px) 100vw, 603px\" \/><\/a><\/strong><\/em><\/p>\n<p><em><strong> <a href=\"http:\/\/info.sadowne.pl\/wp-content\/uploads\/2024\/07\/sad1067.jpg\"><img loading=\"lazy\" decoding=\"async\" class=\"aligncenter size-full wp-image-29156\" src=\"http:\/\/info.sadowne.pl\/wp-content\/uploads\/2024\/07\/sad1067.jpg\" alt=\"\" width=\"603\" height=\"907\" srcset=\"https:\/\/info.sadowne.pl\/wp-content\/uploads\/2024\/07\/sad1067.jpg 603w, https:\/\/info.sadowne.pl\/wp-content\/uploads\/2024\/07\/sad1067-199x300.jpg 199w\" sizes=\"auto, (max-width: 603px) 100vw, 603px\" \/><\/a><\/strong><\/em><\/p>\n<h2 style=\"text-align: center;\"><em><strong>\u00a0<\/strong><\/em><span style=\"color: #ff0000;\"><strong>Nasi Panowie w ca<\/strong><strong>\u0142<\/strong><strong>ej okaza<\/strong><strong>\u0142<\/strong><strong>o<\/strong><strong>\u015b<\/strong><strong>ci!<\/strong><\/span><\/h2>\n<p style=\"text-align: center;\"><strong>Andrzej Olton <\/strong>\u2013 akordeonista i kierownik muzyczny zespo\u0142u oraz dwaj soli\u015bci: <strong>Piotr Olkowski i Zbigniew Danaj<\/strong>.<\/p>\n<p><a href=\"http:\/\/info.sadowne.pl\/wp-content\/uploads\/2024\/07\/sad1068.jpg\"><img loading=\"lazy\" decoding=\"async\" class=\"aligncenter size-full wp-image-29157\" src=\"http:\/\/info.sadowne.pl\/wp-content\/uploads\/2024\/07\/sad1068.jpg\" alt=\"\" width=\"605\" height=\"495\" srcset=\"https:\/\/info.sadowne.pl\/wp-content\/uploads\/2024\/07\/sad1068.jpg 605w, https:\/\/info.sadowne.pl\/wp-content\/uploads\/2024\/07\/sad1068-300x245.jpg 300w\" sizes=\"auto, (max-width: 605px) 100vw, 605px\" \/><\/a><\/p>\n<p style=\"text-align: center;\">Za u\u015bwietnienie swoim wyst\u0119pem pi\u0119knego spotkania <strong>Zesp\u00f3\u0142 SADOWIANKI<\/strong> otrzymuje podzi\u0119kowanie od Kierownik GOK w Sadownem <strong>p. Ewy Pi\u00f3rkowskiej.<\/strong><\/p>\n<p>Na zako\u0144czenie mo\u017cna by\u0142o wymieni\u0107 pogl\u0105dy i zaplanowa\u0107 kolejne dzia\u0142ania przy kawie, herbacie oraz przygotowanym pocz\u0119stunku.<\/p>\n<p><a href=\"http:\/\/info.sadowne.pl\/wp-content\/uploads\/2024\/07\/sad1069.jpg\"><img loading=\"lazy\" decoding=\"async\" class=\"aligncenter size-full wp-image-29158\" src=\"http:\/\/info.sadowne.pl\/wp-content\/uploads\/2024\/07\/sad1069.jpg\" alt=\"\" width=\"304\" height=\"130\" srcset=\"https:\/\/info.sadowne.pl\/wp-content\/uploads\/2024\/07\/sad1069.jpg 304w, https:\/\/info.sadowne.pl\/wp-content\/uploads\/2024\/07\/sad1069-300x128.jpg 300w\" sizes=\"auto, (max-width: 304px) 100vw, 304px\" \/><\/a><\/p>\n<p><strong>\u0179r\u00f3d\u0142o:<\/strong> SADOWIANKI, Barbara Wr\u00f3bel, Sadowne 2024<\/p>\n","protected":false},"excerpt":{"rendered":"<p>8 i 9 pa\u017adziernika 2022 roku.<\/p>\n","protected":false},"author":1,"featured_media":0,"comment_status":"closed","ping_status":"closed","sticky":false,"template":"","format":"standard","meta":{"footnotes":""},"categories":[5,31,1202],"tags":[1218,101,960],"class_list":["post-29132","post","type-post","status-publish","format-standard","hentry","category-newsy","category-historia-gminy","category-zespol-spiewaczy-sadowianki","tag-barbara-wrobel","tag-historia-gminy-sadowne","tag-zespol-spiewaczy-sadowianki"],"views":1525,"_links":{"self":[{"href":"https:\/\/info.sadowne.pl\/index.php?rest_route=\/wp\/v2\/posts\/29132","targetHints":{"allow":["GET"]}}],"collection":[{"href":"https:\/\/info.sadowne.pl\/index.php?rest_route=\/wp\/v2\/posts"}],"about":[{"href":"https:\/\/info.sadowne.pl\/index.php?rest_route=\/wp\/v2\/types\/post"}],"author":[{"embeddable":true,"href":"https:\/\/info.sadowne.pl\/index.php?rest_route=\/wp\/v2\/users\/1"}],"replies":[{"embeddable":true,"href":"https:\/\/info.sadowne.pl\/index.php?rest_route=%2Fwp%2Fv2%2Fcomments&post=29132"}],"version-history":[{"count":2,"href":"https:\/\/info.sadowne.pl\/index.php?rest_route=\/wp\/v2\/posts\/29132\/revisions"}],"predecessor-version":[{"id":29160,"href":"https:\/\/info.sadowne.pl\/index.php?rest_route=\/wp\/v2\/posts\/29132\/revisions\/29160"}],"wp:attachment":[{"href":"https:\/\/info.sadowne.pl\/index.php?rest_route=%2Fwp%2Fv2%2Fmedia&parent=29132"}],"wp:term":[{"taxonomy":"category","embeddable":true,"href":"https:\/\/info.sadowne.pl\/index.php?rest_route=%2Fwp%2Fv2%2Fcategories&post=29132"},{"taxonomy":"post_tag","embeddable":true,"href":"https:\/\/info.sadowne.pl\/index.php?rest_route=%2Fwp%2Fv2%2Ftags&post=29132"}],"curies":[{"name":"wp","href":"https:\/\/api.w.org\/{rel}","templated":true}]}}