{"id":29164,"date":"2024-07-10T18:56:22","date_gmt":"2024-07-10T16:56:22","guid":{"rendered":"http:\/\/info.sadowne.pl\/?p=29164"},"modified":"2024-07-10T18:56:22","modified_gmt":"2024-07-10T16:56:22","slug":"wybrano-dyrektorow-szkol","status":"publish","type":"post","link":"https:\/\/info.sadowne.pl\/?p=29164","title":{"rendered":"Wybrano dyrektor\u00f3w szk\u00f3\u0142"},"content":{"rendered":"<p><strong><a href=\"http:\/\/info.sadowne.pl\/wp-content\/uploads\/2024\/07\/2024.07.10.3.jpg\" target=\"_blank\" rel=\"noopener\"><img loading=\"lazy\" decoding=\"async\" class=\"alignleft wp-image-29165 size-thumbnail\" src=\"http:\/\/info.sadowne.pl\/wp-content\/uploads\/2024\/07\/2024.07.10.3-180x130.jpg\" alt=\"\" width=\"180\" height=\"130\" \/><\/a>Z pewnym op\u00f3\u017anieniem, ale ju\u017c oficjalnie informujemy Pa\u0144stwa o wyborze dyrektor\u00f3w dw\u00f3ch szk\u00f3\u0142 podstawowych gminy Sadowne \u2013 w Sadownem i Grabinach.<\/strong><!--more--><\/p>\n<p>Jak informuje Urz\u0105d Gminy w Sadownem, konkursy na dyrektor\u00f3w szk\u00f3\u0142 podstawowych podleg\u0142ych Gminie Sadowne odby\u0142y si\u0119 14 czerwca 2024 r. W\u00f3jt Gminy Sadowne zarz\u0105dzeniami z dnia 20 czerwca 2024 roku powierzy\u0142 stanowiska:<\/p>\n<p>&#8211; Pani Ma\u0142gorzacie Koro\u015b stanowisko dyrektora Szko\u0142y Podstawowej im. b\u0142. ks. Edwarda Grzyma\u0142y w Sadownem od dnia 01.09.2024 r. do dnia 31.08.2029 r.<\/p>\n<p>&#8211; Pani Marzenie Kornackiej stanowisko dyrektora Zespo\u0142u Szkolno \u2013 Przedszkolnego w Grabinach od dnia 01.09.2024 r. do dnia 31.08.2029 r.<\/p>\n<p><strong>Gratulujemy!<\/strong><\/p>\n<p><a href=\"http:\/\/info.sadowne.pl\/wp-content\/uploads\/2024\/07\/2024.07.10.1.jpg\" target=\"_blank\" rel=\"noopener\"><img loading=\"lazy\" decoding=\"async\" class=\"aligncenter wp-image-29166 size-medium\" src=\"http:\/\/info.sadowne.pl\/wp-content\/uploads\/2024\/07\/2024.07.10.1-300x300.jpg\" alt=\"\" width=\"300\" height=\"300\" srcset=\"https:\/\/info.sadowne.pl\/wp-content\/uploads\/2024\/07\/2024.07.10.1-300x300.jpg 300w, https:\/\/info.sadowne.pl\/wp-content\/uploads\/2024\/07\/2024.07.10.1-768x768.jpg 768w, https:\/\/info.sadowne.pl\/wp-content\/uploads\/2024\/07\/2024.07.10.1.jpg 831w\" sizes=\"auto, (max-width: 300px) 100vw, 300px\" \/><\/a><\/p>\n<p><a href=\"http:\/\/info.sadowne.pl\/wp-content\/uploads\/2024\/07\/2024.07.10.2.jpg\" target=\"_blank\" rel=\"noopener\"><img loading=\"lazy\" decoding=\"async\" class=\"aligncenter wp-image-29167 size-medium\" src=\"http:\/\/info.sadowne.pl\/wp-content\/uploads\/2024\/07\/2024.07.10.2-300x286.jpg\" alt=\"\" width=\"300\" height=\"286\" srcset=\"https:\/\/info.sadowne.pl\/wp-content\/uploads\/2024\/07\/2024.07.10.2-300x286.jpg 300w, https:\/\/info.sadowne.pl\/wp-content\/uploads\/2024\/07\/2024.07.10.2-768x733.jpg 768w, https:\/\/info.sadowne.pl\/wp-content\/uploads\/2024\/07\/2024.07.10.2.jpg 797w\" sizes=\"auto, (max-width: 300px) 100vw, 300px\" \/><\/a><\/p>\n<p><strong>Tekst: <\/strong>S\u0142awek Chyli\u0144ski<\/p>\n<p><strong>\u0179r\u00f3d\u0142o:<\/strong> <a href=\"https:\/\/www.bip.sadowne.pl\/39,zarzadzenia-wojta\">https:\/\/www.bip.sadowne.pl\/39,zarzadzenia-wojta<\/a><\/p>\n","protected":false},"excerpt":{"rendered":"<p>Z pewnym op\u00f3\u017anieniem, ale ju\u017c oficjalnie informujemy Pa\u0144stwa o wyborze dyrektor\u00f3w dw\u00f3ch szk\u00f3\u0142 podstawowych gminy Sadowne \u2013 w Sadownem i Grabinach.<\/p>\n","protected":false},"author":1,"featured_media":0,"comment_status":"closed","ping_status":"closed","sticky":false,"template":"","format":"standard","meta":{"footnotes":""},"categories":[5,1752,84,1120],"tags":[2935,16,4167],"class_list":["post-29164","post","type-post","status-publish","format-standard","hentry","category-newsy","category-edukacja","category-szkola-podstawowa-im-cz-wycecha","category-zespol-szkolno-przedszkolny-w-grabinach","tag-szkola-podstawowa-w-grabinach","tag-szkola-podstawowa-w-sadownem","tag-wybory-dyrektorow-szkol-podstawowych-gminy-sadowne"],"views":1933,"_links":{"self":[{"href":"https:\/\/info.sadowne.pl\/index.php?rest_route=\/wp\/v2\/posts\/29164","targetHints":{"allow":["GET"]}}],"collection":[{"href":"https:\/\/info.sadowne.pl\/index.php?rest_route=\/wp\/v2\/posts"}],"about":[{"href":"https:\/\/info.sadowne.pl\/index.php?rest_route=\/wp\/v2\/types\/post"}],"author":[{"embeddable":true,"href":"https:\/\/info.sadowne.pl\/index.php?rest_route=\/wp\/v2\/users\/1"}],"replies":[{"embeddable":true,"href":"https:\/\/info.sadowne.pl\/index.php?rest_route=%2Fwp%2Fv2%2Fcomments&post=29164"}],"version-history":[{"count":1,"href":"https:\/\/info.sadowne.pl\/index.php?rest_route=\/wp\/v2\/posts\/29164\/revisions"}],"predecessor-version":[{"id":29168,"href":"https:\/\/info.sadowne.pl\/index.php?rest_route=\/wp\/v2\/posts\/29164\/revisions\/29168"}],"wp:attachment":[{"href":"https:\/\/info.sadowne.pl\/index.php?rest_route=%2Fwp%2Fv2%2Fmedia&parent=29164"}],"wp:term":[{"taxonomy":"category","embeddable":true,"href":"https:\/\/info.sadowne.pl\/index.php?rest_route=%2Fwp%2Fv2%2Fcategories&post=29164"},{"taxonomy":"post_tag","embeddable":true,"href":"https:\/\/info.sadowne.pl\/index.php?rest_route=%2Fwp%2Fv2%2Ftags&post=29164"}],"curies":[{"name":"wp","href":"https:\/\/api.w.org\/{rel}","templated":true}]}}