{"id":29175,"date":"2024-07-11T17:51:15","date_gmt":"2024-07-11T15:51:15","guid":{"rendered":"http:\/\/info.sadowne.pl\/?p=29175"},"modified":"2024-07-11T17:51:15","modified_gmt":"2024-07-11T15:51:15","slug":"rzeka-mlyny-wyspy-i-siano","status":"publish","type":"post","link":"https:\/\/info.sadowne.pl\/?p=29175","title":{"rendered":"RZEKA, M\u0141YNY, WYSPY I SIANO"},"content":{"rendered":"<p><a href=\"http:\/\/info.sadowne.pl\/wp-content\/uploads\/2024\/07\/Brok183.jpg\"><img loading=\"lazy\" decoding=\"async\" class=\"alignleft size-thumbnail wp-image-29176\" src=\"http:\/\/info.sadowne.pl\/wp-content\/uploads\/2024\/07\/Brok183-180x130.jpg\" alt=\"\" width=\"180\" height=\"130\" \/><\/a><strong>P\u00d3\u0179NONOWO\u017bYTNA MAPA OKOLIC BROKU NAD BUGIEM W KONTEK\u015aCIE PROCES\u00d3W \u015aRODOWISKOWYCH.<\/strong><!--more--><\/p>\n<p>Tomasz Zwi\u0105zek, Dariusz Bryka\u0142a, Rzeka, m\u0142yny, wyspy i siano. P\u00f3\u017anonowo\u017cytna mapa okolic Broku nad Bugiem w kontek\u015bcie proces\u00f3w \u015brodowiskowych, \u201eStudia Geohistorica\u201d 2022, nr 10, s. 28-52.<\/p>\n<p>Zarys tre\u015bci: Niniejszy artyku\u0142 przedstawia analiz\u0119 jednej z osiemnastowiecznych map koryta Bugu na wysoko\u015bci miejscowo\u015bci Brok i Morzyczyn W\u0142o\u015bcia\u0144ski, kt\u00f3ra przechowywana jest obecnie w zbiorach klasztoru zgromadzenia ss. wizytek w Warszawie. Wyniki przedstawione w artykule przyczyni\u0142y si\u0119 do wydatowania tego zabytku i okre\u015blenia jego skali. Dodatkowo podj\u0119ta zosta\u0142a pr\u00f3ba szerszego przeanalizowania kontekst\u00f3w \u015brodowiskowych koryta Bugu przed trzema wiekami.<\/p>\n<p><strong>Wi\u0119cej na stronie <span style=\"color: #0000ff;\"><a style=\"color: #0000ff;\" href=\"https:\/\/madzelan.cba.pl\/rzeka-mlyny-wyspy-i-siano-poznonowozytna-mapa-okolic-broku-na-bugiem-w-kontekscie-procesow-srodowiskowych\/\" target=\"_blank\" rel=\"noopener\">https:\/\/madzelan.cba.pl\/rzeka-mlyny-wyspy-i-siano-poznonowozytna-mapa-okolic-broku-na-bugiem-w-kontekscie-procesow-srodowiskowych\/<\/a><\/span><\/strong><\/p>\n","protected":false},"excerpt":{"rendered":"<p>P\u00d3\u0179NONOWO\u017bYTNA MAPA OKOLIC BROKU NAD BUGIEM W KONTEK\u015aCIE PROCES\u00d3W \u015aRODOWISKOWYCH.<\/p>\n","protected":false},"author":1,"featured_media":0,"comment_status":"closed","ping_status":"closed","sticky":false,"template":"","format":"standard","meta":{"footnotes":""},"categories":[5,3436,31],"tags":[101,3004,2956],"class_list":["post-29175","post","type-post","status-publish","format-standard","hentry","category-newsy","category-opowiesci-historie-legendy-brokowskie-i-nie-tylko","category-historia-gminy","tag-historia-gminy-sadowne","tag-jerzy-madzelan","tag-opowiesci-historie-legendy-brokowskie-i-nie-tylko"],"views":1532,"_links":{"self":[{"href":"https:\/\/info.sadowne.pl\/index.php?rest_route=\/wp\/v2\/posts\/29175","targetHints":{"allow":["GET"]}}],"collection":[{"href":"https:\/\/info.sadowne.pl\/index.php?rest_route=\/wp\/v2\/posts"}],"about":[{"href":"https:\/\/info.sadowne.pl\/index.php?rest_route=\/wp\/v2\/types\/post"}],"author":[{"embeddable":true,"href":"https:\/\/info.sadowne.pl\/index.php?rest_route=\/wp\/v2\/users\/1"}],"replies":[{"embeddable":true,"href":"https:\/\/info.sadowne.pl\/index.php?rest_route=%2Fwp%2Fv2%2Fcomments&post=29175"}],"version-history":[{"count":1,"href":"https:\/\/info.sadowne.pl\/index.php?rest_route=\/wp\/v2\/posts\/29175\/revisions"}],"predecessor-version":[{"id":29177,"href":"https:\/\/info.sadowne.pl\/index.php?rest_route=\/wp\/v2\/posts\/29175\/revisions\/29177"}],"wp:attachment":[{"href":"https:\/\/info.sadowne.pl\/index.php?rest_route=%2Fwp%2Fv2%2Fmedia&parent=29175"}],"wp:term":[{"taxonomy":"category","embeddable":true,"href":"https:\/\/info.sadowne.pl\/index.php?rest_route=%2Fwp%2Fv2%2Fcategories&post=29175"},{"taxonomy":"post_tag","embeddable":true,"href":"https:\/\/info.sadowne.pl\/index.php?rest_route=%2Fwp%2Fv2%2Ftags&post=29175"}],"curies":[{"name":"wp","href":"https:\/\/api.w.org\/{rel}","templated":true}]}}