{"id":29188,"date":"2024-07-18T14:34:06","date_gmt":"2024-07-18T12:34:06","guid":{"rendered":"http:\/\/info.sadowne.pl\/?p=29188"},"modified":"2024-07-18T14:34:06","modified_gmt":"2024-07-18T12:34:06","slug":"meczenski-zgon-gazety","status":"publish","type":"post","link":"https:\/\/info.sadowne.pl\/?p=29188","title":{"rendered":"M\u0119cze\u0144ski zgon gazety,"},"content":{"rendered":"<p><strong><a href=\"http:\/\/info.sadowne.pl\/wp-content\/uploads\/2024\/07\/Brok184.jpg\" target=\"_blank\" rel=\"noopener\"><img loading=\"lazy\" decoding=\"async\" class=\"alignleft wp-image-29189 size-thumbnail\" src=\"http:\/\/info.sadowne.pl\/wp-content\/uploads\/2024\/07\/Brok184-180x130.jpg\" alt=\"\" width=\"180\" height=\"130\" \/><\/a>\u2026po\u017coga spustoszy\u0142a Czy\u017cew, ruchome wychodki, \u015bmier\u0107 pod ko\u0142ami poci\u0105gu w Ostrowi, utoni\u0119cie w Bugu, wycieczki z i do Ostrowi.<\/strong><!--more--><\/p>\n<p>Wyra\u017cenie \u201euderz w st\u00f3\u0142, a no\u017cyce si\u0119 odezw\u0105\u201d doskonale pasuje do post\u0119powania w\u0142odarzy jednej z gmin powiatu ostrowskiego. \u201eGazeta \u015awi\u0105teczna\u201d zwyk\u0142a uczciwie opisywa\u0107 rozmaite machlojki w\u0142adz samorz\u0105dowych przer\u00f3\u017cnego szczebla, a \u017ce na z\u0142odzieju czapka gore, to niejeden w\u00f3jt czy burmistrz doszed\u0142 po bezsennej nocy do wniosku, \u017ce opisana og\u00f3lnikowo sprawa dotyczy w\u0142a\u015bnie jego wielmo\u017cnej osoby. Dw\u00f3ch gminnych sobiepank\u00f3w z naszego regionu, postanowi\u0142o demaskatorskie egzemplarze gazety po prostu spali\u0107.<\/p>\n<p>W tym samym numerze \u201eGazety \u015awi\u0105tecznej\u201d znajduje si\u0119 informacja o straszliwym spustoszeniu Czy\u017cewa dokonanym przez ogie\u0144. P\u0142omienie oszcz\u0119dzi\u0142y tylko jedn\u0105 ulic\u0119 i ko\u015bci\u00f3\u0142.<\/p>\n<p>To ju\u017c ostatni odcinek epopei opiewaj\u0105cej walk\u0119 z choler\u0105 na po\u0142udniowym brzegu Buga. W tym odcinku dr Tch\u00f3rznicki po\u015bwi\u0119ca wiele miejsca przer\u00f3\u017cnym podsumowaniom i sprawom technicznym. Wybrali\u015bmy te, kt\u00f3re mog\u0105 wyda\u0107 si\u0119 czytelnikom interesuj\u0105ce, a nawet warte na\u015bladowania. Cho\u0107by taki ruchomy wychodek na szynach. Jaka\u017c to by by\u0142a oszcz\u0119dno\u015b\u0107 finans\u00f3w i miejsca, gdyby kilku posiadaczy domk\u00f3w letniskowych sprawi\u0142o sobie jeden ruchomy wychodek. Je\u015bli kto\u015b poczu\u0142by wiadom\u0105 potrzeb\u0119, przywo\u0142a\u0142by wychodek z pomoc\u0105 pilota i sprawa dos\u0142ownie za\u0142atwiona. Godny rozwa\u017cenia jest przy tym pomys\u0142 wychodka ruchomego przynajmniej trzyotworowego, co rozwi\u0105za\u0142oby wiele problem\u00f3w zwi\u0105zanych z weekendowym najazdem go\u015bci. Oczywi\u015bcie, nie jest to jedyny ciekawy w\u0105tek. Interesuj\u0105ce wydaj\u0105 si\u0119 np. szczeg\u00f3\u0142y tycz\u0105ce dezynfekcji podr\u00f3\u017cnych czy przygotowania cmentarzy cholerycznych.<\/p>\n<p>Szeregowiec z zambrowskiego 71 Pu\u0142ku Piechoty znalaz\u0142 \u015bmier\u0107 na torach w Ostrowi, a Bug poch\u0142on\u0105\u0142 sw\u0105 kolejn\u0105 ofiar\u0119 ko\u0142o wioski O\u0142tarze-Go\u0142acze.<\/p>\n<p><strong>Wi\u0119cej na stronie <span style=\"color: #0000ff;\"><a style=\"color: #0000ff;\" href=\"https:\/\/madzelan.cba.pl\/meczenski-zgon-gazety-pozoga-spustoszyla-czyzew-ruchome-wychodki-smierc-pod-kolami-pociagu-w-ostrowi-utoniecie-w-bugu-wycieczki-z-i-do-ostrowi\/\" target=\"_blank\" rel=\"noopener\">https:\/\/madzelan.cba.pl\/meczenski-zgon-gazety-pozoga-spustoszyla-czyzew-ruchome-wychodki-smierc-pod-kolami-pociagu-w-ostrowi-utoniecie-w-bugu-wycieczki-z-i-do-ostrowi\/<\/a><\/span><\/strong><\/p>\n","protected":false},"excerpt":{"rendered":"<p>\u2026po\u017coga spustoszy\u0142a Czy\u017cew, ruchome wychodki, \u015bmier\u0107 pod ko\u0142ami poci\u0105gu w Ostrowi, utoni\u0119cie w Bugu, wycieczki z i do Ostrowi.<\/p>\n","protected":false},"author":1,"featured_media":0,"comment_status":"closed","ping_status":"closed","sticky":false,"template":"","format":"standard","meta":{"footnotes":""},"categories":[5,3436,31],"tags":[3004,2956],"class_list":["post-29188","post","type-post","status-publish","format-standard","hentry","category-newsy","category-opowiesci-historie-legendy-brokowskie-i-nie-tylko","category-historia-gminy","tag-jerzy-madzelan","tag-opowiesci-historie-legendy-brokowskie-i-nie-tylko"],"views":1577,"_links":{"self":[{"href":"https:\/\/info.sadowne.pl\/index.php?rest_route=\/wp\/v2\/posts\/29188","targetHints":{"allow":["GET"]}}],"collection":[{"href":"https:\/\/info.sadowne.pl\/index.php?rest_route=\/wp\/v2\/posts"}],"about":[{"href":"https:\/\/info.sadowne.pl\/index.php?rest_route=\/wp\/v2\/types\/post"}],"author":[{"embeddable":true,"href":"https:\/\/info.sadowne.pl\/index.php?rest_route=\/wp\/v2\/users\/1"}],"replies":[{"embeddable":true,"href":"https:\/\/info.sadowne.pl\/index.php?rest_route=%2Fwp%2Fv2%2Fcomments&post=29188"}],"version-history":[{"count":1,"href":"https:\/\/info.sadowne.pl\/index.php?rest_route=\/wp\/v2\/posts\/29188\/revisions"}],"predecessor-version":[{"id":29190,"href":"https:\/\/info.sadowne.pl\/index.php?rest_route=\/wp\/v2\/posts\/29188\/revisions\/29190"}],"wp:attachment":[{"href":"https:\/\/info.sadowne.pl\/index.php?rest_route=%2Fwp%2Fv2%2Fmedia&parent=29188"}],"wp:term":[{"taxonomy":"category","embeddable":true,"href":"https:\/\/info.sadowne.pl\/index.php?rest_route=%2Fwp%2Fv2%2Fcategories&post=29188"},{"taxonomy":"post_tag","embeddable":true,"href":"https:\/\/info.sadowne.pl\/index.php?rest_route=%2Fwp%2Fv2%2Ftags&post=29188"}],"curies":[{"name":"wp","href":"https:\/\/api.w.org\/{rel}","templated":true}]}}