{"id":29195,"date":"2024-07-25T14:48:27","date_gmt":"2024-07-25T12:48:27","guid":{"rendered":"http:\/\/info.sadowne.pl\/?p=29195"},"modified":"2024-07-25T14:48:27","modified_gmt":"2024-07-25T12:48:27","slug":"podatki-za-panowania-stefana-batorego-czesc-i","status":"publish","type":"post","link":"https:\/\/info.sadowne.pl\/?p=29195","title":{"rendered":"PODATKI ZA PANOWANIA STEFANA BATOREGO \u2013 CZ\u0118\u015a\u0106 I"},"content":{"rendered":"<p><strong><a href=\"http:\/\/info.sadowne.pl\/wp-content\/uploads\/2024\/07\/Brok185.jpg\" target=\"_blank\" rel=\"noopener\"><img loading=\"lazy\" decoding=\"async\" class=\"alignleft wp-image-29196 size-thumbnail\" src=\"http:\/\/info.sadowne.pl\/wp-content\/uploads\/2024\/07\/Brok185-180x130.jpg\" alt=\"\" width=\"180\" height=\"130\" \/><\/a>POB\u00d3R ROKU 1578 W POWIECIE NURSKIM ZIEMI NURSKIEJ.<\/strong><!--more--><\/p>\n<p>W nocy z 18 na 19 czerwca 1574 r., po 119 dniach panowania Henryk Walezy czmychn\u0105\u0142 z Krakowa do Francji. Zamieszanie zwi\u0105zane z bezkr\u00f3lewiem trwa\u0142o blisko dwa lata. Sejm elekcyjny, kt\u00f3ry zebra\u0142 si\u0119 w listopadzie 1575 r., przebiega\u0142 w atmosferze tak gor\u0105cej, i\u017c zdawa\u0142o si\u0119, \u017ce wystarczy iskra, by kraj pogr\u0105\u017cy\u0142 si\u0119 w odm\u0119tach wojny domowej. Kandydat\u00f3w do obj\u0119cia tronu w Rzeczypospolitej by\u0142o wielu, a po\u015br\u00f3d nich car moskiewski Iwan Gro\u017any i Devlet Girej, chan Tatar\u00f3w krymskich. Po pewnym czasie wy\u0142oni\u0142y si\u0119 dwa najsilniejsze stronnictwa \u2013 pot\u0119\u017cnych Habsburg\u00f3w oraz w\u0142adaj\u0105cego ma\u0142ym ksi\u0119stwem siedmiogrodzkim Stefana Batorego. W\u0119gier wydawa\u0142 si\u0119 bez szans i rzeczywi\u015bcie, ciesz\u0105cego si\u0119 poparciem hierarchii ko\u015bcielnej Maksymiliana II Habsburga, prymas Jakub Ucha\u0144ski og\u0142osi\u0142 12 grudnia kr\u00f3lem, nie ogl\u0105daj\u0105c si\u0119 zbytnio na zdanie szlachty. Trzy dni p\u00f3\u017aniej, zebrana na warszawskim Rynku Starego Miasta, wzburzona takim despektem ze strony prymasa szlachta, og\u0142osi\u0142a kr\u00f3lem Ann\u0119 Jagiellonk\u0119, przydaj\u0105c jej za ma\u0142\u017conka Stefana Batorego. Ten ostatni mia\u0142 otrzyma\u0107 koron\u0119, pod warunkiem, \u017ce pojmie za ma\u0142\u017conk\u0119 niegrzesz\u0105c\u0105 przesadn\u0105 urod\u0105 i o dziesi\u0119\u0107 lat starsz\u0105 Ann\u0119. W du\u017cym stopniu nale\u017cy ten wyb\u00f3r przypisa\u0107 t\u0142umom ubogich i kiepsko edukowanych, ale zawsze butnych i ch\u0119tnych do bitki Mazur\u00f3w.<\/p>\n<p>Polska korona przypa\u015b\u0107 mia\u0142a temu, kto jako pierwszy zostanie koronowany w Krakowie. Aby ubiec cesarza, Batory podj\u0105\u0142 wy\u015bcig bez zbytniej zw\u0142oki. Po\u015blubi\u0142 infantk\u0119 per procuram i ju\u017c 8 lutego zaprzysi\u0105g\u0142 przed polskimi wys\u0142annikami pacta conwenta. W towarzystwie 500 siedmiogrodzkich rycerzy i 1000 hajduk\u00f3w wkroczy\u0142 23 kwietnia 1576 do Krakowa. 1 maja odby\u0142y si\u0119 za\u015blubiny Batorego z pann\u0105 m\u0142od\u0105, a zaraz potem dosz\u0142o do koronacji, dokonanej przez biskupa kujawskiego Stanis\u0142awa Karnkowskiego, a nie jak nakazywa\u0142 zwyczaj przez biskupa gnie\u017anie\u0144skiego.<\/p>\n<p><strong>Wi\u0119cej na stronie <span style=\"color: #0000ff;\"><a style=\"color: #0000ff;\" href=\"https:\/\/madzelan.cba.pl\/podatki-za-panowania-stefana-batorego-czesc-i-pobor-roku-1578-w-powiecie-nurskim-ziemi-nurskiej\/\" target=\"_blank\" rel=\"noopener\">https:\/\/madzelan.cba.pl\/podatki-za-panowania-stefana-batorego-czesc-i-pobor-roku-1578-w-powiecie-nurskim-ziemi-nurskiej\/<\/a><\/span><\/strong><\/p>\n","protected":false},"excerpt":{"rendered":"<p>POB\u00d3R ROKU 1578 W POWIECIE NURSKIM ZIEMI NURSKIEJ.<\/p>\n","protected":false},"author":1,"featured_media":0,"comment_status":"closed","ping_status":"closed","sticky":false,"template":"","format":"standard","meta":{"footnotes":""},"categories":[5,3436,31],"tags":[745,101,3004,2956],"class_list":["post-29195","post","type-post","status-publish","format-standard","hentry","category-newsy","category-opowiesci-historie-legendy-brokowskie-i-nie-tylko","category-historia-gminy","tag-brok","tag-historia-gminy-sadowne","tag-jerzy-madzelan","tag-opowiesci-historie-legendy-brokowskie-i-nie-tylko"],"views":1658,"_links":{"self":[{"href":"https:\/\/info.sadowne.pl\/index.php?rest_route=\/wp\/v2\/posts\/29195","targetHints":{"allow":["GET"]}}],"collection":[{"href":"https:\/\/info.sadowne.pl\/index.php?rest_route=\/wp\/v2\/posts"}],"about":[{"href":"https:\/\/info.sadowne.pl\/index.php?rest_route=\/wp\/v2\/types\/post"}],"author":[{"embeddable":true,"href":"https:\/\/info.sadowne.pl\/index.php?rest_route=\/wp\/v2\/users\/1"}],"replies":[{"embeddable":true,"href":"https:\/\/info.sadowne.pl\/index.php?rest_route=%2Fwp%2Fv2%2Fcomments&post=29195"}],"version-history":[{"count":1,"href":"https:\/\/info.sadowne.pl\/index.php?rest_route=\/wp\/v2\/posts\/29195\/revisions"}],"predecessor-version":[{"id":29197,"href":"https:\/\/info.sadowne.pl\/index.php?rest_route=\/wp\/v2\/posts\/29195\/revisions\/29197"}],"wp:attachment":[{"href":"https:\/\/info.sadowne.pl\/index.php?rest_route=%2Fwp%2Fv2%2Fmedia&parent=29195"}],"wp:term":[{"taxonomy":"category","embeddable":true,"href":"https:\/\/info.sadowne.pl\/index.php?rest_route=%2Fwp%2Fv2%2Fcategories&post=29195"},{"taxonomy":"post_tag","embeddable":true,"href":"https:\/\/info.sadowne.pl\/index.php?rest_route=%2Fwp%2Fv2%2Ftags&post=29195"}],"curies":[{"name":"wp","href":"https:\/\/api.w.org\/{rel}","templated":true}]}}