{"id":29198,"date":"2024-07-27T17:15:29","date_gmt":"2024-07-27T15:15:29","guid":{"rendered":"http:\/\/info.sadowne.pl\/?p=29198"},"modified":"2024-07-27T17:15:29","modified_gmt":"2024-07-27T15:15:29","slug":"sadowianki-z-historii","status":"publish","type":"post","link":"https:\/\/info.sadowne.pl\/?p=29198","title":{"rendered":"Sadowianki &#8211; z historii"},"content":{"rendered":"<p><strong><a href=\"http:\/\/info.sadowne.pl\/wp-content\/uploads\/2024\/07\/sad1075.jpg\"><img loading=\"lazy\" decoding=\"async\" class=\"alignleft size-thumbnail wp-image-29204\" src=\"http:\/\/info.sadowne.pl\/wp-content\/uploads\/2024\/07\/sad1075-180x130.jpg\" alt=\"\" width=\"180\" height=\"130\" \/><\/a>W\u0118GR\u00d3W &#8211; <\/strong><strong>16 pa\u017adziernika 2022 roku <\/strong><strong>Pani marsza\u0142ek Sejmu <\/strong><strong>El\u017cbieta Witek <\/strong><strong>przyjecha\u0142a do W\u0119growa na obchody <\/strong><strong>Mi\u0119dzynarodowego Dnia Kobiet Wiejskich.<\/strong><!--more--><\/p>\n<p>Spotkanie odby\u0142o si\u0119 o godz. 15<sup>00<\/sup> w sali gimnastycznej ZSP im. J. Kochanowskiego w W\u0119growie i zgromadzi\u0142o bardzo wiele os\u00f3b, g\u0142\u00f3wnie pa\u0144 zrzeszonych w Ko\u0142ach Gospody\u0144 Wiejskich.<\/p>\n<p><strong> <a href=\"http:\/\/info.sadowne.pl\/wp-content\/uploads\/2024\/07\/sad1070.jpg\"><img loading=\"lazy\" decoding=\"async\" class=\"aligncenter size-full wp-image-29199\" src=\"http:\/\/info.sadowne.pl\/wp-content\/uploads\/2024\/07\/sad1070.jpg\" alt=\"\" width=\"540\" height=\"319\" srcset=\"https:\/\/info.sadowne.pl\/wp-content\/uploads\/2024\/07\/sad1070.jpg 540w, https:\/\/info.sadowne.pl\/wp-content\/uploads\/2024\/07\/sad1070-300x177.jpg 300w\" sizes=\"auto, (max-width: 540px) 100vw, 540px\" \/><\/a><\/strong><\/p>\n<p>Go\u015bci powita\u0142a organizator spotkania Pani <strong>Ewa Besztak<\/strong>, kt\u00f3ra sprawuje funkcj\u0119 Starosty Powiatu W\u0119growskiego.<\/p>\n<p><strong> <a href=\"http:\/\/info.sadowne.pl\/wp-content\/uploads\/2024\/07\/sad1071.jpg\"><img loading=\"lazy\" decoding=\"async\" class=\"aligncenter size-full wp-image-29200\" src=\"http:\/\/info.sadowne.pl\/wp-content\/uploads\/2024\/07\/sad1071.jpg\" alt=\"\" width=\"468\" height=\"345\" srcset=\"https:\/\/info.sadowne.pl\/wp-content\/uploads\/2024\/07\/sad1071.jpg 468w, https:\/\/info.sadowne.pl\/wp-content\/uploads\/2024\/07\/sad1071-300x221.jpg 300w\" sizes=\"auto, (max-width: 468px) 100vw, 468px\" \/><\/a><\/strong><\/p>\n<p>W spotkaniu z drug\u0105 osob\u0105 w pa\u0144stwie wzi\u0119li r\u00f3wnie\u017c udzia\u0142 parlamentarzy\u015bci: senator\u00a0<strong>Maria Koc<\/strong>\u00a0oraz pos\u0142owie \u2013\u00a0<strong>Teresa Wargocka<\/strong>,\u00a0<strong>Krzysztof Tch\u00f3rzewski<\/strong>\u00a0i\u00a0<strong>Maciej G\u00f3rski<\/strong>.<\/p>\n<p>&nbsp;<\/p>\n<p><a href=\"http:\/\/info.sadowne.pl\/wp-content\/uploads\/2024\/07\/sad1072.jpg\"><img loading=\"lazy\" decoding=\"async\" class=\"aligncenter size-full wp-image-29202\" src=\"http:\/\/info.sadowne.pl\/wp-content\/uploads\/2024\/07\/sad1072.jpg\" alt=\"\" width=\"552\" height=\"401\" srcset=\"https:\/\/info.sadowne.pl\/wp-content\/uploads\/2024\/07\/sad1072.jpg 552w, https:\/\/info.sadowne.pl\/wp-content\/uploads\/2024\/07\/sad1072-300x218.jpg 300w, https:\/\/info.sadowne.pl\/wp-content\/uploads\/2024\/07\/sad1072-180x130.jpg 180w\" sizes=\"auto, (max-width: 552px) 100vw, 552px\" \/><\/a><\/p>\n<p>Liczna by\u0142a te\u017c reprezentacja samorz\u0105dowc\u00f3w, m.in. z powiat\u00f3w w\u0119growskiego i garwoli\u0144skiego. W swoim wyst\u0105pieniu marsza\u0142ek\u00a0<strong>El\u017cbieta Witek<\/strong>\u00a0poruszy\u0142a wa\u017cne sprawy krajowe i mi\u0119dzynarodowe (m.in. problemy z zaopatrzeniem w w\u0119giel oraz wojna na Ukrainie i jej wp\u0142yw na ceny energii i inflacj\u0119). Z\u0142o\u017cy\u0142a tez \u017cyczenia kobietom wiejskim z okazji ich \u015bwi\u0119ta (obchodzone jest ono 15 pa\u017adziernika).<\/p>\n<p><a href=\"http:\/\/info.sadowne.pl\/wp-content\/uploads\/2024\/07\/sad1073.jpg\"><img loading=\"lazy\" decoding=\"async\" class=\"aligncenter size-full wp-image-29201\" src=\"http:\/\/info.sadowne.pl\/wp-content\/uploads\/2024\/07\/sad1073.jpg\" alt=\"\" width=\"608\" height=\"299\" srcset=\"https:\/\/info.sadowne.pl\/wp-content\/uploads\/2024\/07\/sad1073.jpg 608w, https:\/\/info.sadowne.pl\/wp-content\/uploads\/2024\/07\/sad1073-300x148.jpg 300w\" sizes=\"auto, (max-width: 608px) 100vw, 608px\" \/><\/a><\/p>\n<p>Przedstawicielki K\u00f3\u0142 Gospody\u0144 Wiejskich oraz kobiecych dru\u017cyn OSP otrzyma\u0142y z r\u0105k pani marsza\u0142ek podzi\u0119kowania przygotowane wcze\u015bniej przez <strong>starost\u0119 Ew\u0119 Besztak i senator Mari\u0119 Koc<\/strong>.<\/p>\n<p><a href=\"http:\/\/info.sadowne.pl\/wp-content\/uploads\/2024\/07\/sad1074.jpg\"><img loading=\"lazy\" decoding=\"async\" class=\"aligncenter size-full wp-image-29203\" src=\"http:\/\/info.sadowne.pl\/wp-content\/uploads\/2024\/07\/sad1074.jpg\" alt=\"\" width=\"605\" height=\"355\" srcset=\"https:\/\/info.sadowne.pl\/wp-content\/uploads\/2024\/07\/sad1074.jpg 605w, https:\/\/info.sadowne.pl\/wp-content\/uploads\/2024\/07\/sad1074-300x176.jpg 300w\" sizes=\"auto, (max-width: 605px) 100vw, 605px\" \/><\/a><\/p>\n<p>Kierownik zespo\u0142u <strong>Krysia Wetoszka<\/strong> odbiera z r\u0105k p. marsza\u0142ek <strong>El\u017cbiety Witek <\/strong>podzi\u0119kowanie dla <strong>SADOWIANEK.<\/strong><\/p>\n<p><a href=\"http:\/\/info.sadowne.pl\/wp-content\/uploads\/2024\/07\/sad1075.jpg\"><img loading=\"lazy\" decoding=\"async\" class=\"aligncenter size-full wp-image-29204\" src=\"http:\/\/info.sadowne.pl\/wp-content\/uploads\/2024\/07\/sad1075.jpg\" alt=\"\" width=\"606\" height=\"223\" srcset=\"https:\/\/info.sadowne.pl\/wp-content\/uploads\/2024\/07\/sad1075.jpg 606w, https:\/\/info.sadowne.pl\/wp-content\/uploads\/2024\/07\/sad1075-300x110.jpg 300w\" sizes=\"auto, (max-width: 606px) 100vw, 606px\" \/><\/a><\/p>\n<p>Artystycznym dope\u0142nieniem uroczysto\u015bci by\u0142 kr\u00f3tki wyst\u0119p naszego <strong>Zespo\u0142u Sadowianki z Sadownego.<\/strong><\/p>\n<p><strong><a href=\"http:\/\/info.sadowne.pl\/wp-content\/uploads\/2024\/07\/sad1076.jpg\"><img loading=\"lazy\" decoding=\"async\" class=\"aligncenter size-full wp-image-29205\" src=\"http:\/\/info.sadowne.pl\/wp-content\/uploads\/2024\/07\/sad1076.jpg\" alt=\"\" width=\"609\" height=\"229\" srcset=\"https:\/\/info.sadowne.pl\/wp-content\/uploads\/2024\/07\/sad1076.jpg 609w, https:\/\/info.sadowne.pl\/wp-content\/uploads\/2024\/07\/sad1076-300x113.jpg 300w\" sizes=\"auto, (max-width: 609px) 100vw, 609px\" \/><\/a><\/strong><\/p>\n<p><strong><a href=\"http:\/\/info.sadowne.pl\/wp-content\/uploads\/2024\/07\/sad1077.jpg\"><img loading=\"lazy\" decoding=\"async\" class=\"aligncenter size-full wp-image-29206\" src=\"http:\/\/info.sadowne.pl\/wp-content\/uploads\/2024\/07\/sad1077.jpg\" alt=\"\" width=\"604\" height=\"325\" srcset=\"https:\/\/info.sadowne.pl\/wp-content\/uploads\/2024\/07\/sad1077.jpg 604w, https:\/\/info.sadowne.pl\/wp-content\/uploads\/2024\/07\/sad1077-300x161.jpg 300w\" sizes=\"auto, (max-width: 604px) 100vw, 604px\" \/><\/a>\u00a0<\/strong><\/p>\n<p>Pani marsza\u0142ek, Pani senator i pos\u0142owie ch\u0119tnie do\u0142\u0105czyli do \u015bpiewania naszej piosenki: <strong>,,Trzymajmy si\u0119 za r\u0119ce\u201d.<\/strong><\/p>\n<p><a href=\"http:\/\/info.sadowne.pl\/wp-content\/uploads\/2024\/07\/sad1078.jpg\"><img loading=\"lazy\" decoding=\"async\" class=\"aligncenter size-full wp-image-29207\" src=\"http:\/\/info.sadowne.pl\/wp-content\/uploads\/2024\/07\/sad1078.jpg\" alt=\"\" width=\"605\" height=\"366\" srcset=\"https:\/\/info.sadowne.pl\/wp-content\/uploads\/2024\/07\/sad1078.jpg 605w, https:\/\/info.sadowne.pl\/wp-content\/uploads\/2024\/07\/sad1078-300x181.jpg 300w\" sizes=\"auto, (max-width: 605px) 100vw, 605px\" \/><\/a><\/p>\n<p><strong>Pani marsza\u0142ek El\u017cbieta Witek<\/strong> znalaz\u0142a te\u017c czas na kr\u00f3tkie rozmowy z gospodyniami. Rozda\u0142a kilkana\u015bcie autograf\u00f3w i pozowa\u0142a do wsp\u00f3lnych zdj\u0119\u0107.<\/p>\n<p><a href=\"http:\/\/info.sadowne.pl\/wp-content\/uploads\/2024\/07\/sad1079.jpg\"><img loading=\"lazy\" decoding=\"async\" class=\"aligncenter size-full wp-image-29208\" src=\"http:\/\/info.sadowne.pl\/wp-content\/uploads\/2024\/07\/sad1079.jpg\" alt=\"\" width=\"606\" height=\"297\" srcset=\"https:\/\/info.sadowne.pl\/wp-content\/uploads\/2024\/07\/sad1079.jpg 606w, https:\/\/info.sadowne.pl\/wp-content\/uploads\/2024\/07\/sad1079-300x147.jpg 300w\" sizes=\"auto, (max-width: 606px) 100vw, 606px\" \/><\/a><\/p>\n<p>Wsp\u00f3lne zdj\u0119cia.<\/p>\n<p><a href=\"http:\/\/info.sadowne.pl\/wp-content\/uploads\/2024\/07\/sad1080.jpg\"><img loading=\"lazy\" decoding=\"async\" class=\"aligncenter size-full wp-image-29209\" src=\"http:\/\/info.sadowne.pl\/wp-content\/uploads\/2024\/07\/sad1080.jpg\" alt=\"\" width=\"604\" height=\"331\" srcset=\"https:\/\/info.sadowne.pl\/wp-content\/uploads\/2024\/07\/sad1080.jpg 604w, https:\/\/info.sadowne.pl\/wp-content\/uploads\/2024\/07\/sad1080-300x164.jpg 300w\" sizes=\"auto, (max-width: 604px) 100vw, 604px\" \/><\/a><\/p>\n<p><a href=\"http:\/\/info.sadowne.pl\/wp-content\/uploads\/2024\/07\/sad1081.jpg\"><img loading=\"lazy\" decoding=\"async\" class=\"aligncenter size-full wp-image-29210\" src=\"http:\/\/info.sadowne.pl\/wp-content\/uploads\/2024\/07\/sad1081.jpg\" alt=\"\" width=\"381\" height=\"400\" srcset=\"https:\/\/info.sadowne.pl\/wp-content\/uploads\/2024\/07\/sad1081.jpg 381w, https:\/\/info.sadowne.pl\/wp-content\/uploads\/2024\/07\/sad1081-286x300.jpg 286w\" sizes=\"auto, (max-width: 381px) 100vw, 381px\" \/><\/a><\/p>\n<p><strong>Andrzej Olton<\/strong> z jednym z pi\u0119kniejszych akordeon\u00f3w ze swojej bardzo licznej kolekcji.<\/p>\n<p><a href=\"http:\/\/info.sadowne.pl\/wp-content\/uploads\/2024\/07\/sad1082.jpg\"><img loading=\"lazy\" decoding=\"async\" class=\"aligncenter size-full wp-image-29211\" src=\"http:\/\/info.sadowne.pl\/wp-content\/uploads\/2024\/07\/sad1082.jpg\" alt=\"\" width=\"600\" height=\"854\" srcset=\"https:\/\/info.sadowne.pl\/wp-content\/uploads\/2024\/07\/sad1082.jpg 600w, https:\/\/info.sadowne.pl\/wp-content\/uploads\/2024\/07\/sad1082-211x300.jpg 211w\" sizes=\"auto, (max-width: 600px) 100vw, 600px\" \/><\/a><\/p>\n<p><a href=\"http:\/\/info.sadowne.pl\/wp-content\/uploads\/2024\/07\/sad1083.jpg\"><img loading=\"lazy\" decoding=\"async\" class=\"aligncenter size-full wp-image-29212\" src=\"http:\/\/info.sadowne.pl\/wp-content\/uploads\/2024\/07\/sad1083.jpg\" alt=\"\" width=\"461\" height=\"307\" srcset=\"https:\/\/info.sadowne.pl\/wp-content\/uploads\/2024\/07\/sad1083.jpg 461w, https:\/\/info.sadowne.pl\/wp-content\/uploads\/2024\/07\/sad1083-300x200.jpg 300w\" sizes=\"auto, (max-width: 461px) 100vw, 461px\" \/><\/a><\/p>\n<p><a href=\"http:\/\/info.sadowne.pl\/wp-content\/uploads\/2024\/07\/sad1084.jpg\"><img loading=\"lazy\" decoding=\"async\" class=\"alignleft size-full wp-image-29213\" src=\"http:\/\/info.sadowne.pl\/wp-content\/uploads\/2024\/07\/sad1084.jpg\" alt=\"\" width=\"175\" height=\"175\" \/><\/a><\/p>\n<p>&nbsp;<\/p>\n<p><a href=\"https:\/\/twitter.com\/elzbietawitek\">\u00a0<\/a><\/p>\n<p>&nbsp;<\/p>\n<p><strong><a href=\"https:\/\/twitter.com\/elzbietawitek\">El\u017cbieta Witek<\/a><\/strong><\/p>\n<p>&nbsp;<\/p>\n<p><a href=\"https:\/\/twitter.com\/elzbietawitek\">@elzbietawitek<\/a><\/p>\n<h4 style=\"text-align: center;\">Bardzo dzi\u0119kuj\u0119 za zaproszenie do <a href=\"https:\/\/twitter.com\/hashtag\/W%C4%99gr%C3%B3w?src=hashtag_click\">#W\u0119gr\u00f3w<\/a>.<\/h4>\n<h4 style=\"text-align: center;\">Wspaniali ludzie, znakomita atmosfera spotkania<\/h4>\n<h4 style=\"text-align: center;\">i ciekawe rozmowy.<\/h4>\n<h4 style=\"text-align: center;\">Warto by\u0107 blisko ludzi, t\u0142umaczy\u0107 prostym j\u0119zykiem trudne sprawy, warto walczy\u0107<\/h4>\n<h4 style=\"text-align: center;\">z szalej\u0105c\u0105 dezinformacj\u0105. Jeszcze raz,<\/h4>\n<h4 style=\"text-align: center;\">wszystkim Pa\u0144stwu obecnym na spotkaniu,<\/h4>\n<h4 style=\"text-align: center;\">dzi\u0119kuj\u0119.<\/h4>\n<p><strong>\u0179r\u00f3d\u0142o:<\/strong> SADOWIANKI, Barbara Wr\u00f3bel, Sadowne 2024<\/p>\n","protected":false},"excerpt":{"rendered":"<p>W\u0118GR\u00d3W &#8211; 16 pa\u017adziernika 2022 roku Pani marsza\u0142ek Sejmu El\u017cbieta Witek przyjecha\u0142a do W\u0119growa na obchody Mi\u0119dzynarodowego Dnia Kobiet Wiejskich.<\/p>\n","protected":false},"author":1,"featured_media":0,"comment_status":"closed","ping_status":"closed","sticky":false,"template":"","format":"standard","meta":{"footnotes":""},"categories":[5,31,1202],"tags":[1218,101,960],"class_list":["post-29198","post","type-post","status-publish","format-standard","hentry","category-newsy","category-historia-gminy","category-zespol-spiewaczy-sadowianki","tag-barbara-wrobel","tag-historia-gminy-sadowne","tag-zespol-spiewaczy-sadowianki"],"views":1543,"_links":{"self":[{"href":"https:\/\/info.sadowne.pl\/index.php?rest_route=\/wp\/v2\/posts\/29198","targetHints":{"allow":["GET"]}}],"collection":[{"href":"https:\/\/info.sadowne.pl\/index.php?rest_route=\/wp\/v2\/posts"}],"about":[{"href":"https:\/\/info.sadowne.pl\/index.php?rest_route=\/wp\/v2\/types\/post"}],"author":[{"embeddable":true,"href":"https:\/\/info.sadowne.pl\/index.php?rest_route=\/wp\/v2\/users\/1"}],"replies":[{"embeddable":true,"href":"https:\/\/info.sadowne.pl\/index.php?rest_route=%2Fwp%2Fv2%2Fcomments&post=29198"}],"version-history":[{"count":1,"href":"https:\/\/info.sadowne.pl\/index.php?rest_route=\/wp\/v2\/posts\/29198\/revisions"}],"predecessor-version":[{"id":29214,"href":"https:\/\/info.sadowne.pl\/index.php?rest_route=\/wp\/v2\/posts\/29198\/revisions\/29214"}],"wp:attachment":[{"href":"https:\/\/info.sadowne.pl\/index.php?rest_route=%2Fwp%2Fv2%2Fmedia&parent=29198"}],"wp:term":[{"taxonomy":"category","embeddable":true,"href":"https:\/\/info.sadowne.pl\/index.php?rest_route=%2Fwp%2Fv2%2Fcategories&post=29198"},{"taxonomy":"post_tag","embeddable":true,"href":"https:\/\/info.sadowne.pl\/index.php?rest_route=%2Fwp%2Fv2%2Ftags&post=29198"}],"curies":[{"name":"wp","href":"https:\/\/api.w.org\/{rel}","templated":true}]}}