{"id":29231,"date":"2024-08-04T21:54:09","date_gmt":"2024-08-04T19:54:09","guid":{"rendered":"http:\/\/info.sadowne.pl\/?p=29231"},"modified":"2024-08-04T21:54:09","modified_gmt":"2024-08-04T19:54:09","slug":"jubileuszowy-zlot-pojazdow-zabytkowych-w-sadownem","status":"publish","type":"post","link":"https:\/\/info.sadowne.pl\/?p=29231","title":{"rendered":"Jubileuszowy zlot pojazd\u00f3w zabytkowych w Sadownem"},"content":{"rendered":"<p><a href=\"http:\/\/info.sadowne.pl\/wp-content\/uploads\/2024\/08\/2024.08.04.1.jpg\" target=\"_blank\" rel=\"noopener\"><img loading=\"lazy\" decoding=\"async\" class=\"alignleft wp-image-29232 size-thumbnail\" src=\"http:\/\/info.sadowne.pl\/wp-content\/uploads\/2024\/08\/2024.08.04.1-180x130.jpg\" alt=\"\" width=\"180\" height=\"130\" \/><\/a><\/p>\n<p><strong>4 sierpnia 2024 roku w Sadownem odby\u0142o si\u0119 X Retro Moto Show.<\/strong><!--more--><\/p>\n<p><strong>Sta\u0142ym miejscem spotka\u0144 uczestnik\u00f3w zlotu zabytkowych pojazd\u00f3w Retro Moto Show w Sadownem jest plac targowy przy ko\u015bciele.<\/strong> Pomys\u0142odawc\u0105 zlotu i jednym z organizator\u00f3w jest p. Tomasz Ga\u0142\u0105zka. Pozostali wsp\u00f3\u0142organizatorzy to: W\u00f3jt Gminy Sadowne p. Waldemar Cyran i Gminny O\u015brodek Kultury w Sadownem. Partnerem wydarzenia jest Samorz\u0105d Wojew\u00f3dztwa Mazowieckiego, a patronat medialny nad zlotem sprawuje Portal Info Sadowne.<\/p>\n<p><strong>Sadowie\u0144skie Retro Moto Show jest coraz bardziej znane<\/strong>, a liczba jego uczestnik\u00f3w z roku na rok zwi\u0119ksza si\u0119 ku uciesze organizator\u00f3w &#8211; jak si\u0119 okazuje, w tegorocznym zlocie wzi\u0119\u0142o udzia\u0142 (podobnie jak rok wcze\u015bniej) ok. 400. pojazd\u00f3w mechanicznych r\u00f3\u017cnego: typu, marki, wieku\u2026<\/p>\n<p><strong>Po otwarciu zlotu komisyjnie dokonano oceny pojazd\u00f3w w poszczeg\u00f3lnych jego kategoriach.<\/strong> Odby\u0142y si\u0119 te\u017c konkursy dla dzieci i doros\u0142ych uczestnik\u00f3w tego spotkania &#8211; oczywi\u015bcie z nagrodami, a tak\u017ce pokaz i warsztaty w wykonaniu druh\u00f3w OSP z zakresu udzielania pierwszej pomocy przedmedycznej. By\u0142a te\u017c mo\u017cliwo\u015b\u0107 skorzystania z symulator\u00f3w: zderze\u0144, dachowania, refleksomierza oraz komory dymowej. Na \u201ezainteresowanych\u201d czeka\u0142y te\u017c stoiska gastronomiczne, a na wszystkich \u2013 oczywi\u015bcie pojazdy, kt\u00f3re przyby\u0142y na zlot z r\u00f3\u017cnych stron Polski oraz ko\u0144cowe losowanie ciekawych gad\u017cet\u00f3w dla zarejestrowanych uczestnik\u00f3w zlotu.<\/p>\n<p><strong>O godz. 13.30 pojazdy ruszy\u0142y w tradycyjny korow\u00f3d ulicami Sadownego<\/strong>, a po ich powrocie wr\u0119czono wyr\u00f3\u017cnionym statuetki X-go zlotu &#8211; obowi\u0105zki gospodarzy pe\u0142nili: p. Ewa Pi\u00f3rkowska, p. Marcin Gr\u0119da i p. Tomasz Ga\u0142\u0105zka.<\/p>\n<p><strong>Statuetki otrzymali finali\u015bci konkursu na najwolniejsz\u0105 jazd\u0119 spalinowym jedno\u015bladem:<\/strong><\/p>\n<p>&#8211; I miejsce \u2013 Grzegorz Z\u0142otkowski<\/p>\n<p>&#8211; II miejsce \u2013 Artur J\u00f3\u017awik<\/p>\n<p>&#8211; III miejsce \u2013 Jakub Bujniak<\/p>\n<p><strong>Statuetkami wyr\u00f3\u017cniono w kategoriach:<\/strong><\/p>\n<p>&#8211; Najstarszy samoch\u00f3d zlotu \u2013 Citroen AC4 z 1929 r. &#8211; w\u0142. Janusz Borkowski<\/p>\n<p>&#8211; Samoch\u00f3d zlotu \u2013 Jaguar XJ6 z 1987 r. \u2013 w\u0142. Sylwester Kuczy\u0144ski<\/p>\n<p>&#8211; Motocykl zlotu \u2013 Sok\u00f3\u0142 125 \u2013 w\u0142. Adam Rogala<\/p>\n<p>&#8211; Najstarszy motocykl zlotu \u2013 BMW R12 z 1939 r. \u2013 w\u0142. Roman Banaszek<\/p>\n<p>&#8211; Posta\u0107 zlotu \u2013 Krzysztof Skwierczy\u0144ski \u2013 \u201eSzejk\u201d<\/p>\n<p>&#8211; Kolekcjoner zlotu \u2013 Jaros\u0142aw G\u00f3ral<\/p>\n<p>&#8211; Klasyk Gminy \u2013 Syrena 105 \u2013 w\u0142. Karol Kowalczyk<\/p>\n<p>&#8211; Traktor zlotu \u2013 Traktor \u201esamor\u00f3bka\u201d \u2013 w\u0142. Marian J\u00f3\u017awik<\/p>\n<p>&#8211; Najstarszy traktor zlotu \u2013 Ursus C328 z 1966 r. \u2013 w\u0142. Grzegorz Zwierzy\u0144ski<\/p>\n<p>&#8211; Nagroda specjalna W\u00f3jta Gminy Sadowne \u2013 Fiat 500 z 1970 r. \u2013 w\u0142. Adam Wierzbowski<\/p>\n<p><strong>Organizatorzy dzi\u0119kuj\u0105 wszystkim uczestnikom zlotu<\/strong> i ju\u017c teraz zapraszaj\u0105 na kolejny jedenasty, kt\u00f3ry odb\u0119dzie si\u0119 za rok w Sadownem. Szczeg\u00f3lne podzi\u0119kowania kieruj\u0105 te\u017c do druh\u00f3w z OSP Sadowne za przygotowanie pokazu pierwszej pomocy i OSP Morzyczyn W\u0142\u00f3ki za zabezpieczenie tegorocznego zlotu.<\/p>\n<p><strong>Impreza nie odby\u0142aby si\u0119 bez sponsor\u00f3w<\/strong> \u2013 w tym roku byli to w\u0142a\u015bciciele serwis\u00f3w i sklep\u00f3w motoryzacyjnych gminy Sadowne:<\/p>\n<p>&#8211; MICRO-WORLD Sprzeda\u017c i Serwis Mikropojazd\u00f3w L6e i L7e, Jakub Bujniak, \u0141ojew 104B<\/p>\n<p>&#8211; BEN-CAR Auto Naprawa, Przemys\u0142aw Sobolewski, Grabiny 28D<\/p>\n<p>&#8211; CAR-CAM Auto Serwis, Kamil Ogonowski, Sadole\u015b 39<\/p>\n<p>&#8211; LUX-AUTO Auto Naprawa, Jakub Or\u0142owski, Sadowne, ul. \u0141ochowska 1B<\/p>\n<p>&#8211; AUTONAPRAWA, Krzysztof Kobyli\u0144ski, Zarzetka 45A<\/p>\n<p>&#8211; ZAK\u0141AD MECHANICZNY, Wojciech Kukwa, Sadowne, ul. Kili\u0144skiego 17<\/p>\n<p>&#8211; AUTO CZ\u0118\u015aCI \u201eKOWALCZYK\u201d, Piotr Kowalczyk, Sadowne, ul. Ko\u015bciuszki 10<\/p>\n<p>&#8211; REMCAR, Remigiusz Tyszka, P\u0142atkownica 9b<\/p>\n<p><strong>X Retro Moto Show w Sadownem \u2013 zadanie publiczne pn. \u201eCiekawe pomys\u0142y mamy i wiedz\u0119 z zakresu bezpiecze\u0144stwa pog\u0142\u0119biamy\u201d \u2013 zosta\u0142o dofinansowane ze \u015brodk\u00f3w Samorz\u0105du Wojew\u00f3dztwa Mazowieckiego.<\/strong><\/p>\n<p><span style=\"color: #0000ff;\"><a style=\"color: #0000ff;\" href=\"https:\/\/photos.app.goo.gl\/w2QxpLVhTXyK7Tda7\" target=\"_blank\" rel=\"noopener\"><strong>Zdj\u0119cia w galerii Google&gt;&gt;&gt;<\/strong><\/a><\/span><\/p>\n<p><span style=\"color: #0000ff;\"><a style=\"color: #0000ff;\" href=\"https:\/\/youtu.be\/rzUpn1RL3-E\" target=\"_blank\" rel=\"noopener\"><strong>Zobacz te\u017c film&gt;&gt;&gt;<\/strong><\/a><\/span><\/p>\n<p><strong>Tekst\/foto: <\/strong>S\u0142awek Chyli\u0144ski<\/p>\n","protected":false},"excerpt":{"rendered":"<p>4 sierpnia 2024 roku w Sadownem odby\u0142o si\u0119 X Retro Moto Show.<\/p>\n","protected":false},"author":1,"featured_media":0,"comment_status":"closed","ping_status":"closed","sticky":false,"template":"","format":"standard","meta":{"footnotes":""},"categories":[5,91,6],"tags":[169,3043,3398,614,4168],"class_list":["post-29231","post","type-post","status-publish","format-standard","hentry","category-newsy","category-gminny-osrodek-kultury","category-kultura-rozrywka-edukacja","tag-gminny-osrodek-kultury-w-sadownem","tag-samorzad-wojewodztwa-mazowieckiego","tag-tomasz-galazka","tag-wojt-gminy-sadowne","tag-x-retro-moto-show-w-sadownem"],"views":2395,"_links":{"self":[{"href":"https:\/\/info.sadowne.pl\/index.php?rest_route=\/wp\/v2\/posts\/29231","targetHints":{"allow":["GET"]}}],"collection":[{"href":"https:\/\/info.sadowne.pl\/index.php?rest_route=\/wp\/v2\/posts"}],"about":[{"href":"https:\/\/info.sadowne.pl\/index.php?rest_route=\/wp\/v2\/types\/post"}],"author":[{"embeddable":true,"href":"https:\/\/info.sadowne.pl\/index.php?rest_route=\/wp\/v2\/users\/1"}],"replies":[{"embeddable":true,"href":"https:\/\/info.sadowne.pl\/index.php?rest_route=%2Fwp%2Fv2%2Fcomments&post=29231"}],"version-history":[{"count":1,"href":"https:\/\/info.sadowne.pl\/index.php?rest_route=\/wp\/v2\/posts\/29231\/revisions"}],"predecessor-version":[{"id":29233,"href":"https:\/\/info.sadowne.pl\/index.php?rest_route=\/wp\/v2\/posts\/29231\/revisions\/29233"}],"wp:attachment":[{"href":"https:\/\/info.sadowne.pl\/index.php?rest_route=%2Fwp%2Fv2%2Fmedia&parent=29231"}],"wp:term":[{"taxonomy":"category","embeddable":true,"href":"https:\/\/info.sadowne.pl\/index.php?rest_route=%2Fwp%2Fv2%2Fcategories&post=29231"},{"taxonomy":"post_tag","embeddable":true,"href":"https:\/\/info.sadowne.pl\/index.php?rest_route=%2Fwp%2Fv2%2Ftags&post=29231"}],"curies":[{"name":"wp","href":"https:\/\/api.w.org\/{rel}","templated":true}]}}