{"id":29239,"date":"2024-08-08T13:22:29","date_gmt":"2024-08-08T11:22:29","guid":{"rendered":"http:\/\/info.sadowne.pl\/?p=29239"},"modified":"2024-08-08T13:22:29","modified_gmt":"2024-08-08T11:22:29","slug":"dzien-25-sierpnia-1944-roku-we-wsi-kaczkowo-stare","status":"publish","type":"post","link":"https:\/\/info.sadowne.pl\/?p=29239","title":{"rendered":"DZIE\u0143 25 SIERPNIA 1944 ROKU WE WSI KACZKOWO STARE"},"content":{"rendered":"<p><strong><a href=\"http:\/\/info.sadowne.pl\/wp-content\/uploads\/2024\/08\/Brok187.jpg\" target=\"_blank\" rel=\"noopener\"><img loading=\"lazy\" decoding=\"async\" class=\"alignleft wp-image-29240 size-thumbnail\" src=\"http:\/\/info.sadowne.pl\/wp-content\/uploads\/2024\/08\/Brok187-180x130.jpg\" alt=\"\" width=\"180\" height=\"130\" \/><\/a>\u2013 TRZY WSPOMNIENIA.<\/strong><!--more--><\/p>\n<p>Sierpie\u0144 1944 roku kojarzy si\u0119 nam przede wszystkim z wybuchem Powstania Warszawskiego, kt\u00f3re rozpocz\u0119\u0142o si\u0119 1 sierpnia (o godzinie 17, tzw. godzina \u201eW\u201d), a zako\u0144czy\u0142o kl\u0119sk\u0105 po 63 dniach, 2 pa\u017adziernika. Druga po\u0142owa sierpnia 1944 roku dla dzisiejszego powiatu Ostr\u00f3w Mazowiecka by\u0142a czasem odwrotu wojsk niemieckich ze wschodu i wej\u015bcia na ten teren Armii Czerwonej. Na tej trasie le\u017ca\u0142y m.in. wsie Or\u0142o, Kaczkowo Stare i Nowe, kt\u00f3re 25 sierpnia zosta\u0142y niemal doszcz\u0119tnie spalone.<\/p>\n<p>Oko\u0142o 2-3 tygodnie wcze\u015bniej, Niemcy nakazywali ludziom z okolicznych wsi kopanie okop\u00f3w, kt\u00f3re ci\u0105gn\u0119\u0142y si\u0119 od p\u00f3\u0142nocnego wschodu, od Bieli i Niegowca przez pola Kaczkowa Starego, na po\u0142udniowy zach\u00f3d w kierunku Broku, a ko\u0144czy\u0142y si\u0119 na rzece Broczysko. Niemcy nakazywali wycinanie drzew i niszczyli wszystko, co mog\u0142o zas\u0142ania\u0107 pole ostrza\u0142u. Z Kaczkowa wida\u0107 by\u0142o ko\u015bci\u00f3\u0142 w Sadownem, oddalony w prostej linii przez Bug o oko\u0142o 10 km. Na pocz\u0105tku sierpnia Niemcy zarekwirowali te\u017c krowy i konie (ludzie starali si\u0119 ukry\u0107 cz\u0119\u015b\u0107 zwierz\u0105t poza gospodarstwem, na polu), a kilkana\u015bcie dni p\u00f3\u017aniej przeszukiwali jeszcze gospodarstwa (robili to Ukrai\u0144cy id\u0105cy z wojskiem niemieckim), zabieraj\u0105c pozosta\u0142e zwierz\u0119ta gospodarskie: ciel\u0119ta, prosi\u0119ta, g\u0119si, kury. Zarekwirowane krowy zgromadzono na \u0142\u0105kach w Orle, sta\u0142y tam jeszcze przez kilkana\u015bcie dni po wycofaniu si\u0119 Niemc\u00f3w, a zaj\u0119li je dla wojska Rosjanie.<\/p>\n<p><strong>Wi\u0119cej na stronie <span style=\"color: #0000ff;\"><a style=\"color: #0000ff;\" href=\"https:\/\/madzelan.cba.pl\/dzien-25-sierpnia-1944-roku-we-wsi-kaczkowo-stare-trzy-wspomnienia\/\" target=\"_blank\" rel=\"noopener\">https:\/\/madzelan.cba.pl\/dzien-25-sierpnia-1944-roku-we-wsi-kaczkowo-stare-trzy-wspomnienia\/<\/a><\/span><\/strong><\/p>\n","protected":false},"excerpt":{"rendered":"<p>\u2013 TRZY WSPOMNIENIA.<\/p>\n","protected":false},"author":1,"featured_media":0,"comment_status":"closed","ping_status":"closed","sticky":false,"template":"","format":"standard","meta":{"footnotes":""},"categories":[5,3436,31],"tags":[3004,4177,2956],"class_list":["post-29239","post","type-post","status-publish","format-standard","hentry","category-newsy","category-opowiesci-historie-legendy-brokowskie-i-nie-tylko","category-historia-gminy","tag-jerzy-madzelan","tag-kaczkowo-stare","tag-opowiesci-historie-legendy-brokowskie-i-nie-tylko"],"views":1594,"_links":{"self":[{"href":"https:\/\/info.sadowne.pl\/index.php?rest_route=\/wp\/v2\/posts\/29239","targetHints":{"allow":["GET"]}}],"collection":[{"href":"https:\/\/info.sadowne.pl\/index.php?rest_route=\/wp\/v2\/posts"}],"about":[{"href":"https:\/\/info.sadowne.pl\/index.php?rest_route=\/wp\/v2\/types\/post"}],"author":[{"embeddable":true,"href":"https:\/\/info.sadowne.pl\/index.php?rest_route=\/wp\/v2\/users\/1"}],"replies":[{"embeddable":true,"href":"https:\/\/info.sadowne.pl\/index.php?rest_route=%2Fwp%2Fv2%2Fcomments&post=29239"}],"version-history":[{"count":1,"href":"https:\/\/info.sadowne.pl\/index.php?rest_route=\/wp\/v2\/posts\/29239\/revisions"}],"predecessor-version":[{"id":29241,"href":"https:\/\/info.sadowne.pl\/index.php?rest_route=\/wp\/v2\/posts\/29239\/revisions\/29241"}],"wp:attachment":[{"href":"https:\/\/info.sadowne.pl\/index.php?rest_route=%2Fwp%2Fv2%2Fmedia&parent=29239"}],"wp:term":[{"taxonomy":"category","embeddable":true,"href":"https:\/\/info.sadowne.pl\/index.php?rest_route=%2Fwp%2Fv2%2Fcategories&post=29239"},{"taxonomy":"post_tag","embeddable":true,"href":"https:\/\/info.sadowne.pl\/index.php?rest_route=%2Fwp%2Fv2%2Ftags&post=29239"}],"curies":[{"name":"wp","href":"https:\/\/api.w.org\/{rel}","templated":true}]}}