{"id":29243,"date":"2024-08-13T15:07:09","date_gmt":"2024-08-13T13:07:09","guid":{"rendered":"http:\/\/info.sadowne.pl\/?p=29243"},"modified":"2024-08-13T15:07:09","modified_gmt":"2024-08-13T13:07:09","slug":"kronika-strazacka-05-11-08-2024","status":"publish","type":"post","link":"https:\/\/info.sadowne.pl\/?p=29243","title":{"rendered":"Kronika stra\u017cacka 05-11.08.2024"},"content":{"rendered":"<p><strong><a href=\"http:\/\/info.sadowne.pl\/wp-content\/uploads\/2023\/06\/straz3-scaled.jpg\"><img loading=\"lazy\" decoding=\"async\" class=\"alignleft size-thumbnail wp-image-27687\" src=\"http:\/\/info.sadowne.pl\/wp-content\/uploads\/2023\/06\/straz3-180x130.jpg\" alt=\"\" width=\"180\" height=\"130\" \/><\/a>W<\/strong><strong> okresie<\/strong><strong> od<\/strong><strong> 05 &#8211; 11.08.2024 na<\/strong><strong> terenie<\/strong><strong> powiatu<\/strong><strong> w\u0119growskiego<\/strong><strong> zanotowano:<\/strong><strong>18 zdarze\u0144,<\/strong><strong> przy<\/strong><strong> kt\u00f3rych<\/strong><strong> interweniowa\u0142y<\/strong><strong> jednostki<\/strong><strong> ochrony<\/strong><strong> przeciwpo\u017carowej, w tym:<\/strong><strong> 7 po\u017car\u00f3w, \u00a010 miejscowych zagro\u017ce\u0144 i 1 alarm fa\u0142szywy.<\/strong><!--more--><\/p>\n<p><strong>10.08.2024 \u2013 Szumin, gm. \u0141och\u00f3w \u2013 \u00a0zderzenie samochodu osobowego z motorowerem.<\/strong><\/p>\n<p>Na \u017cwirowej drodze w miejscowo\u015bci Szumin dosz\u0142o do zderzenia czo\u0142owego samochodu osobowego marki Toyota Yaris oraz skutera. W wyniku zdarzenia poszkodowana zosta\u0142a 1 osoba &#8211; kieruj\u0105cy skuterem (rana g\u0142owy, b\u00f3l \u017ceber), natomiast kierowca samochodu osobowego nie odni\u00f3s\u0142 \u017cadnych obra\u017ce\u0144. Dzia\u0142ania zast\u0119p\u00f3w polega\u0142y na zabezpieczeniu miejsca zdarzenia oraz udzieleniu KPP poszkodowanemu.<\/p>\n<p>W DZIA\u0141ANIACH RATOWNICZYCH UDZIA\u0141 BRA\u0141O: 2 zast\u0119py, 9 ratownik\u00f3w.<\/p>\n<p><strong>10.08.2024 \u2013 Sok\u00f3\u0142ka, gm. Sadowne \u2013 zas\u0142abni\u0119cie m\u0119\u017cczyzny podczas jazdy na rowerze.<\/strong><\/p>\n<p>Starszy m\u0119\u017cczyzna, kt\u00f3ry prawdopodobnie przewr\u00f3ci\u0142 si\u0119 podczas jazdy rowerem elektrycznym, le\u017cy na drodze. M\u0119\u017cczyzna by\u0142 przytomny, z utrudnionym kontaktem (wiek 85 lat). Dzia\u0142ania zast\u0119pu polega\u0142y na zabezpieczeniu miejsca zdarzenia oraz l\u0105dowiska dla LPR na pobliskiej \u0142\u0105ce, kt\u00f3ry wyl\u0105dowa\u0142 zaraz po przybyciu stra\u017cy po\u017carnej. W trakcie prowadzenia badania wst\u0119pnego przez stra\u017cak\u00f3w LPR przej\u0105\u0142 opiek\u0119 nad poszkodowanym. Po wykonaniu medycznych dzia\u0142a\u0144 przez za\u0142og\u0119 LPR udzielono pomocy w przeniesieniu poszkodowanego do \u015bmig\u0142owca oraz zabezpieczono jego start.<\/p>\n<p>W DZIA\u0141ANIACH RATOWNICZYCH UDZIA\u0141 BRA\u0141O: 2 zast\u0119py, 10 ratownik\u00f3w.<\/p>\n<p><strong>W powy\u017cszym czasie JOP interweniowa\u0142y przy gaszeniu niewielkich po\u017car\u00f3w traw na nieu\u017cytkach i s\u0142omy na polach uprawnych.<\/strong><\/p>\n<p><strong>KP PSP W\u0119gr\u00f3w<\/strong><\/p>\n","protected":false},"excerpt":{"rendered":"<p>W okresie od 05 &#8211; 11.08.2024 na terenie powiatu w\u0119growskiego zanotowano:18 zdarze\u0144, przy kt\u00f3rych interweniowa\u0142y jednostki ochrony przeciwpo\u017carowej, w tym: 7 po\u017car\u00f3w, \u00a010 miejscowych zagro\u017ce\u0144 i 1 alarm fa\u0142szywy.<\/p>\n","protected":false},"author":1,"featured_media":0,"comment_status":"closed","ping_status":"closed","sticky":false,"template":"","format":"standard","meta":{"footnotes":""},"categories":[5,4,267],"tags":[491,643],"class_list":["post-29243","post","type-post","status-publish","format-standard","hentry","category-newsy","category-policja-straz-pozarna-pogotowie-ratunkowe","category-straz-pozarna-policja-straz-pozarna-pogotowie-ratunkowe","tag-komenda-powiatowa-panstwowej-strazy-pozarnej-w-wegrowie","tag-kronika-strazacka"],"views":1339,"_links":{"self":[{"href":"https:\/\/info.sadowne.pl\/index.php?rest_route=\/wp\/v2\/posts\/29243","targetHints":{"allow":["GET"]}}],"collection":[{"href":"https:\/\/info.sadowne.pl\/index.php?rest_route=\/wp\/v2\/posts"}],"about":[{"href":"https:\/\/info.sadowne.pl\/index.php?rest_route=\/wp\/v2\/types\/post"}],"author":[{"embeddable":true,"href":"https:\/\/info.sadowne.pl\/index.php?rest_route=\/wp\/v2\/users\/1"}],"replies":[{"embeddable":true,"href":"https:\/\/info.sadowne.pl\/index.php?rest_route=%2Fwp%2Fv2%2Fcomments&post=29243"}],"version-history":[{"count":1,"href":"https:\/\/info.sadowne.pl\/index.php?rest_route=\/wp\/v2\/posts\/29243\/revisions"}],"predecessor-version":[{"id":29244,"href":"https:\/\/info.sadowne.pl\/index.php?rest_route=\/wp\/v2\/posts\/29243\/revisions\/29244"}],"wp:attachment":[{"href":"https:\/\/info.sadowne.pl\/index.php?rest_route=%2Fwp%2Fv2%2Fmedia&parent=29243"}],"wp:term":[{"taxonomy":"category","embeddable":true,"href":"https:\/\/info.sadowne.pl\/index.php?rest_route=%2Fwp%2Fv2%2Fcategories&post=29243"},{"taxonomy":"post_tag","embeddable":true,"href":"https:\/\/info.sadowne.pl\/index.php?rest_route=%2Fwp%2Fv2%2Ftags&post=29243"}],"curies":[{"name":"wp","href":"https:\/\/api.w.org\/{rel}","templated":true}]}}