{"id":29245,"date":"2024-08-14T14:30:56","date_gmt":"2024-08-14T12:30:56","guid":{"rendered":"http:\/\/info.sadowne.pl\/?p=29245"},"modified":"2024-08-14T14:30:56","modified_gmt":"2024-08-14T12:30:56","slug":"dzieki-wegetarianskiej-diecie-otylego-wloscianina-nie-uswiadczysz","status":"publish","type":"post","link":"https:\/\/info.sadowne.pl\/?p=29245","title":{"rendered":"Dzi\u0119ki wegetaria\u0144skiej diecie oty\u0142ego w\u0142o\u015bcianina nie u\u015bwiadczysz,"},"content":{"rendered":"<p><strong><a href=\"http:\/\/info.sadowne.pl\/wp-content\/uploads\/2024\/08\/Brok188.jpg\" target=\"_blank\" rel=\"noopener\"><img loading=\"lazy\" decoding=\"async\" class=\"alignleft wp-image-29246 size-thumbnail\" src=\"http:\/\/info.sadowne.pl\/wp-content\/uploads\/2024\/08\/Brok188-180x130.jpg\" alt=\"\" width=\"180\" height=\"130\" \/><\/a>w Ma\u0142kini b\u0119dzie szko\u0142a, kradn\u0105 konie w Dani\u0142owie, wy\u0142udzaj\u0105 pieni\u0105dze w Ostrowi, samolot zawis\u0142 na topoli w Wyszomierzu Wielkim.<\/strong><!--more--><\/p>\n<p>Tak, jak obiecali\u015bmy przed dwoma tygodniami, publikujemy drug\u0105 cz\u0119\u015b\u0107 artyku\u0142u dr. Alojzego Podolskiego, u schy\u0142ku XIX w. lekarza powiatowego w W\u0119growie. Uprzednio wiele by\u0142o narzeka\u0144 tycz\u0105cych niech\u0119ci mieszka\u0144c\u00f3w W\u0119growa do higieny. Dzisiaj kolejna porcja utyskiwa\u0144, ale tycz\u0105ca ludno\u015bci wiosek i osad powiatu. Nie tylko o higienie jednak mowa, bo cho\u0107by taka o\u015bwiata te\u017c pozostawia wiele do \u017cyczenia, bo niby jest w powiecie szk\u00f3\u0142 elementarnych tyle, co i gmin, czyli siedemna\u015bcie. Jak si\u0119 jednak sprawie nieco bli\u017cej przyjrze\u0107, to okazuje si\u0119, \u017ce mocarzem powiatowej edukacji jest gmina Sadowne, gdzie szk\u00f3\u0142 jest a\u017c sze\u015b\u0107, czyli musz\u0105 by\u0107 gminy, w kt\u00f3rych dziatki s\u0105 ca\u0142kiem pozbawione o\u015bwiaty.<\/p>\n<p>W Ma\u0142kini, sporej przecie\u017c miejscowo\u015bci, ma\u0142o, \u017ce wkr\u00f3tce b\u0119dzie szko\u0142a, to i przemys\u0142 okoliczny rozkwita. Lud jest w regionie w zasadzie cnotliwy, spolegliwy, ale kradzie\u017ce, oszustwa s\u0105 na porz\u0105dku dziennym, co pewnie jest sprawk\u0105 przyby\u0142ych z zewn\u0105trz \u0142azik\u00f3w, bo niemo\u017cliwie, aby czyn\u00f3w tak obrzydliwych dokonywali nasi ziomkowie.<\/p>\n<p>Jaki\u015b czas temu zamie\u015bcili\u015bmy informacj\u0119 o katastrofie lotniczej, do kt\u00f3rej dosz\u0142o pod Ostrowi\u0105 we wrze\u015bniu 1911 r. W publikowanej poni\u017cej notce prasowej czytelnik odnajdzie kolejne szczeg\u00f3\u0142y. Dobrze, \u017ce aeroplan zawis\u0142 na drzewie dopiero pod Wyszomierzem, bo to oznacza, \u017ce 26 wrze\u015bnia tamtego roku zdo\u0142a\u0142 przelecie\u0107 nad Ostrowi\u0105, a tym samym nasza okolica jest jedn\u0105 z pierwszych w Polsce, kt\u00f3re podobne dziwowisko ujrza\u0142a na niebie. Niewiele ponad miesi\u0105c wcze\u015bniej, bo 11 sierpnia, po raz pierwszy lataj\u0105c\u0105 maszyn\u0119 ujrza\u0142a Warszawa. Wyczynu tego dokona\u0142 Micha\u0142 Scipio del Campo, kt\u00f3rego rodzina zamieszkiwa\u0142a w Polsce od czas\u00f3w kr\u00f3lowej Bony.<\/p>\n<p><strong>Wi\u0119cej na stronie <span style=\"color: #0000ff;\"><a style=\"color: #0000ff;\" href=\"https:\/\/madzelan.cba.pl\/dzieki-wegetarianskiej-diecie-otylego-wloscianina-nie-uswiadczysz-w-malkini-bedzie-szkola-kradna-konie-w-danilowie-wyludzaja-pieniadze-w-ostrowi-samolot-zawisl-na-topoli-w-wyszomierzu-wielkim\/\" target=\"_blank\" rel=\"noopener\">https:\/\/madzelan.cba.pl\/dzieki-wegetarianskiej-diecie-otylego-wloscianina-nie-uswiadczysz-w-malkini-bedzie-szkola-kradna-konie-w-danilowie-wyludzaja-pieniadze-w-ostrowi-samolot-zawisl-na-topoli-w-wyszomierzu-wielkim\/<\/a><\/span><\/strong><\/p>\n","protected":false},"excerpt":{"rendered":"<p>w Ma\u0142kini b\u0119dzie szko\u0142a, kradn\u0105 konie w Dani\u0142owie, wy\u0142udzaj\u0105 pieni\u0105dze w Ostrowi, samolot zawis\u0142 na topoli w Wyszomierzu Wielkim.<\/p>\n","protected":false},"author":1,"featured_media":0,"comment_status":"closed","ping_status":"closed","sticky":false,"template":"","format":"standard","meta":{"footnotes":""},"categories":[5,3436,31],"tags":[3004,2956],"class_list":["post-29245","post","type-post","status-publish","format-standard","hentry","category-newsy","category-opowiesci-historie-legendy-brokowskie-i-nie-tylko","category-historia-gminy","tag-jerzy-madzelan","tag-opowiesci-historie-legendy-brokowskie-i-nie-tylko"],"views":1485,"_links":{"self":[{"href":"https:\/\/info.sadowne.pl\/index.php?rest_route=\/wp\/v2\/posts\/29245","targetHints":{"allow":["GET"]}}],"collection":[{"href":"https:\/\/info.sadowne.pl\/index.php?rest_route=\/wp\/v2\/posts"}],"about":[{"href":"https:\/\/info.sadowne.pl\/index.php?rest_route=\/wp\/v2\/types\/post"}],"author":[{"embeddable":true,"href":"https:\/\/info.sadowne.pl\/index.php?rest_route=\/wp\/v2\/users\/1"}],"replies":[{"embeddable":true,"href":"https:\/\/info.sadowne.pl\/index.php?rest_route=%2Fwp%2Fv2%2Fcomments&post=29245"}],"version-history":[{"count":1,"href":"https:\/\/info.sadowne.pl\/index.php?rest_route=\/wp\/v2\/posts\/29245\/revisions"}],"predecessor-version":[{"id":29247,"href":"https:\/\/info.sadowne.pl\/index.php?rest_route=\/wp\/v2\/posts\/29245\/revisions\/29247"}],"wp:attachment":[{"href":"https:\/\/info.sadowne.pl\/index.php?rest_route=%2Fwp%2Fv2%2Fmedia&parent=29245"}],"wp:term":[{"taxonomy":"category","embeddable":true,"href":"https:\/\/info.sadowne.pl\/index.php?rest_route=%2Fwp%2Fv2%2Fcategories&post=29245"},{"taxonomy":"post_tag","embeddable":true,"href":"https:\/\/info.sadowne.pl\/index.php?rest_route=%2Fwp%2Fv2%2Ftags&post=29245"}],"curies":[{"name":"wp","href":"https:\/\/api.w.org\/{rel}","templated":true}]}}