{"id":29252,"date":"2024-08-15T21:55:39","date_gmt":"2024-08-15T19:55:39","guid":{"rendered":"http:\/\/info.sadowne.pl\/?p=29252"},"modified":"2024-09-18T20:25:59","modified_gmt":"2024-09-18T18:25:59","slug":"dozynki-gminno-parafialne-2024","status":"publish","type":"post","link":"https:\/\/info.sadowne.pl\/?p=29252","title":{"rendered":"Do\u017cynki Gminno \u2013 Parafialne 2024"},"content":{"rendered":"<p><a href=\"http:\/\/info.sadowne.pl\/wp-content\/uploads\/2024\/08\/2024.08.15.1.jpg\" target=\"_blank\" rel=\"noopener\"><img loading=\"lazy\" decoding=\"async\" class=\"alignleft wp-image-29253 size-thumbnail\" src=\"http:\/\/info.sadowne.pl\/wp-content\/uploads\/2024\/08\/2024.08.15.1-180x130.jpg\" alt=\"\" width=\"180\" height=\"130\" \/><\/a><\/p>\n<p><strong>15 sierpnia 2024 r. w Sadownem odby\u0142y si\u0119 jubileuszowe X Do\u017cynki Gminno \u2013 Parafialne. <\/strong><!--more--><\/p>\n<p><strong>Has\u0142o przewodnie tegorocznych Do\u017cynek to: \u201eZIARNO WIARY, \u017bNIWO MI\u0141O\u015aCI, 500 LAT PARAFIALNEJ JEDNO\u015aCI\u201d, a ich gospodarzem by\u0142o so\u0142ectwo Grabiny.<\/strong><\/p>\n<p><strong>15 sierpnia br. przypada r\u00f3wnie\u017c 104. rocznica \u201eCudu nad Wis\u0142\u0105\u201d i \u015awi\u0119to Wojska Polskiego.<\/strong> Z uwagi na to postanowiono tego dnia uczci\u0107 pami\u0119\u0107 \u017co\u0142nierzy Wojska Polskiego poleg\u0142ych w obronie Ojczyzny. Przed uroczysto\u015bciami do\u017cynkowymi na grobie poleg\u0142ego na naszym terenie w 1920 roku nieznanego \u017co\u0142nierza Wojska Polskiego oraz grobie \u017co\u0142nierzy poleg\u0142ych tu we wrze\u015bniu 1939 roku z\u0142o\u017cono wi\u0105zanki kwiat\u00f3w i zapalono symboliczne znicze.<\/p>\n<p><strong>G\u0142\u00f3wne uroczysto\u015bci do\u017cynkowe rozpocz\u0119\u0142y si\u0119 msz\u0105 \u015bw.,<\/strong> koncelebrowan\u0105 przez proboszcza ks. Antoniego Kunickiego i by\u0142ego proboszcza ks. Stanis\u0142awa Wojciechowskiego, kt\u00f3ra odby\u0142a si\u0119 na placu targowym przy ko\u015bciele parafialnym.<\/p>\n<p>Przygotowane przez poszczeg\u00f3lne so\u0142ectwa wie\u0144ce do\u017cynkowe i ich asysty, po powitaniu przed ko\u015bcio\u0142em przez proboszcza parafii ks. Antoniego Kunickiego, w uroczystym korowodzie dotar\u0142y na miejsce celebry. Korow\u00f3d poprowadzili tegoroczni Starostowie Do\u017cynek \u2013 Pa\u0144stwo Magdalena i Micha\u0142 Zadro\u017cni. Po mszy \u015bw. dalsz\u0105 cz\u0119\u015b\u0107 uroczysto\u015bci poprowadzi\u0142 Zast\u0119pca W\u00f3jta Gminy Sadowne p. Marcin Gr\u0119da, a do\u017cynkowe obrz\u0119dy i ceremonia\u0142 do\u017cynkowy wykona\u0142 Zesp\u00f3\u0142 \u015apiewaczy \u201eSadowianki\u201d.<\/p>\n<p><strong>W imieniu gospodarzy uroczysto\u015bci &#8211; W\u00f3jta Gminy Sadowne p. Waldemara Cyrana i proboszcza parafii Sadowne ks. Antoniego Kunickiego &#8211; p. Gr\u0119da powita\u0142 przyby\u0142ych go\u015bci<\/strong>, w\u015br\u00f3d kt\u00f3rych znale\u017ali si\u0119: p. Maciej G\u00f3rski \u2013 senator RP, p. Marek Renik \u2013 Wicestarosta W\u0119growski, ksi\u0119\u017ca tej parafii, p. Tomasz Szymanik \u2013 Przewodnicz\u0105cy Rady Gminy Sadowne wraz z radnymi, so\u0142tysi, kierownicy jednostek organizacyjnych Gminy, stra\u017cacy OSP oraz mieszka\u0144cy, rolnicy gminy i parafii Sadowne, kt\u00f3rym po\u015bwi\u0119cona by\u0142a ta uroczysto\u015b\u0107.<\/p>\n<p><strong>Po oficjalnym powitaniu, ceremonia\u0142 do\u017cynkowy rozpocz\u0105\u0142 swoim wyst\u0119pem Zesp\u00f3\u0142 \u015apiewaczy \u201eSadowianki\u201d<\/strong>, nast\u0119pnie Starostowie Do\u017cynek przekazali w\u0142odarzowi Gminy p. Waldemarowi Cyranowi oraz jego ma\u0142\u017conce Katarzynie obrz\u0119dowy chleb, upieczony z tegorocznych zbior\u00f3w zb\u00f3\u017c. Po obrz\u0119dzie dzielenia si\u0119 chlebem, zabrali g\u0142os przybyli na uroczysto\u015b\u0107 go\u015bcie: p. Maciej G\u00f3rski i p. Marek Renik.<\/p>\n<p><strong>Nast\u0119pnie nagrodzono laureat\u00f3w przeprowadzonego wcze\u015bniej konkursu na \u201eNajpi\u0119kniejszy ogr\u00f3d Gminy Sadowne 2024\u201d. Oto jego wyniki:<\/strong><\/p>\n<p>I miejsce \u2013 Marek Ga\u0142\u0105zka, Sojk\u00f3wek<\/p>\n<p>II miejsce \u2013 Bartosz O\u0142dak, Wilczog\u0119by<\/p>\n<p>III miejsce \u2013 Monika Zakrzewska, Sadowne<\/p>\n<p>Wyr\u00f3\u017cnienie m.in. za innowacyjno\u015b\u0107 i za ciekawe pomys\u0142y na wykorzystanie materia\u0142\u00f3w wt\u00f3rnych r\u00f3wnie\u017c otrzyma\u0142 w\u0142a\u015bciciel najwy\u017cej ocenionego ogrodu w Konkursie &#8211; p. Marek Ga\u0142\u0105zka.<\/p>\n<p>Nagrody wr\u0119czyli Organizatorzy Konkursu oraz jego sponsorzy: za miejsca I-III \u2013 PSB Mr\u00f3wka Sadowne i za wyr\u00f3\u017cnienie \u2013 Sklep Ogrodniczy AGAWA w Sadownem.<\/p>\n<p>Powo\u0142ana przez Organizator\u00f3w Komisja Konkursowa w sk\u0142adzie: p. Danuta Rasi\u0144ska, p. Ewa Pi\u00f3rkowska i ks. Piotr P\u0119dzich oceni\u0142a wie\u0144ce do\u017cynkowe uczestnicz\u0105ce w konkursie pn. \u201eNaj\u0142adniejszy Wieniec Do\u017cynkowy 2024\u201d. Do Konkursu zg\u0142oszono 16 wie\u0144c\u00f3w.<\/p>\n<p><strong>W tym roku za naj\u0142adniejsze wie\u0144ce Komisja nagrodzi\u0142a so\u0142ectwa: \u00a0<\/strong><\/p>\n<p><strong><u>W kategorii wie\u0144c\u00f3w tradycyjnych<\/u><\/strong><\/p>\n<p><strong>I miejsce \u2013 Sojk\u00f3wek<\/strong><\/p>\n<p><strong>II miejsce \u2013 Grabiny<\/strong><\/p>\n<p><strong>III miejsce \u2013 P\u0142atkownica<\/strong><\/p>\n<p><strong>Wyr\u00f3\u017cnienia: Morzyczyn W\u0142o\u015bcia\u0144ski i Morzyczyn W\u0142\u00f3ki<\/strong><\/p>\n<p><strong><u>W kategorii wie\u0144c\u00f3w nowoczesnych<\/u><\/strong><\/p>\n<p><strong>I miejsce &#8211; Ra\u017cny<\/strong><\/p>\n<p><strong>II miejsce &#8211; Szynkarzyzna<\/strong><\/p>\n<p><strong>III miejsce \u2013 Ko\u0142odzi\u0105\u017c<\/strong><\/p>\n<p><strong>Niezale\u017cn\u0105 od kategorii nagrod\u0119 proboszcza parafii Sadowne ks. Antoniego Kunickiego otrzyma\u0142 wieniec p. Barbary \u2013 dopiero przy odbieraniu nagrody wszyscy dowiedzieli si\u0119, i\u017c wieniec zosta\u0142 wykonany przez p. Barbar\u0119 Zawadzk\u0105 z Krupi\u0144skiego.<\/strong><\/p>\n<p>Laureaci Konkursu odebrali puchary, dyplomy i nagrody pieni\u0119\u017cne z r\u0105k przedstawicieli Organizator\u00f3w i sponsor\u00f3w.<\/p>\n<p>Po rozstrzygni\u0119ciu konkurs\u00f3w, obecnych na uroczysto\u015bci zaproszono do okalaj\u0105cych plac stoisk gastronomicznych, przygotowanych g\u0142\u00f3wnie przez Ko\u0142a Gospody\u0144 Wiejskich gminy Sadowne i GOK Sadowne. Dzieci mia\u0142y tu okazj\u0119 spotka\u0107 si\u0119 tak\u017ce z alpakami pod namiotem firmy Alpakoterapia Zommer z Wilczog\u0105b. Na zako\u0144czenie uroczystego spotkania na scenie ponownie zago\u015bci\u0142 Zesp\u00f3\u0142 \u015apiewaczy \u201eSadowianki\u201d.<\/p>\n<p>Podsumowuj\u0105c, przypominamy: tegoroczne uroczysto\u015bci do\u017cynkowe przygotowa\u0142 Urz\u0105d Gminy w Sadownem, Parafia pw. \u015bw. Jana Chrzciciela w Sadownem i Gminny O\u015brodek Kultury w Sadownem. Projekt zosta\u0142 dofinansowany ze \u015brodk\u00f3w Samorz\u0105du Wojew\u00f3dztwa Mazowieckiego. W przygotowaniu Do\u017cynek i zabezpieczeniu wzi\u0119li udzia\u0142 druhowie z OSP Szynkarzyzna.<\/p>\n<p>Wszystkim wielkie dzi\u0119ki, w tym szczeg\u00f3lnie pracownikom Gminnego O\u015brodka Kultury w Sadownem, bez kt\u00f3rych by\u015bmy nie doszli do tegorocznego Jubileuszu Do\u017cynek Gminno \u2013 Parafialnych w Sadownem.<\/p>\n<p><span style=\"color: #0000ff;\"><a style=\"color: #0000ff;\" href=\"https:\/\/photos.app.goo.gl\/tFGS83gbXvizNLNZA\" target=\"_blank\" rel=\"noopener\"><strong>Zdj\u0119cia w galerii Google&gt;&gt;&gt;<\/strong><\/a><\/span><\/p>\n<p><span style=\"color: #0000ff;\"><a style=\"color: #0000ff;\" href=\"https:\/\/youtu.be\/KB7FgwdxIMI\" target=\"_blank\" rel=\"noopener\"><strong>Zobacz te\u017c film&gt;&gt;&gt;<\/strong><\/a><\/span><\/p>\n<p><strong>Tekst\/Foto:<\/strong> S\u0142awek Chyli\u0144ski<\/p>\n","protected":false},"excerpt":{"rendered":"<p>15 sierpnia 2024 r. w Sadownem odby\u0142y si\u0119 jubileuszowe X Do\u017cynki Gminno \u2013 Parafialne.<\/p>\n","protected":false},"author":1,"featured_media":0,"comment_status":"closed","ping_status":"closed","sticky":false,"template":"","format":"standard","meta":{"footnotes":""},"categories":[5,91,6],"tags":[4176,1827,169,3043],"class_list":["post-29252","post","type-post","status-publish","format-standard","hentry","category-newsy","category-gminny-osrodek-kultury","category-kultura-rozrywka-edukacja","tag-dozynki-gminno-parafialne-2024-w-sadownem","tag-gmina-sadowne","tag-gminny-osrodek-kultury-w-sadownem","tag-samorzad-wojewodztwa-mazowieckiego"],"views":2671,"_links":{"self":[{"href":"https:\/\/info.sadowne.pl\/index.php?rest_route=\/wp\/v2\/posts\/29252","targetHints":{"allow":["GET"]}}],"collection":[{"href":"https:\/\/info.sadowne.pl\/index.php?rest_route=\/wp\/v2\/posts"}],"about":[{"href":"https:\/\/info.sadowne.pl\/index.php?rest_route=\/wp\/v2\/types\/post"}],"author":[{"embeddable":true,"href":"https:\/\/info.sadowne.pl\/index.php?rest_route=\/wp\/v2\/users\/1"}],"replies":[{"embeddable":true,"href":"https:\/\/info.sadowne.pl\/index.php?rest_route=%2Fwp%2Fv2%2Fcomments&post=29252"}],"version-history":[{"count":3,"href":"https:\/\/info.sadowne.pl\/index.php?rest_route=\/wp\/v2\/posts\/29252\/revisions"}],"predecessor-version":[{"id":29436,"href":"https:\/\/info.sadowne.pl\/index.php?rest_route=\/wp\/v2\/posts\/29252\/revisions\/29436"}],"wp:attachment":[{"href":"https:\/\/info.sadowne.pl\/index.php?rest_route=%2Fwp%2Fv2%2Fmedia&parent=29252"}],"wp:term":[{"taxonomy":"category","embeddable":true,"href":"https:\/\/info.sadowne.pl\/index.php?rest_route=%2Fwp%2Fv2%2Fcategories&post=29252"},{"taxonomy":"post_tag","embeddable":true,"href":"https:\/\/info.sadowne.pl\/index.php?rest_route=%2Fwp%2Fv2%2Ftags&post=29252"}],"curies":[{"name":"wp","href":"https:\/\/api.w.org\/{rel}","templated":true}]}}