{"id":29260,"date":"2024-08-19T20:29:41","date_gmt":"2024-08-19T18:29:41","guid":{"rendered":"http:\/\/info.sadowne.pl\/?p=29260"},"modified":"2024-08-19T20:29:41","modified_gmt":"2024-08-19T18:29:41","slug":"kronika-strazacka-12-18-08-2024","status":"publish","type":"post","link":"https:\/\/info.sadowne.pl\/?p=29260","title":{"rendered":"Kronika stra\u017cacka 12 &#8211; 18.08.2024"},"content":{"rendered":"<p><strong><a href=\"http:\/\/info.sadowne.pl\/wp-content\/uploads\/2023\/06\/straz3-scaled.jpg\"><img loading=\"lazy\" decoding=\"async\" class=\"alignleft size-thumbnail wp-image-27687\" src=\"http:\/\/info.sadowne.pl\/wp-content\/uploads\/2023\/06\/straz3-180x130.jpg\" alt=\"\" width=\"180\" height=\"130\" \/><\/a>W<\/strong><strong> okresie<\/strong> <strong>12 &#8211; 18.08.2024 na<\/strong><strong> terenie<\/strong><strong> powiatu<\/strong><strong> w\u0119growskiego<\/strong><strong> zanotowano: <\/strong><strong>19 zdarze\u0144,<\/strong><strong> przy<\/strong><strong> kt\u00f3rych<\/strong><strong> interweniowa\u0142y<\/strong><strong> jednostki<\/strong><strong> ochrony<\/strong><strong> przeciwpo\u017carowej, w tym: <\/strong><strong>8 po\u017car\u00f3w, 11 miejscowych zagro\u017ce\u0144.<\/strong><!--more--><\/p>\n<p><strong>16.08.2024 \u2013 W\u0119gr\u00f3w, ul. R. Traugutta \u2013 Prawdopodobnie pora\u017cenie pr\u0105dem.<\/strong><\/p>\n<p>Do zdarzenia zosta\u0142y zadysponowane trzy zast\u0119py JRG PSP W\u0119gr\u00f3w oraz pobliskie OSP W\u0119gr\u00f3w. Po przybyciu na miejsce zdarzenia pierwszego zast\u0119pu KDR stwierdzi\u0142, \u017ce w trakcie prowadzenia prac gospodarczych przy budynku jednorodzinnym dosz\u0142o do po\u017caru trawy w wyniku dotkni\u0119cia linii \u015bredniego napi\u0119cia, prawdopodobnie podczas przystawiania drabiny do budynku. W wyniku zdarzenia dosz\u0142o do pora\u017cenia pr\u0105dem i zatrzymania kr\u0105\u017cenia u dw\u00f3jki os\u00f3b (kobieta i m\u0119\u017cczyzna). Pierwsza pomoc poszkodowanym zosta\u0142a udzielona przez osoby postronne, nadje\u017cd\u017caj\u0105ce na wypadek drog\u0105 DW 673. Dzia\u0142ania zast\u0119p\u00f3w stra\u017cy po\u017carnej w pierwszej kolejno\u015bci polega\u0142y na zabezpieczeniu miejsca zdarzenia, udzieleniu kwalifikowanej pierwszej pomocy dw\u00f3m osobom poszkodowanym z zatrzymaniem kr\u0105\u017cenia, poparzeniem dolnych ko\u0144czyn oraz obra\u017ceniami g\u0142owy. W miedzy czasie podano jeden pr\u0105d wody na ognisko po\u017caru. Na miejsce zdarzenia dwie karetki ZRM. Na miejsce przyby\u0142y dwa patrole Policji, kt\u00f3re zorganizowa\u0142y objazdy. W mi\u0119dzy czasie na miejsce przylecia\u0142 LPR-Ratownik 19. Cze\u015b\u0107 ratownik\u00f3w przyst\u0105pi\u0142a do zabezpieczenia l\u0105dowiska na drodze wojew\u00f3dzkiej. Po przybyciu na miejsce zdarzenia LPR-Ratownik 19, poszkodowanymi zaj\u0105\u0142 si\u0119 lekarz LPRu. Dalsze dzia\u0142ania stra\u017cak\u00f3w polega\u0142y na pomocy ZRM w przywracaniu czynno\u015bci \u017cyciowych poszkodowanym oraz przeniesieniu poszkodowanych do pojazd\u00f3w pogotowania ratunkowego. Po zabezpieczeniu startu LPR dzia\u0142ania stra\u017cy po\u017carnej zosta\u0142y zako\u0144czone.<\/p>\n<p>W DZIA\u0141ANIACH RATOWNICZYCH UDZIA\u0141 BRA\u0141O: 4 zast\u0119py, 13 ratownik\u00f3w.<\/p>\n<p><strong>16.08.2024 \u2013 Nowa Sucha, gm. Gr\u0119bk\u00f3w \u2013 Kolizja pojazd\u00f3w.<\/strong><\/p>\n<p>Do zdarzenia zadysponowano zast\u0119py JRG PSP W\u0119gr\u00f3w oraz pobliski zast\u0119p z OSP Sucha oraz OSP Gr\u0119bk\u00f3w. Po przybyciu na miejsce zdarzenia zast\u0119p\u00f3w, stwierdzono, \u017ce na drodze gminnej (skrzy\u017cowanie na S\u0142uchocin) dosz\u0142o do zdarzenia drogowego z udzia\u0142em dw\u00f3ch samochod\u00f3w osobowych. Dzia\u0142ania zast\u0119p\u00f3w polega\u0142y na zabezpieczeniu i oznaczeniu miejsca zdarzenia, od\u0142\u0105czeniu klem akumulatora w samochodach, udzieleniu KPP osobie poszkodowanej w zdarzeniu. Po przybyciu na miejsce zdarzenia ZRM przekazano poszkodowanego. Dalsze dzia\u0142ania polega\u0142y na zabezpieczeniu miejsca zdarzenia. Przekazano protoko\u0142em policji miejsce dzia\u0142a\u0144. Na tym zako\u0144czono.<strong>\u00a0<\/strong><\/p>\n<p>W DZIA\u0141ANIACH RATOWNICZYCH UDZIA\u0141 BRA\u0141O: 3 zast\u0119py, 16 ratownik\u00f3w.<\/p>\n<p><strong>18.08.2024 \u2013 Zaj\u0105c, gm. Liw \u2013 Po\u017car domu pustostanu.<\/strong><strong>\u00a0<\/strong><\/p>\n<p>Po dotarciu na miejsce zdarzenia stra\u017cacy ustalili, \u017ce pali si\u0119 opuszczony budynek drewniany kryty eternitem &#8211; obj\u0119ty ca\u0142y po\u017carem. Dzia\u0142ania zast\u0119p\u00f3w polega\u0142y na zabezpieczeniu miejsca zdarzenia, podaniu trzech pr\u0105d\u00f3w wody w natarciu, co doprowadzi\u0142o do lokalizacji, a nast\u0119pnie do ugaszenia po\u017caru. Pogorzelisko przelano dok\u0142adnie wod\u0105 &#8211; na tym dzia\u0142ania zako\u0144czono.<\/p>\n<p>W DZIA\u0141ANIACH RATOWNICZYCH UDZIA\u0141 BRA\u0141O: 5 zast\u0119p\u00f3w, 18 ratownik\u00f3w.<\/p>\n<p><strong>KP PSP W\u0119gr\u00f3w<\/strong><\/p>\n","protected":false},"excerpt":{"rendered":"<p>W okresie 12 &#8211; 18.08.2024 na terenie powiatu w\u0119growskiego zanotowano: 19 zdarze\u0144, przy kt\u00f3rych interweniowa\u0142y jednostki ochrony przeciwpo\u017carowej, w tym: 8 po\u017car\u00f3w, 11 miejscowych zagro\u017ce\u0144.<\/p>\n","protected":false},"author":1,"featured_media":0,"comment_status":"closed","ping_status":"closed","sticky":false,"template":"","format":"standard","meta":{"footnotes":""},"categories":[5,4,267],"tags":[491,643],"class_list":["post-29260","post","type-post","status-publish","format-standard","hentry","category-newsy","category-policja-straz-pozarna-pogotowie-ratunkowe","category-straz-pozarna-policja-straz-pozarna-pogotowie-ratunkowe","tag-komenda-powiatowa-panstwowej-strazy-pozarnej-w-wegrowie","tag-kronika-strazacka"],"views":1521,"_links":{"self":[{"href":"https:\/\/info.sadowne.pl\/index.php?rest_route=\/wp\/v2\/posts\/29260","targetHints":{"allow":["GET"]}}],"collection":[{"href":"https:\/\/info.sadowne.pl\/index.php?rest_route=\/wp\/v2\/posts"}],"about":[{"href":"https:\/\/info.sadowne.pl\/index.php?rest_route=\/wp\/v2\/types\/post"}],"author":[{"embeddable":true,"href":"https:\/\/info.sadowne.pl\/index.php?rest_route=\/wp\/v2\/users\/1"}],"replies":[{"embeddable":true,"href":"https:\/\/info.sadowne.pl\/index.php?rest_route=%2Fwp%2Fv2%2Fcomments&post=29260"}],"version-history":[{"count":1,"href":"https:\/\/info.sadowne.pl\/index.php?rest_route=\/wp\/v2\/posts\/29260\/revisions"}],"predecessor-version":[{"id":29261,"href":"https:\/\/info.sadowne.pl\/index.php?rest_route=\/wp\/v2\/posts\/29260\/revisions\/29261"}],"wp:attachment":[{"href":"https:\/\/info.sadowne.pl\/index.php?rest_route=%2Fwp%2Fv2%2Fmedia&parent=29260"}],"wp:term":[{"taxonomy":"category","embeddable":true,"href":"https:\/\/info.sadowne.pl\/index.php?rest_route=%2Fwp%2Fv2%2Fcategories&post=29260"},{"taxonomy":"post_tag","embeddable":true,"href":"https:\/\/info.sadowne.pl\/index.php?rest_route=%2Fwp%2Fv2%2Ftags&post=29260"}],"curies":[{"name":"wp","href":"https:\/\/api.w.org\/{rel}","templated":true}]}}