{"id":29274,"date":"2024-08-25T21:00:18","date_gmt":"2024-08-25T19:00:18","guid":{"rendered":"http:\/\/info.sadowne.pl\/?p=29274"},"modified":"2024-08-25T21:00:18","modified_gmt":"2024-08-25T19:00:18","slug":"jubileuszowy-bieg-w-raznach","status":"publish","type":"post","link":"https:\/\/info.sadowne.pl\/?p=29274","title":{"rendered":"Jubileuszowy bieg w Ra\u017cnach"},"content":{"rendered":"<p><a href=\"http:\/\/info.sadowne.pl\/wp-content\/uploads\/2024\/08\/2024.08.25.1.jpg\"><img loading=\"lazy\" decoding=\"async\" class=\"alignleft wp-image-29275 size-thumbnail\" src=\"http:\/\/info.sadowne.pl\/wp-content\/uploads\/2024\/08\/2024.08.25.1-180x130.jpg\" alt=\"\" width=\"180\" height=\"130\" \/><\/a><\/p>\n<p><strong>Ju\u017c dziesi\u0105ta edycja Biegu \u201eNadbu\u017ca\u0144ska Sz\u00f3stka\u201d i kolejna w Ra\u017cnach. Ponad sze\u015bciokilometrow\u0105 tras\u0119 najszybciej pokona\u0142 Grzegorz \u015awi\u0119to\u0144.<\/strong><!--more--><\/p>\n<p>Bieg w Ra\u017cnach odby\u0142 si\u0119 25 sierpnia 2024 roku. Tym razem Organizatorzy postanowili przenie\u015b\u0107 start i met\u0119 biegu w miejsce zlokalizowane przy \u015bwietlicy wiejskiej, gdzie ostatnio odbywa\u0142y si\u0119 te\u017c obchody 600-lecia powstania miejscowo\u015bci Ra\u017cny. Pozosta\u0142y przebieg trasy bez zmian.<\/p>\n<p>Jak w poprzednim roku, met\u0119 biegu ponownie pierwszy przekroczy\u0142 Grzegorz \u015awi\u0119to\u0144 ze Strachowa z czasem 00:25:12.95.<\/p>\n<p>Organizatorami Biegu byli: Gmina Sadowne, Gminny O\u015brodek Kultury w Sadownem, Klub Sportowy \u201eWicher\u201d Sadowne i So\u0142ectwo Ra\u017cny. Zadanie zosta\u0142o dofinansowane ze \u015brodk\u00f3w bud\u017cetu Samorz\u0105du Wojew\u00f3dztwa Mazowieckiego i wspar\u0142 je r\u00f3wnie\u017c sklep BODZON-FODDER z Sadownego. Imprez\u0119 sportow\u0105 patronatem medialnym obj\u0105\u0142 Portal INFO Sadowne. Elektronicznym pomiarem czasu zaj\u0119\u0142a si\u0119 Firma ChipTiming.pl.<\/p>\n<p>Tegoroczna \u201eNadbu\u017ca\u0144ska Sz\u00f3stka\u201d zgromadzi\u0142a kilkudziesi\u0119ciu biegaczy i mi\u0142o\u015bnik\u00f3w spacer\u00f3w z kijkami, tych starszych i m\u0142odszych. \u00a0Zawodnik\u00f3w i kibic\u00f3w w imieniu Organizator\u00f3w powita\u0142 p. Tadeusz Danaj z Klubu Sportowego \u201eWicher\u201d Sadowne, po czym \u2013 o godz. 11.00 &#8211; na tras\u0119 wyruszyli zawodnicy marszu Nordic Walking, a kilka minut p\u00f3\u017aniej \u2013 o godz. 11.15 &#8211; biegacze.<\/p>\n<p>Po uko\u0144czeniu zawod\u00f3w przez doros\u0142ych, Organizatorzy zagospodarowali te\u017c wolny czas najm\u0142odszym sportowcom poprzez ich udzia\u0142 w biegu na 800 m., na trasie zlokalizowanej w okolicach startu\/mety. W tym biegu wystartowa\u0142o dwudziestu sze\u015bciu zawodnik\u00f3w &#8211; wszyscy przekroczyli lini\u0119 mety i wszystkich uznano za zwyci\u0119zc\u00f3w biegu. Zostali uhonorowani medalami i otrzymali nagrody z r\u0105k Organizator\u00f3w.<\/p>\n<p>Na mecie r\u00f3wnie\u017c wszystkich ko\u0144cz\u0105cych bieg g\u0142\u00f3wny i marsz Nordic Walking uhonorowano okoliczno\u015bciowymi medalami.<\/p>\n<p><strong>Oficjalna klasyfikacja zawod\u00f3w przedstawia si\u0119 nast\u0119puj\u0105co:<\/strong><\/p>\n<p><span style=\"color: #0000ff;\"><strong>BIEG<\/strong><\/span><\/p>\n<p><strong>Kobiety OPEN<\/strong><\/p>\n<p>I miejsce \u2013 Magdalena Leszczy\u0144ska, Ostr\u00f3w Mazowiecka, 00:33:49.00<\/p>\n<p>II miejsce \u2013 Olga Nowak, Podborze, 00:34:43.64<\/p>\n<p>III miejsce \u2013 Katarzyna \u015aledziewska, Stary Luboty\u0144, 00:34:57.72<\/p>\n<p><span style=\"color: #0000ff;\"><strong>BIEG<\/strong><\/span><\/p>\n<p><strong>M\u0119\u017cczy\u017ani OPEN<\/strong><\/p>\n<p>I miejsce \u2013 Grzegorz \u015awi\u0119to\u0144, Strach\u00f3w, 00:25:12.95<\/p>\n<p>II miejsce \u2013 Patryk \u015awi\u0119tochowski, Mi\u0144sk Mazowiecki, 00:27:10.14<\/p>\n<p>III miejsce \u2013 Pawe\u0142 Nowak, Podborze, 00:27:43.45<\/p>\n<p><span style=\"color: #0000ff;\"><strong>Kobiety \u2013 Nordic Walking <\/strong><\/span><\/p>\n<p>I miejsce \u2013 Agnieszka Rejowska \u2013 Jurczak, Waler\u00f3w, 00:48:56.39<\/p>\n<p>II miejsce \u2013 Aneta Gromek, Ra\u017cny, 00:54:22.88<\/p>\n<p>III miejsce \u2013 Katarzyna Matusik, Ostr\u00f3wek, 00:57:18.77<\/p>\n<p><span style=\"color: #0000ff;\"><strong>M\u0119\u017cczy\u017ani \u2013 Nordic Walking <\/strong><\/span><\/p>\n<p>I miejsce \u2013 Dariusz Pu\u015bcian, Ra\u017cny, 00:59:09.27<\/p>\n<p>II miejsce \u2013 Piotr Pu\u015bcian, Ra\u017cny, 00:59:57.10<\/p>\n<p>III miejsce \u2013 Zbigniew W\u00f3jcik, Ra\u017cny, 01:03:39.91<\/p>\n<p><strong>Szczeg\u00f3\u0142owe wyniki, w tym w kategoriach wiekowych, s\u0105 dost\u0119pne na stronie \u00a0<\/strong><span style=\"color: #0000ff;\"><a style=\"color: #0000ff;\" href=\"http:\/\/www.chiptiming.pl\/pl\/zawody_szczegoly\/X-Nadbuzanska-Szostka\" target=\"_blank\" rel=\"noopener\"><strong>http:\/\/www.chiptiming.pl\/pl\/zawody_szczegoly\/X-Nadbuzanska-Szostka<\/strong><\/a><\/span><\/p>\n<p><strong>Puchary zwyci\u0119zcom Biegu w poszczeg\u00f3lnych kategoriach wr\u0119czali przedstawiciele Organizator\u00f3w:<\/strong> p. Ewa Pi\u00f3rkowska \u2013 Dyrektor Gminnego O\u015brodka Kultury w Sadowne i p. Marek Zas\u0142ona \u2013 so\u0142tys wsi Ra\u017cny.<\/p>\n<p>Po pocz\u0119stunku przygotowanym dla zawodnik\u00f3w przez Gminny O\u015brodek Kultury w Sadownem i Ko\u0142o Gospody\u0144 Wiejskich w Ra\u017cnach, tradycyjnie rozlosowano w\u015br\u00f3d uczestnik\u00f3w drobne upominki, kt\u00f3re zasponsorowali Organizatorzy.<\/p>\n<p>W imieniu Organizator\u00f3w ju\u017c teraz zapraszamy na przysz\u0142oroczny XI Bieg pn. \u201eNadbu\u017ca\u0144ska Sz\u00f3stka\u201d, kt\u00f3ry odb\u0119dzie si\u0119 w Ra\u017cnach \u2013 prawdopodobnie w pierwsz\u0105 niedziel\u0119 wrze\u015bnia 2025 roku.<\/p>\n<p>Organizatorzy dzi\u0119kuj\u0105 pracownikom Gminnego O\u015brodka Kultury w Sadownem za przygotowanie posi\u0142ku oraz obs\u0142ug\u0119 ca\u0142ej imprezy, so\u0142tysowi wsi Ra\u017cny p. Markowi Zas\u0142onie, mieszka\u0144com Ra\u017cen oraz druhom OSP Zalesie za pomoc w organizacji i zabezpieczeniu tej imprezy sportowej, a Samorz\u0105dowi Wojew\u00f3dztwa Mazowieckiego i w\u0142a\u015bcicielom sklepu Bodzon-Fodder za wsparcie finansowe.<\/p>\n<p><strong>Uwaga! Na koniec ciekawostka<\/strong> \u2013 kolejny raz w naszych zawodach na podium znalaz\u0142 si\u0119 Patryk \u015awi\u0119tochowski z Mi\u0144ska Mazowieckiego. Na swoim facebooku napisa\u0142 miesi\u0105c temu: <em>Dzi\u015b nad ranem, po wielogodzinnej burzy i przebiegni\u0119ciu 588 km ostatecznie zamykam ca\u0142e Polskie wybrze\u017ce z nowym rekordem trasy poprawionym o niemal 33 godziny. <\/em>Gratulujemy, a dla ciekawskich polecamy stron\u0119 <span style=\"color: #0000ff;\"><strong><a style=\"color: #0000ff;\" href=\"https:\/\/www.facebook.com\/p\/Patryk-%C5%9Awi%C4%99tochowski-Marathon-over-100087433893763\/\" target=\"_blank\" rel=\"noopener\">https:\/\/www.facebook.com\/p\/Patryk-%C5%9Awi%C4%99tochowski-Marathon-over-100087433893763\/<\/a><\/strong><\/span><\/p>\n<p><span style=\"color: #0000ff;\"><a style=\"color: #0000ff;\" href=\"https:\/\/photos.app.goo.gl\/KeDMBwZ54ZYeXnWz5\" target=\"_blank\" rel=\"noopener\"><strong>Zdj\u0119cia w Galerii Google&gt;&gt;&gt;<\/strong><\/a><\/span><\/p>\n<p><strong>Tekst\/foto:\u00a0S\u0142awek Chyli\u0144ski<\/strong><\/p>\n<p>&nbsp;<\/p>\n","protected":false},"excerpt":{"rendered":"<p>Ju\u017c dziesi\u0105ta edycja Biegu \u201eNadbu\u017ca\u0144ska Sz\u00f3stka\u201d i kolejna w Ra\u017cnach. Ponad sze\u015bciokilometrow\u0105 tras\u0119 najszybciej pokona\u0142 Grzegorz \u015awi\u0119to\u0144.<\/p>\n","protected":false},"author":1,"featured_media":0,"comment_status":"closed","ping_status":"closed","sticky":false,"template":"","format":"standard","meta":{"footnotes":""},"categories":[5,2135,91,6,3627,7],"tags":[1590,2846,2622,4169],"class_list":["post-29274","post","type-post","status-publish","format-standard","hentry","category-newsy","category-bieganie","category-gminny-osrodek-kultury","category-kultura-rozrywka-edukacja","category-nordic-walking","category-sport","tag-bieganie","tag-marsz-nordic-walking","tag-razny","tag-x-nadbuzanska-szostka"],"views":2043,"_links":{"self":[{"href":"https:\/\/info.sadowne.pl\/index.php?rest_route=\/wp\/v2\/posts\/29274","targetHints":{"allow":["GET"]}}],"collection":[{"href":"https:\/\/info.sadowne.pl\/index.php?rest_route=\/wp\/v2\/posts"}],"about":[{"href":"https:\/\/info.sadowne.pl\/index.php?rest_route=\/wp\/v2\/types\/post"}],"author":[{"embeddable":true,"href":"https:\/\/info.sadowne.pl\/index.php?rest_route=\/wp\/v2\/users\/1"}],"replies":[{"embeddable":true,"href":"https:\/\/info.sadowne.pl\/index.php?rest_route=%2Fwp%2Fv2%2Fcomments&post=29274"}],"version-history":[{"count":1,"href":"https:\/\/info.sadowne.pl\/index.php?rest_route=\/wp\/v2\/posts\/29274\/revisions"}],"predecessor-version":[{"id":29276,"href":"https:\/\/info.sadowne.pl\/index.php?rest_route=\/wp\/v2\/posts\/29274\/revisions\/29276"}],"wp:attachment":[{"href":"https:\/\/info.sadowne.pl\/index.php?rest_route=%2Fwp%2Fv2%2Fmedia&parent=29274"}],"wp:term":[{"taxonomy":"category","embeddable":true,"href":"https:\/\/info.sadowne.pl\/index.php?rest_route=%2Fwp%2Fv2%2Fcategories&post=29274"},{"taxonomy":"post_tag","embeddable":true,"href":"https:\/\/info.sadowne.pl\/index.php?rest_route=%2Fwp%2Fv2%2Ftags&post=29274"}],"curies":[{"name":"wp","href":"https:\/\/api.w.org\/{rel}","templated":true}]}}