{"id":29277,"date":"2024-08-26T12:56:13","date_gmt":"2024-08-26T10:56:13","guid":{"rendered":"http:\/\/info.sadowne.pl\/?p=29277"},"modified":"2024-08-26T12:56:13","modified_gmt":"2024-08-26T10:56:13","slug":"kronika-strazacka-19-25-08-2024","status":"publish","type":"post","link":"https:\/\/info.sadowne.pl\/?p=29277","title":{"rendered":"Kronika stra\u017cacka 19 &#8211; 25.08.2024"},"content":{"rendered":"<p><strong><a href=\"http:\/\/info.sadowne.pl\/wp-content\/uploads\/2023\/06\/straz3-scaled.jpg\"><img loading=\"lazy\" decoding=\"async\" class=\"alignleft size-thumbnail wp-image-27687\" src=\"http:\/\/info.sadowne.pl\/wp-content\/uploads\/2023\/06\/straz3-180x130.jpg\" alt=\"\" width=\"180\" height=\"130\" \/><\/a>W<\/strong><strong> okresie<\/strong><strong> 19 &#8211; 25.08.2024 na<\/strong><strong> terenie<\/strong><strong> powiatu<\/strong><strong> w\u0119growskiego<\/strong><strong> zanotowano:<\/strong><strong> 22 zdarzenia,<\/strong><strong> przy<\/strong><strong> kt\u00f3rych<\/strong><strong> interweniowa\u0142y<\/strong><strong> jednostki<\/strong><strong> ochrony<\/strong><strong> przeciwpo\u017carowej, w tym:<\/strong><strong> 20 miejscowych zagro\u017ce\u0144, 1 po\u017car i 1 alarm fa\u0142szywy.<\/strong><!--more--><\/p>\n<p><strong>19.08.2024 \u2013 Stoczek, ul. W\u0119growska \u2013 zalana droga na odcinku 200m.<\/strong><\/p>\n<p>Przyby\u0142e na miejsce zast\u0119py OSP Stoczek w wyniku rozpoznania ustali\u0142y, i\u017c intensywne opady deszczu spowodowa\u0142y zalanie drogi powiatowej i chodnika na d\u0142ugo\u015bci ok 200m i g\u0142\u0119boko\u015bci oko\u0142o 30cm. Zalana r\u00f3wnie\u017c zosta\u0142a piwnica budynku gminnego po\u0142o\u017conego bezpo\u015brednio przy drodze. Zast\u0119py sprawi\u0142y dwie motopompy szlamowe i dwie motopompy p\u0142ywaj\u0105ce i wypompowa\u0142y wod\u0119 z zalanego obszaru i obiektu na ni\u017cej po\u0142o\u017cone tereny le\u015bne.<\/p>\n<p>W DZIA\u0141ANIACH RATOWNICZYCH UDZIA\u0141 BRA\u0141O: 2 zast\u0119py, 10 ratownik\u00f3w.<\/p>\n<p><strong>24.08.2024 \u2013 \u0141ojki, gm. \u0141och\u00f3w \u2013 po\u017car samochodu osobowego.<\/strong><\/p>\n<p>Kierowca opu\u015bci\u0142 pojazd samodzielnie. Z informacji uzyskanych od kieruj\u0105cego ustalono, \u017ce jecha\u0142 sam. Dzia\u0142ania zast\u0119p\u00f3w polega\u0142y na zabezpieczeniu miejsca zdarzenia oraz podaniu jednego pr\u0105du wody w natarciu na pal\u0105cy si\u0119 pojazd. Po ugaszeniu po\u017caru i przybyciu Policji, miejsce zdarzenia i kieruj\u0105cego przekazano policjantom.<\/p>\n<p>W DZIA\u0141ANIACH RATOWNICZYCH UDZIA\u0141 BRA\u0141O: 2 zast\u0119py, 10 ratownik\u00f3w.<\/p>\n<p><strong>25.08.2024 \u2013 Adam\u00f3w, gm. Wierzbno \u2013 wypadek motocyklisty, zabezpieczenie LPR.<\/strong><strong>\u00a0<\/strong><\/p>\n<p>Po doje\u017adzie na miejsce zdarzenia pierwszego zast\u0119pu LPR by\u0142 ju\u017c na miejscu. Wypadkowi uleg\u0142 motocyklista, kt\u00f3ry wywr\u00f3ci\u0142 si\u0119 i dozna\u0142 niewielkich obtar\u0107 cia\u0142a. Dzia\u0142ania zast\u0119p\u00f3w polega\u0142y na zabezpieczeniu miejsca zdarzenia. Po odlocie LPR i odje\u017adzie ZRM z osob\u0105 poszkodowan\u0105 dzia\u0142ania zako\u0144czono i zast\u0119py powr\u00f3ci\u0142y do bazy.<\/p>\n<p>W DZIA\u0141ANIACH RATOWNICZYCH UDZIA\u0141 BRA\u0141O: 2 zast\u0119py, 9 ratownik\u00f3w.<\/p>\n<p><strong>KP PSP W\u0119gr\u00f3w<\/strong><\/p>\n<p>&nbsp;<\/p>\n","protected":false},"excerpt":{"rendered":"<p>W okresie 19 &#8211; 25.08.2024 na terenie powiatu w\u0119growskiego zanotowano: 22 zdarzenia, przy kt\u00f3rych interweniowa\u0142y jednostki ochrony przeciwpo\u017carowej, w tym: 20 miejscowych zagro\u017ce\u0144, 1 po\u017car i 1 alarm fa\u0142szywy.<\/p>\n","protected":false},"author":1,"featured_media":0,"comment_status":"closed","ping_status":"closed","sticky":false,"template":"","format":"standard","meta":{"footnotes":""},"categories":[5,4,267],"tags":[491,643],"class_list":["post-29277","post","type-post","status-publish","format-standard","hentry","category-newsy","category-policja-straz-pozarna-pogotowie-ratunkowe","category-straz-pozarna-policja-straz-pozarna-pogotowie-ratunkowe","tag-komenda-powiatowa-panstwowej-strazy-pozarnej-w-wegrowie","tag-kronika-strazacka"],"views":1355,"_links":{"self":[{"href":"https:\/\/info.sadowne.pl\/index.php?rest_route=\/wp\/v2\/posts\/29277","targetHints":{"allow":["GET"]}}],"collection":[{"href":"https:\/\/info.sadowne.pl\/index.php?rest_route=\/wp\/v2\/posts"}],"about":[{"href":"https:\/\/info.sadowne.pl\/index.php?rest_route=\/wp\/v2\/types\/post"}],"author":[{"embeddable":true,"href":"https:\/\/info.sadowne.pl\/index.php?rest_route=\/wp\/v2\/users\/1"}],"replies":[{"embeddable":true,"href":"https:\/\/info.sadowne.pl\/index.php?rest_route=%2Fwp%2Fv2%2Fcomments&post=29277"}],"version-history":[{"count":1,"href":"https:\/\/info.sadowne.pl\/index.php?rest_route=\/wp\/v2\/posts\/29277\/revisions"}],"predecessor-version":[{"id":29278,"href":"https:\/\/info.sadowne.pl\/index.php?rest_route=\/wp\/v2\/posts\/29277\/revisions\/29278"}],"wp:attachment":[{"href":"https:\/\/info.sadowne.pl\/index.php?rest_route=%2Fwp%2Fv2%2Fmedia&parent=29277"}],"wp:term":[{"taxonomy":"category","embeddable":true,"href":"https:\/\/info.sadowne.pl\/index.php?rest_route=%2Fwp%2Fv2%2Fcategories&post=29277"},{"taxonomy":"post_tag","embeddable":true,"href":"https:\/\/info.sadowne.pl\/index.php?rest_route=%2Fwp%2Fv2%2Ftags&post=29277"}],"curies":[{"name":"wp","href":"https:\/\/api.w.org\/{rel}","templated":true}]}}