{"id":29290,"date":"2024-08-28T13:48:01","date_gmt":"2024-08-28T11:48:01","guid":{"rendered":"http:\/\/info.sadowne.pl\/?p=29290"},"modified":"2024-08-28T13:48:01","modified_gmt":"2024-08-28T11:48:01","slug":"sadowianki-narodowe-swietowanie","status":"publish","type":"post","link":"https:\/\/info.sadowne.pl\/?p=29290","title":{"rendered":"Sadowianki &#8211; narodowe \u015bwi\u0119towanie"},"content":{"rendered":"<p><strong><a href=\"http:\/\/info.sadowne.pl\/wp-content\/uploads\/2024\/08\/sad1088.jpg\"><img loading=\"lazy\" decoding=\"async\" class=\"alignleft size-thumbnail wp-image-29295\" src=\"http:\/\/info.sadowne.pl\/wp-content\/uploads\/2024\/08\/sad1088-180x130.jpg\" alt=\"\" width=\"180\" height=\"130\" \/><\/a>SADOWNE &#8211; <\/strong><strong>24 pa\u017adziernika 2022 roku &#8211; <\/strong><strong>Sesja Rady Gminy.<\/strong><!--more--><\/p>\n<p><strong>Zesp\u00f3\u0142 \u015apiewaczy Sadowianki <\/strong>otrzyma\u0142 zaproszenie na Sesj\u0119 Rady Gminy Sadowne.<\/p>\n<p style=\"text-align: center;\"><a href=\"http:\/\/info.sadowne.pl\/wp-content\/uploads\/2024\/08\/sad1085.jpg\"><img loading=\"lazy\" decoding=\"async\" class=\"size-full wp-image-29292 aligncenter\" src=\"http:\/\/info.sadowne.pl\/wp-content\/uploads\/2024\/08\/sad1085.jpg\" alt=\"\" width=\"601\" height=\"580\" srcset=\"https:\/\/info.sadowne.pl\/wp-content\/uploads\/2024\/08\/sad1085.jpg 601w, https:\/\/info.sadowne.pl\/wp-content\/uploads\/2024\/08\/sad1085-300x290.jpg 300w\" sizes=\"auto, (max-width: 601px) 100vw, 601px\" \/><\/a><\/p>\n<p style=\"text-align: center;\">G\u0142\u00f3wnym punktem tego spotkania by\u0142o podzi\u0119kowanie<\/p>\n<h3 style=\"text-align: center;\"><span style=\"color: #ff0000;\"><em><strong>Zespo<\/strong><strong>\u0142<\/strong><strong>owi <\/strong><strong>\u015a<\/strong><strong>piewaczemu Sadowianki<\/strong><\/em><\/span><\/h3>\n<h4 style=\"text-align: center;\"><span style=\"color: #000080;\"><em>Przede wszystkim <\/em><\/span><\/h4>\n<p>za pi\u0119kny i tw\u00f3rczy wyst\u0119p artystyczny w Gminno-Parafialnych Do\u017cynkach, za zaanga\u017cowanie w dzia\u0142alno\u015b\u0107 spo\u0142eczn\u0105, popularyzowanie tradycji kultury naszego regionu, w wa\u017cnych uroczysto\u015bciach pa\u0144stwowych na terenie gminy i nie tylko, za wysok\u0105 wra\u017cliwo\u015b\u0107 artystyczn\u0105, za piel\u0119gnowanie i przekazywanie nast\u0119pnym pokoleniom tego, co pi\u0119kne, dobre i szlachetne.<\/p>\n<p style=\"text-align: center;\"><strong>Za to, \u017ce jeste\u015bmy i dzia\u0142amy!<\/strong><\/p>\n<p><strong> <a href=\"http:\/\/info.sadowne.pl\/wp-content\/uploads\/2024\/08\/sad1086.jpg\"><img loading=\"lazy\" decoding=\"async\" class=\"aligncenter size-full wp-image-29293\" src=\"http:\/\/info.sadowne.pl\/wp-content\/uploads\/2024\/08\/sad1086.jpg\" alt=\"\" width=\"328\" height=\"147\" srcset=\"https:\/\/info.sadowne.pl\/wp-content\/uploads\/2024\/08\/sad1086.jpg 328w, https:\/\/info.sadowne.pl\/wp-content\/uploads\/2024\/08\/sad1086-300x134.jpg 300w\" sizes=\"auto, (max-width: 328px) 100vw, 328px\" \/><\/a><\/strong><\/p>\n<p style=\"text-align: center;\"><span style=\"color: #000080;\"><strong>TOP\u00d3R <\/strong><\/span><\/p>\n<p style=\"text-align: center;\"><span style=\"color: #000080;\"><strong>10 listopada 2022 roku <\/strong><\/span><\/p>\n<p style=\"text-align: center;\"><span style=\"color: #0000ff;\"><span style=\"color: #ff0000;\"><strong>\u015awi\u0119to Niepodleg\u0142o\u015bci<\/strong><\/span><\/span><\/p>\n<p>10 listopada w Zespole O\u015bwiatowym w Toporze odby\u0142a si\u0119 uroczysto\u015b\u0107 upami\u0119tniaj\u0105ca odzyskanie niepodleg\u0142o\u015bci przez Polsk\u0119 w 1918 roku.<\/p>\n<p>Na t\u0119 uroczysto\u015b\u0107, kt\u00f3ra mia\u0142a miejsce\u00a0 w przeddzie\u0144 Narodowego \u015awi\u0119ta Niepodleg\u0142o\u015bci dyrektor szko\u0142y <strong>pani Marlena Michnierowska<\/strong> zaprosi\u0142a nasz <strong>Zesp\u00f3\u0142 \u015apiewaczy Sadowianki. <\/strong>Uroczysto\u015b\u0107 rozpocz\u0119li\u015bmy wsp\u00f3lnym od\u015bpiewaniem hymnu narodowego. Jako zesp\u00f3\u0142 podziwiali\u015bmy umiej\u0119tno\u015bci najm\u0142odszych dzieci, kt\u00f3re zna\u0142y wszystkie zwrotki naszego hymnu i \u015bpiewa\u0142y razem z nami. <strong>Brawo dla Dyrekcji i Nauczycieli!<\/strong><\/p>\n<p>Nast\u0119pnie pani Dyrektor powiedzia\u0142a kilka s\u0142\u00f3w o znaczeniu tego \u015bwi\u0119ta i udzieli\u0142a nam g\u0142osu.<\/p>\n<p><a href=\"http:\/\/info.sadowne.pl\/wp-content\/uploads\/2024\/08\/sad1087.jpg\"><img loading=\"lazy\" decoding=\"async\" class=\"aligncenter size-full wp-image-29294\" src=\"http:\/\/info.sadowne.pl\/wp-content\/uploads\/2024\/08\/sad1087.jpg\" alt=\"\" width=\"423\" height=\"628\" srcset=\"https:\/\/info.sadowne.pl\/wp-content\/uploads\/2024\/08\/sad1087.jpg 423w, https:\/\/info.sadowne.pl\/wp-content\/uploads\/2024\/08\/sad1087-202x300.jpg 202w\" sizes=\"auto, (max-width: 423px) 100vw, 423px\" \/><\/a><\/p>\n<p style=\"text-align: center;\">Zacz\u0119li\u015bmy piosenk\u0105:<\/p>\n<p style=\"text-align: center;\"><strong>,,Wszyscy tu przyszli\u015bmy, aby was powita\u0107\u201d<\/strong><\/p>\n<p><a href=\"http:\/\/info.sadowne.pl\/wp-content\/uploads\/2024\/08\/sad1088.jpg\"><img loading=\"lazy\" decoding=\"async\" class=\"aligncenter size-full wp-image-29295\" src=\"http:\/\/info.sadowne.pl\/wp-content\/uploads\/2024\/08\/sad1088.jpg\" alt=\"\" width=\"603\" height=\"269\" srcset=\"https:\/\/info.sadowne.pl\/wp-content\/uploads\/2024\/08\/sad1088.jpg 603w, https:\/\/info.sadowne.pl\/wp-content\/uploads\/2024\/08\/sad1088-300x134.jpg 300w\" sizes=\"auto, (max-width: 603px) 100vw, 603px\" \/><\/a><\/p>\n<p>Repertuar nasz sk\u0142ada\u0142 si\u0119 w pierwszej cz\u0119\u015bci z pie\u015bni patriotycznych, a drugiej weso\u0142ej, takiej by publiczno\u015b\u0107 mog\u0142a w\u0142\u0105czy\u0107 si\u0119 do \u015bpiewania. Niekt\u00f3re z naszych piosenek znane by\u0142y uczniom, inne za\u015b nie. Jednak mimo wszystko przez ca\u0142y koncert humory dopisywa\u0142y naszej m\u0142odej publiczno\u015bci.<\/p>\n<p><a href=\"http:\/\/info.sadowne.pl\/wp-content\/uploads\/2024\/08\/sad1089.jpg\"><img loading=\"lazy\" decoding=\"async\" class=\"aligncenter size-full wp-image-29296\" src=\"http:\/\/info.sadowne.pl\/wp-content\/uploads\/2024\/08\/sad1089.jpg\" alt=\"\" width=\"603\" height=\"269\" srcset=\"https:\/\/info.sadowne.pl\/wp-content\/uploads\/2024\/08\/sad1089.jpg 603w, https:\/\/info.sadowne.pl\/wp-content\/uploads\/2024\/08\/sad1089-300x134.jpg 300w\" sizes=\"auto, (max-width: 603px) 100vw, 603px\" \/><\/a><\/p>\n<p>&nbsp;<\/p>\n<p style=\"text-align: center;\"><strong>SADOWIANKI<\/strong><\/p>\n<p><strong>\u00a0<\/strong><\/p>\n<p><a href=\"http:\/\/info.sadowne.pl\/wp-content\/uploads\/2024\/08\/sad1090.jpg\"><img loading=\"lazy\" decoding=\"async\" class=\"aligncenter size-full wp-image-29297\" src=\"http:\/\/info.sadowne.pl\/wp-content\/uploads\/2024\/08\/sad1090.jpg\" alt=\"\" width=\"599\" height=\"200\" srcset=\"https:\/\/info.sadowne.pl\/wp-content\/uploads\/2024\/08\/sad1090.jpg 599w, https:\/\/info.sadowne.pl\/wp-content\/uploads\/2024\/08\/sad1090-300x100.jpg 300w\" sizes=\"auto, (max-width: 599px) 100vw, 599px\" \/><\/a><\/p>\n<p><a href=\"http:\/\/info.sadowne.pl\/wp-content\/uploads\/2024\/08\/sad1091.jpg\"><img loading=\"lazy\" decoding=\"async\" class=\"aligncenter size-full wp-image-29298\" src=\"http:\/\/info.sadowne.pl\/wp-content\/uploads\/2024\/08\/sad1091.jpg\" alt=\"\" width=\"603\" height=\"269\" srcset=\"https:\/\/info.sadowne.pl\/wp-content\/uploads\/2024\/08\/sad1091.jpg 603w, https:\/\/info.sadowne.pl\/wp-content\/uploads\/2024\/08\/sad1091-300x134.jpg 300w\" sizes=\"auto, (max-width: 603px) 100vw, 603px\" \/><\/a><\/p>\n<p>Na koniec Pani Dyrektor z uczniami podzi\u0119kowa\u0142a zespo\u0142owi za\u00a0 pi\u0119kny koncert oraz go\u015bciom specjalnym zaproszonym na t\u0119 okoliczno\u015b\u0107. Powiedzia\u0142a: <strong>&#8211; ,,Cieszymy si\u0119 bardzo, \u017ce mogli\u015bmy w nasze \u015bwi\u0119towanie w\u0142\u0105czy\u0107 spo\u0142eczno\u015b\u0107 lokaln\u0105. <\/strong><strong>Nasi go\u015bcie u\u015bwietnili nam ten dzie\u0144 wspania\u0142ym koncertem\u2026\u201d. <\/strong><\/p>\n<p><a href=\"http:\/\/info.sadowne.pl\/wp-content\/uploads\/2024\/08\/sad1092.jpg\"><img loading=\"lazy\" decoding=\"async\" class=\"aligncenter size-full wp-image-29299\" src=\"http:\/\/info.sadowne.pl\/wp-content\/uploads\/2024\/08\/sad1092.jpg\" alt=\"\" width=\"601\" height=\"268\" srcset=\"https:\/\/info.sadowne.pl\/wp-content\/uploads\/2024\/08\/sad1092.jpg 601w, https:\/\/info.sadowne.pl\/wp-content\/uploads\/2024\/08\/sad1092-300x134.jpg 300w\" sizes=\"auto, (max-width: 601px) 100vw, 601px\" \/><\/a><\/p>\n<p><strong>\u00a0<\/strong><strong>,,Jeszcze raz dzi\u0119kujemy cz\u0142onkom zespo\u0142u Sadowianki za przyj\u0119cie <\/strong><strong>zaproszenia na nasz\u0105 uroczysto\u015b\u0107. Planujemy ju\u017c kolejne spotkania. <\/strong><strong>By\u0142a to pi\u0119kna lekcja patriotyzmu\u201d.<\/strong><\/p>\n<p><strong> <a href=\"http:\/\/info.sadowne.pl\/wp-content\/uploads\/2024\/08\/sad1093.jpg\"><img loading=\"lazy\" decoding=\"async\" class=\"aligncenter size-full wp-image-29300\" src=\"http:\/\/info.sadowne.pl\/wp-content\/uploads\/2024\/08\/sad1093.jpg\" alt=\"\" width=\"599\" height=\"266\" srcset=\"https:\/\/info.sadowne.pl\/wp-content\/uploads\/2024\/08\/sad1093.jpg 599w, https:\/\/info.sadowne.pl\/wp-content\/uploads\/2024\/08\/sad1093-300x133.jpg 300w\" sizes=\"auto, (max-width: 599px) 100vw, 599px\" \/><\/a><\/strong><\/p>\n<p style=\"text-align: center;\">Uczniowie wr\u0119czaj\u0105 upominek dla zespo\u0142u<\/p>\n<p><strong><a href=\"http:\/\/info.sadowne.pl\/wp-content\/uploads\/2024\/08\/sad1094.jpg\"><img loading=\"lazy\" decoding=\"async\" class=\"aligncenter size-full wp-image-29301\" src=\"http:\/\/info.sadowne.pl\/wp-content\/uploads\/2024\/08\/sad1094.jpg\" alt=\"\" width=\"603\" height=\"269\" srcset=\"https:\/\/info.sadowne.pl\/wp-content\/uploads\/2024\/08\/sad1094.jpg 603w, https:\/\/info.sadowne.pl\/wp-content\/uploads\/2024\/08\/sad1094-300x134.jpg 300w\" sizes=\"auto, (max-width: 603px) 100vw, 603px\" \/><\/a>\u00a0<\/strong><\/p>\n<p>Pani dyrektor przys\u0142a\u0142a jeszcze sms-a o tre\u015bci: <strong>&#8211; ,<span style=\"color: #ff0000;\">, Witam. Chcia<\/span><\/strong><span style=\"color: #ff0000;\"><strong>\u0142<\/strong><strong>am jeszcze raz podzi<\/strong><strong>\u0119<\/strong><strong>kowa<\/strong><strong>\u0107<\/strong><strong> za tak pi<\/strong><strong>\u0119<\/strong><strong>kny wyst<\/strong><strong>\u0119<\/strong><strong>p. Jeste<\/strong><strong>\u015b<\/strong><strong>my pod ogromnym wra<\/strong><strong>\u017c<\/strong><strong>eniem <\/strong><strong>i ju<\/strong><strong>\u017c<\/strong><strong> chcemy Pa<\/strong><strong>\u0144<\/strong><strong>stwa zaprosi<\/strong><strong>\u0107<\/strong><strong> na kiermasz bo<\/strong><strong>\u017c<\/strong><strong>onarodzeniowy, kt\u00f3ry odb<\/strong><strong>\u0119<\/strong><strong>dzie si<\/strong><strong>\u0119<\/strong><strong> 11 grudnia. Jeszcze raz serdecznie dzi<\/strong><strong>\u0119<\/strong><strong>kuj<\/strong><strong>\u0119<\/strong><strong> i pozdrawiam\u201d<\/strong><\/span><\/p>\n<p style=\"text-align: center;\"><span style=\"color: #000080;\"><strong>I w\u0142a\u015bnie dla takich chwil chce si\u0119 przychodzi\u0107 na pr\u00f3by, szuka\u0107 nowych tekst\u00f3w, pracowa\u0107, doskonali\u0107 si\u0119 i \u015bpiewa\u0107!<\/strong><\/span><strong>\u00a0<\/strong><\/p>\n<h3 style=\"text-align: center;\"><span style=\"color: #0000ff;\"><strong>SADOWNE<\/strong><\/span><\/h3>\n<h3 style=\"text-align: center;\"><span style=\"color: #0000ff;\"><strong>11 listopada 2022 roku<\/strong><\/span><\/h3>\n<p>W naszej gminie 11 listopada odby\u0142y si\u0119 uroczysto\u015bci zwi\u0105zane z obchodami 104 rocznicy odzyskania przez Polsk\u0119 Niepodleg\u0142o\u015bci.<\/p>\n<p><a href=\"http:\/\/info.sadowne.pl\/wp-content\/uploads\/2024\/08\/sad1095.jpg\"><img loading=\"lazy\" decoding=\"async\" class=\"aligncenter size-full wp-image-29302\" src=\"http:\/\/info.sadowne.pl\/wp-content\/uploads\/2024\/08\/sad1095.jpg\" alt=\"\" width=\"484\" height=\"456\" srcset=\"https:\/\/info.sadowne.pl\/wp-content\/uploads\/2024\/08\/sad1095.jpg 484w, https:\/\/info.sadowne.pl\/wp-content\/uploads\/2024\/08\/sad1095-300x283.jpg 300w\" sizes=\"auto, (max-width: 484px) 100vw, 484px\" \/><\/a><\/p>\n<p>Obchody Narodowego \u015awi\u0119ta Niepodleg\u0142o\u015bci rozpocz\u0119\u0142y si\u0119 od mszy \u015bwi\u0119tej, kt\u00f3r\u0105 celebrowa\u0142 w intencji Ojczyzny, Proboszcz Parafii <strong>ks. Antoni Kunicki<\/strong>. O godz. 12.00, na zako\u0144czenie mszy, wsp\u00f3lnie od\u015bpiewano hymn pa\u0144stwowy w ramach og\u00f3lnopolskiej akcji <strong>\u201eNiepodleg\u0142a do Hymnu\u201d. <\/strong>Nast\u0119pnie uczestnicy przemaszerowali pod pomnik <strong>Tadeusza Ko\u015bciuszki<\/strong>, gdzie poszczeg\u00f3lne delegacje z\u0142o\u017cy\u0142y kwiaty.<\/p>\n<p><a href=\"http:\/\/info.sadowne.pl\/wp-content\/uploads\/2024\/08\/sad1096.jpg\"><img loading=\"lazy\" decoding=\"async\" class=\"aligncenter size-full wp-image-29303\" src=\"http:\/\/info.sadowne.pl\/wp-content\/uploads\/2024\/08\/sad1096.jpg\" alt=\"\" width=\"608\" height=\"371\" srcset=\"https:\/\/info.sadowne.pl\/wp-content\/uploads\/2024\/08\/sad1096.jpg 608w, https:\/\/info.sadowne.pl\/wp-content\/uploads\/2024\/08\/sad1096-300x183.jpg 300w\" sizes=\"auto, (max-width: 608px) 100vw, 608px\" \/><\/a><\/p>\n<p><a href=\"http:\/\/info.sadowne.pl\/wp-content\/uploads\/2024\/08\/sad1097.jpg\"><img loading=\"lazy\" decoding=\"async\" class=\"aligncenter size-full wp-image-29304\" src=\"http:\/\/info.sadowne.pl\/wp-content\/uploads\/2024\/08\/sad1097.jpg\" alt=\"\" width=\"605\" height=\"435\" srcset=\"https:\/\/info.sadowne.pl\/wp-content\/uploads\/2024\/08\/sad1097.jpg 605w, https:\/\/info.sadowne.pl\/wp-content\/uploads\/2024\/08\/sad1097-300x216.jpg 300w, https:\/\/info.sadowne.pl\/wp-content\/uploads\/2024\/08\/sad1097-180x130.jpg 180w\" sizes=\"auto, (max-width: 605px) 100vw, 605px\" \/><\/a><\/p>\n<p style=\"text-align: center;\"><strong>Tomasz Szymanik \u2013 Przewodnicz\u0105cy Rady Gminy Sadowne , Waldemar Cyran \u2013 W\u00f3jt Gminy, mjr Tomasz Karkowski \u2013 reprezentuj\u0105cy Dow\u00f3dc\u0119 I Warszawskiej Brygady Pancernej im. Tadeusza Ko\u015bciuszki, ks. Antoni \u00a0Kunicki \u2013 proboszcz naszej parafii<\/strong><\/p>\n<p><strong> <a href=\"http:\/\/info.sadowne.pl\/wp-content\/uploads\/2024\/08\/sad1098.jpg\"><img loading=\"lazy\" decoding=\"async\" class=\"aligncenter size-full wp-image-29305\" src=\"http:\/\/info.sadowne.pl\/wp-content\/uploads\/2024\/08\/sad1098.jpg\" alt=\"\" width=\"601\" height=\"383\" srcset=\"https:\/\/info.sadowne.pl\/wp-content\/uploads\/2024\/08\/sad1098.jpg 601w, https:\/\/info.sadowne.pl\/wp-content\/uploads\/2024\/08\/sad1098-300x191.jpg 300w\" sizes=\"auto, (max-width: 601px) 100vw, 601px\" \/><\/a><\/strong><\/p>\n<p style=\"text-align: center;\"><strong>Delegacja OSP<\/strong><\/p>\n<p>Kolejna cz\u0119\u015b\u0107 uroczysto\u015bci odbywa\u0142a si\u0119 na parkingu przy Urz\u0119dzie Gminy, kt\u00f3r\u0105 poprowadzi\u0142 Zast\u0119pca W\u00f3jta Gminy Sadowne <strong>p. Marcin Gr\u0119da<\/strong>, a uczestnik\u00f3w uroczysto\u015bci powita\u0142 w\u00f3jt <strong>p. Waldemar Cyran<\/strong>. Po powitaniu nasta\u0142 czas na uroczyste wci\u0105gni\u0119cie flagi na maszt \u2013 z projektu zrealizowanego pod patronatem Prezesa Rady Ministr\u00f3w Mateusza Morawieckiego \u2013 \u00a0<strong>\u201ePod bia\u0142o-czerwon\u0105\u201d<\/strong> \u2013 oraz od\u015bpiewanie hymnu. Nowy maszt po\u015bwi\u0119ci\u0142 ks. Antoni Kunicki.<\/p>\n<p><a href=\"http:\/\/info.sadowne.pl\/wp-content\/uploads\/2024\/08\/sad1099.jpg\"><img loading=\"lazy\" decoding=\"async\" class=\"aligncenter size-full wp-image-29306\" src=\"http:\/\/info.sadowne.pl\/wp-content\/uploads\/2024\/08\/sad1099.jpg\" alt=\"\" width=\"493\" height=\"522\" srcset=\"https:\/\/info.sadowne.pl\/wp-content\/uploads\/2024\/08\/sad1099.jpg 493w, https:\/\/info.sadowne.pl\/wp-content\/uploads\/2024\/08\/sad1099-283x300.jpg 283w\" sizes=\"auto, (max-width: 493px) 100vw, 493px\" \/><\/a><\/p>\n<p><a href=\"http:\/\/info.sadowne.pl\/wp-content\/uploads\/2024\/08\/sad1100.jpg\"><img loading=\"lazy\" decoding=\"async\" class=\"aligncenter size-full wp-image-29307\" src=\"http:\/\/info.sadowne.pl\/wp-content\/uploads\/2024\/08\/sad1100.jpg\" alt=\"\" width=\"334\" height=\"757\" srcset=\"https:\/\/info.sadowne.pl\/wp-content\/uploads\/2024\/08\/sad1100.jpg 334w, https:\/\/info.sadowne.pl\/wp-content\/uploads\/2024\/08\/sad1100-132x300.jpg 132w\" sizes=\"auto, (max-width: 334px) 100vw, 334px\" \/><\/a><\/p>\n<p><a href=\"http:\/\/info.sadowne.pl\/wp-content\/uploads\/2024\/08\/sad1101.jpg\"><img loading=\"lazy\" decoding=\"async\" class=\"aligncenter size-full wp-image-29308\" src=\"http:\/\/info.sadowne.pl\/wp-content\/uploads\/2024\/08\/sad1101.jpg\" alt=\"\" width=\"511\" height=\"497\" srcset=\"https:\/\/info.sadowne.pl\/wp-content\/uploads\/2024\/08\/sad1101.jpg 511w, https:\/\/info.sadowne.pl\/wp-content\/uploads\/2024\/08\/sad1101-300x292.jpg 300w\" sizes=\"auto, (max-width: 511px) 100vw, 511px\" \/><\/a><\/p>\n<p style=\"text-align: center;\">Bractwo Kurkowe odda\u0142o salw\u0119 honorow\u0105 z kilku armat<\/p>\n<p>Zast\u0119pca W\u00f3jta <strong>p. Marcin Gr\u0119da<\/strong> \u2013przedstawi\u0142 dzieje bohater\u00f3w, dzi\u0119ki kt\u00f3rym Polska jest niepodleg\u0142a \u2013 na grobach lokalnych bohater\u00f3w przed rozpocz\u0119ciem uroczysto\u015bci symbolicznie zapalono znicze. Wicestarosta W\u0119growski <strong>p. Marek Renik<\/strong> r\u00f3wnie\u017c wspomnia\u0142 w kilku s\u0142owach bohater\u00f3w walcz\u0105cych o niepodleg\u0142o\u015b\u0107 Polski. Szczeg\u00f3ln\u0105 uwag\u0119 po\u015bwi\u0119ci\u0142 <strong>kapitanowi Kajetanowi Woli\u0144skiemu, <\/strong>uczestnikowi Powstania Listopadowego, kt\u00f3ry spoczywa na sadowie\u0144skim cmentarzu.<\/p>\n<p><a href=\"http:\/\/info.sadowne.pl\/wp-content\/uploads\/2024\/08\/sad1102.jpg\"><img loading=\"lazy\" decoding=\"async\" class=\"aligncenter size-full wp-image-29309\" src=\"http:\/\/info.sadowne.pl\/wp-content\/uploads\/2024\/08\/sad1102.jpg\" alt=\"\" width=\"347\" height=\"705\" srcset=\"https:\/\/info.sadowne.pl\/wp-content\/uploads\/2024\/08\/sad1102.jpg 347w, https:\/\/info.sadowne.pl\/wp-content\/uploads\/2024\/08\/sad1102-148x300.jpg 148w\" sizes=\"auto, (max-width: 347px) 100vw, 347px\" \/><\/a><\/p>\n<p>&nbsp;<\/p>\n<p><strong>P. Marek Renik<\/strong> odczyta\u0142 te\u017c list parlamentarzyst\u00f3w: p. senator RP <strong>Marii Koc<\/strong>, p. pos\u0142a na Sejm RP <strong>Macieja G\u00f3rskiego <\/strong>i europos\u0142a p. <strong>Adama Bielana<\/strong>, skierowany do uczestnik\u00f3w obchod\u00f3w Narodowego Dnia Niepodleg\u0142o\u015bci.<\/p>\n<p style=\"text-align: center;\">Na zako\u0144czenie oficjalnej cz\u0119\u015bci odby\u0142 si\u0119 wyst\u0119p naszego <strong>Zespo\u0142u \u015apiewaczego Sadowianki.<\/strong><\/p>\n<p style=\"text-align: center;\">Repertuar sk\u0142ada\u0142 si\u0119 z pie\u015bni patriotycznych.<\/p>\n<p style=\"text-align: center;\"><strong><a href=\"http:\/\/info.sadowne.pl\/wp-content\/uploads\/2024\/08\/sad1103.jpg\"><img loading=\"lazy\" decoding=\"async\" class=\"aligncenter size-full wp-image-29310\" src=\"http:\/\/info.sadowne.pl\/wp-content\/uploads\/2024\/08\/sad1103.jpg\" alt=\"\" width=\"603\" height=\"353\" srcset=\"https:\/\/info.sadowne.pl\/wp-content\/uploads\/2024\/08\/sad1103.jpg 603w, https:\/\/info.sadowne.pl\/wp-content\/uploads\/2024\/08\/sad1103-300x176.jpg 300w\" sizes=\"auto, (max-width: 603px) 100vw, 603px\" \/><\/a><\/strong><\/p>\n<p style=\"text-align: center;\"><strong><a href=\"http:\/\/info.sadowne.pl\/wp-content\/uploads\/2024\/08\/sad1104.jpg\"><img loading=\"lazy\" decoding=\"async\" class=\"aligncenter size-full wp-image-29311\" src=\"http:\/\/info.sadowne.pl\/wp-content\/uploads\/2024\/08\/sad1104.jpg\" alt=\"\" width=\"604\" height=\"308\" srcset=\"https:\/\/info.sadowne.pl\/wp-content\/uploads\/2024\/08\/sad1104.jpg 604w, https:\/\/info.sadowne.pl\/wp-content\/uploads\/2024\/08\/sad1104-300x153.jpg 300w\" sizes=\"auto, (max-width: 604px) 100vw, 604px\" \/><\/a>\u00a0<\/strong><\/p>\n<p style=\"text-align: center;\"><strong>Andrzej Olton, Piotr Olkowski, Hanna D\u0119bkowska, Zbigniew Danaj, Dorota Olkowska, Krystyna Wetoszka, Teresa W\u00f3jcik, Barbara Wr\u00f3bel, Teresa Biernat, Bogus\u0142awa Danaj, Jadwiga Borowa, Barbara Decyk, Wies\u0142awa St\u0119plikowska, Henryka Kibart, Teresa Piwek<\/strong><\/p>\n<p><a href=\"http:\/\/info.sadowne.pl\/wp-content\/uploads\/2024\/08\/sad1105.jpg\"><img loading=\"lazy\" decoding=\"async\" class=\"aligncenter size-full wp-image-29312\" src=\"http:\/\/info.sadowne.pl\/wp-content\/uploads\/2024\/08\/sad1105.jpg\" alt=\"\" width=\"603\" height=\"327\" srcset=\"https:\/\/info.sadowne.pl\/wp-content\/uploads\/2024\/08\/sad1105.jpg 603w, https:\/\/info.sadowne.pl\/wp-content\/uploads\/2024\/08\/sad1105-300x163.jpg 300w\" sizes=\"auto, (max-width: 603px) 100vw, 603px\" \/><\/a><\/p>\n<p style=\"text-align: center;\">Siedz\u0105ca i stoj\u0105ca publiczno\u015b\u0107 mimo do\u015b\u0107 ch\u0142odnej pogody \u015bpiewa\u0142a razem z zespo\u0142em patriotyczne pie\u015bni.<\/p>\n<p style=\"text-align: center;\">Dzi\u0119kujemy za pomoc!<\/p>\n<p><strong> <a href=\"http:\/\/info.sadowne.pl\/wp-content\/uploads\/2024\/08\/sad1106.jpg\"><img loading=\"lazy\" decoding=\"async\" class=\"aligncenter size-full wp-image-29313\" src=\"http:\/\/info.sadowne.pl\/wp-content\/uploads\/2024\/08\/sad1106.jpg\" alt=\"\" width=\"605\" height=\"415\" srcset=\"https:\/\/info.sadowne.pl\/wp-content\/uploads\/2024\/08\/sad1106.jpg 605w, https:\/\/info.sadowne.pl\/wp-content\/uploads\/2024\/08\/sad1106-300x206.jpg 300w\" sizes=\"auto, (max-width: 605px) 100vw, 605px\" \/><\/a><\/strong><\/p>\n<p><strong> <a href=\"http:\/\/info.sadowne.pl\/wp-content\/uploads\/2024\/08\/sad1107.jpg\"><img loading=\"lazy\" decoding=\"async\" class=\"aligncenter size-full wp-image-29314\" src=\"http:\/\/info.sadowne.pl\/wp-content\/uploads\/2024\/08\/sad1107.jpg\" alt=\"\" width=\"205\" height=\"140\" \/><\/a><\/strong><\/p>\n<p><strong>\u0179r\u00f3d\u0142o:<\/strong> SADOWIANKI, Barbara Wr\u00f3bel, Sadowne 2024<\/p>\n","protected":false},"excerpt":{"rendered":"<p>SADOWNE &#8211; 24 pa\u017adziernika 2022 roku &#8211; Sesja Rady Gminy.<\/p>\n","protected":false},"author":1,"featured_media":0,"comment_status":"closed","ping_status":"closed","sticky":false,"template":"","format":"standard","meta":{"footnotes":""},"categories":[5,31,1202],"tags":[101,960],"class_list":["post-29290","post","type-post","status-publish","format-standard","hentry","category-newsy","category-historia-gminy","category-zespol-spiewaczy-sadowianki","tag-historia-gminy-sadowne","tag-zespol-spiewaczy-sadowianki"],"views":1390,"_links":{"self":[{"href":"https:\/\/info.sadowne.pl\/index.php?rest_route=\/wp\/v2\/posts\/29290","targetHints":{"allow":["GET"]}}],"collection":[{"href":"https:\/\/info.sadowne.pl\/index.php?rest_route=\/wp\/v2\/posts"}],"about":[{"href":"https:\/\/info.sadowne.pl\/index.php?rest_route=\/wp\/v2\/types\/post"}],"author":[{"embeddable":true,"href":"https:\/\/info.sadowne.pl\/index.php?rest_route=\/wp\/v2\/users\/1"}],"replies":[{"embeddable":true,"href":"https:\/\/info.sadowne.pl\/index.php?rest_route=%2Fwp%2Fv2%2Fcomments&post=29290"}],"version-history":[{"count":2,"href":"https:\/\/info.sadowne.pl\/index.php?rest_route=\/wp\/v2\/posts\/29290\/revisions"}],"predecessor-version":[{"id":29315,"href":"https:\/\/info.sadowne.pl\/index.php?rest_route=\/wp\/v2\/posts\/29290\/revisions\/29315"}],"wp:attachment":[{"href":"https:\/\/info.sadowne.pl\/index.php?rest_route=%2Fwp%2Fv2%2Fmedia&parent=29290"}],"wp:term":[{"taxonomy":"category","embeddable":true,"href":"https:\/\/info.sadowne.pl\/index.php?rest_route=%2Fwp%2Fv2%2Fcategories&post=29290"},{"taxonomy":"post_tag","embeddable":true,"href":"https:\/\/info.sadowne.pl\/index.php?rest_route=%2Fwp%2Fv2%2Ftags&post=29290"}],"curies":[{"name":"wp","href":"https:\/\/api.w.org\/{rel}","templated":true}]}}