{"id":29317,"date":"2024-08-30T11:30:30","date_gmt":"2024-08-30T09:30:30","guid":{"rendered":"http:\/\/info.sadowne.pl\/?p=29317"},"modified":"2024-08-30T11:30:30","modified_gmt":"2024-08-30T09:30:30","slug":"o-poczatkach-szpitala-w-sterdyni","status":"publish","type":"post","link":"https:\/\/info.sadowne.pl\/?p=29317","title":{"rendered":"O pocz\u0105tkach szpitala w Sterdyni,"},"content":{"rendered":"<p><strong><a href=\"http:\/\/info.sadowne.pl\/wp-content\/uploads\/2024\/08\/Brok190.jpg\" target=\"_blank\" rel=\"noopener\"><img loading=\"lazy\" decoding=\"async\" class=\"alignleft wp-image-29318 size-thumbnail\" src=\"http:\/\/info.sadowne.pl\/wp-content\/uploads\/2024\/08\/Brok190-180x130.jpg\" alt=\"\" width=\"180\" height=\"130\" \/><\/a>\u2026w szabas tylko do sklepu pana Gutry, jak Boles\u0142aw Godlewski oszwabi\u0107 si\u0119 nie da\u0142, ambaras z pustymi cerkwiami.<\/strong><!--more--><\/p>\n<p>Wielokrotnie pisali\u015bmy na tych \u0142amach o dzielnych lekarzach ze sterdy\u0144skiego szpitala, zapewne pierwszego sta\u0142ego zak\u0142adu leczniczego w naszym regionie (by\u0142y szpitale np. w Bielsku, \u0141om\u017cy czy Siedlcach, ale odleg\u0142e od obszaru naszych zainteresowa\u0144). Czas dowiedzie\u0107 si\u0119 czego\u015b wi\u0119cej o pocz\u0105tkach tej jedynej w swoim rodzaju plac\u00f3wki.<\/p>\n<p>Od zachodu s\u0142o\u0144ca w pi\u0105tek, a\u017c do sobotniego wieczora nie zrobisz cz\u0142owieku porz\u0105dnych zakup\u00f3w w Ostrowi. W ca\u0142ej stolicy powiatu jest bowiem w\u00f3wczas otwarty tylko jeden sklepik. Ci\u0119\u017ck\u0105 sytuacj\u0119 kupuj\u0105cych pog\u0142\u0119bia fakt, \u017ce gdy wcze\u015bniejsi szynkuj\u0105cy trunkami ch\u0119tnie u\u017cyczali swych boskich napoj\u00f3w \u201ena krech\u0119\u201d, to po nastaniu pa\u0144stwowego monopolu zwyczaj ten niestety upad\u0142.<\/p>\n<p>Boles\u0142aw Godlewski jest najlepszym przyk\u0142adem jak du\u017ce korzy\u015bci, tak\u017ce te materialne, mo\u017cna odnie\u015b\u0107 z czytania. Oszu\u015bci pr\u00f3bowali zwie\u015b\u0107 tego mieszka\u0144ca Podg\u00f3rza i pozbawi\u0107 ci\u0119\u017cko zarobionych pieni\u0119dzy. Jednak nie z panem Boles\u0142awem takie numery, on ju\u017c bowiem nie raz czyta\u0142 o podobnych obwiesiach.<\/p>\n<p>Po ucieczce w lecie 1915 r. Rosjan na wsch\u00f3d, liczba cerkwi w niekt\u00f3rych rejonach kraju przekracza\u0142a liczb\u0119 wyznawc\u00f3w prawos\u0142awia. W gminie Sterdy\u0144 by\u0142y dwie cerkwie i wprawdzie nie wiadomo czy liczba os\u00f3b ucz\u0119szczaj\u0105cych do tych \u015bwi\u0105ty\u0144 by\u0142a mniejsza, czy te\u017c przekracza\u0142a cyfr\u0119 dwa, to lokalny korespondent \u201eZorzy\u201d zastanawia si\u0119 nad przysz\u0142o\u015bci\u0105 opuszczonych budynk\u00f3w.<\/p>\n<p><strong>Wi\u0119cej na stronie <span style=\"color: #0000ff;\"><a style=\"color: #0000ff;\" href=\"https:\/\/madzelan.cba.pl\/o-poczatkach-szpitala-w-sterdyni-w-szabas-tylko-do-sklepu-pana-gutry-jak-boleslaw-godlewski-oszwabic-sie-nie-dal-ambaras-z-pustymi-cerkwiami\/\" target=\"_blank\" rel=\"noopener\">https:\/\/madzelan.cba.pl\/o-poczatkach-szpitala-w-sterdyni-w-szabas-tylko-do-sklepu-pana-gutry-jak-boleslaw-godlewski-oszwabic-sie-nie-dal-ambaras-z-pustymi-cerkwiami\/<\/a><\/span><\/strong><\/p>\n<p>&nbsp;<\/p>\n","protected":false},"excerpt":{"rendered":"<p>\u2026w szabas tylko do sklepu pana Gutry, jak Boles\u0142aw Godlewski oszwabi\u0107 si\u0119 nie da\u0142, ambaras z pustymi cerkwiami.<\/p>\n","protected":false},"author":1,"featured_media":0,"comment_status":"closed","ping_status":"closed","sticky":false,"template":"","format":"standard","meta":{"footnotes":""},"categories":[5,3436,31],"tags":[3004,2956],"class_list":["post-29317","post","type-post","status-publish","format-standard","hentry","category-newsy","category-opowiesci-historie-legendy-brokowskie-i-nie-tylko","category-historia-gminy","tag-jerzy-madzelan","tag-opowiesci-historie-legendy-brokowskie-i-nie-tylko"],"views":1375,"_links":{"self":[{"href":"https:\/\/info.sadowne.pl\/index.php?rest_route=\/wp\/v2\/posts\/29317","targetHints":{"allow":["GET"]}}],"collection":[{"href":"https:\/\/info.sadowne.pl\/index.php?rest_route=\/wp\/v2\/posts"}],"about":[{"href":"https:\/\/info.sadowne.pl\/index.php?rest_route=\/wp\/v2\/types\/post"}],"author":[{"embeddable":true,"href":"https:\/\/info.sadowne.pl\/index.php?rest_route=\/wp\/v2\/users\/1"}],"replies":[{"embeddable":true,"href":"https:\/\/info.sadowne.pl\/index.php?rest_route=%2Fwp%2Fv2%2Fcomments&post=29317"}],"version-history":[{"count":1,"href":"https:\/\/info.sadowne.pl\/index.php?rest_route=\/wp\/v2\/posts\/29317\/revisions"}],"predecessor-version":[{"id":29319,"href":"https:\/\/info.sadowne.pl\/index.php?rest_route=\/wp\/v2\/posts\/29317\/revisions\/29319"}],"wp:attachment":[{"href":"https:\/\/info.sadowne.pl\/index.php?rest_route=%2Fwp%2Fv2%2Fmedia&parent=29317"}],"wp:term":[{"taxonomy":"category","embeddable":true,"href":"https:\/\/info.sadowne.pl\/index.php?rest_route=%2Fwp%2Fv2%2Fcategories&post=29317"},{"taxonomy":"post_tag","embeddable":true,"href":"https:\/\/info.sadowne.pl\/index.php?rest_route=%2Fwp%2Fv2%2Ftags&post=29317"}],"curies":[{"name":"wp","href":"https:\/\/api.w.org\/{rel}","templated":true}]}}