{"id":29323,"date":"2024-09-02T16:35:01","date_gmt":"2024-09-02T14:35:01","guid":{"rendered":"http:\/\/info.sadowne.pl\/?p=29323"},"modified":"2024-09-02T16:35:01","modified_gmt":"2024-09-02T14:35:01","slug":"kronika-strazacka-26-08-01-09-2024","status":"publish","type":"post","link":"https:\/\/info.sadowne.pl\/?p=29323","title":{"rendered":"Kronika stra\u017cacka 26.08 \u2013 01.09.2024"},"content":{"rendered":"<p><strong><a href=\"http:\/\/info.sadowne.pl\/wp-content\/uploads\/2023\/06\/straz3-scaled.jpg\"><img loading=\"lazy\" decoding=\"async\" class=\"alignleft size-thumbnail wp-image-27687\" src=\"http:\/\/info.sadowne.pl\/wp-content\/uploads\/2023\/06\/straz3-180x130.jpg\" alt=\"\" width=\"180\" height=\"130\" \/><\/a>W okresie od 26.08 do 01.09.2024 na terenie powiatu w\u0119growskiego odnotowano: 25 zdarze\u0144, przy kt\u00f3rych interweniowa\u0142y jednostki ochrony przeciwpo\u017carowej, w tym: 3 po\u017cary, 20 miejscowych zagro\u017ce\u0144, 2 alarmy fa\u0142szywe.<\/strong><!--more--><\/p>\n<p><strong>27.08.2024 \u2013 W\u0119gr\u00f3w, ul. T. Ko\u015bciuszki \u2013 wypadek drogowy.<\/strong><\/p>\n<p>Do wypadku zosta\u0142y zadysponowane dwa zast\u0119py JRG PSP oraz OSP W\u0119gr\u00f3w. Na miejscu stra\u017cacy stwierdzili, \u017ce dosz\u0142o do zdarzenia drogowego z udzia\u0142em samochodu osobowego. W wyniku zaistnia\u0142ej sytuacji pojazd znajdowa\u0142 si\u0119 poza pasem drogowy na prawym boku, w poje\u017adzie znajdowa\u0142a si\u0119 pasa\u017cerka (przytomna). Kierowca opu\u015bci\u0142 pojazd przed przybyciem stra\u017cy. Dzia\u0142ania zast\u0119pu polega\u0142y na zabezpieczeniu miejsca zdarzenia, ewakuowaniu pasa\u017cerki i przekazaniu ZRM, udzieleniu kwalifikowanej pierwszej pomocy kierowcy, zabezpieczeniu i ustabilizowaniu pojazdu. Na miejscu pozosta\u0142 zast\u0119p OSP &#8211; na pro\u015bb\u0119 Policji w celu pomocy w zabezpieczeniu miejsca zdarzenia podczas dzia\u0142a\u0144 dochodzeniowych. Po ich zako\u0144czeniu zast\u0119p wr\u00f3ci\u0142 do bazy.<\/p>\n<p>W DZIA\u0141ANIACH RATOWNICZYCH UDZIA\u0141 BRA\u0141O: 3 zast\u0119py, 13 ratownik\u00f3w.<\/p>\n<p><strong>30.08.2024 \u2013 Szumin, gm. \u0141och\u00f3w \u2013 pomoc Policji, starorzecze Bugu (denat).<\/strong><\/p>\n<p>Po dotarciu na miejsce zdarzenia i przeprowadzeniu rozpoznania KDR ustali\u0142, \u017ce nieopodal starorzecza Bugu znajduj\u0105 si\u0119 zw\u0119glone zw\u0142oki denata &#8211; na miejscu policja prowadzi czynno\u015bci. Na pro\u015bb\u0119 policji OSP Brzuza zwodowa\u0142a \u0142\u00f3d\u017a celem poszukiwa\u0144 potencjalnego miejsca biwakowania denata. OSP Brzuza dok\u0142adnie przeszuka\u0142a obydwa brzegi starorzecza bez wskazania potencjalnego miejsca biwakowania denata. Dzia\u0142ania zako\u0144czono po przekazaniu w\/w informacji prokuratorowi.<\/p>\n<p>W DZIA\u0141ANIACH RATOWNICZYCH UDZIA\u0141 BRA\u0141O: 4 zast\u0119py, 11 ratownik\u00f3w.<\/p>\n<p><strong>01.09.2024 \u2013 \u0141och\u00f3w, gm. \u0141och\u00f3w \u2013 wypadek drogowy.<\/strong><\/p>\n<p>Do zdarzenia zosta\u0142 zadysponowany zast\u0119p JRG PSP W\u0119gr\u00f3w &#8211; Posterunek Ostr\u00f3wek. Po przybyciu na miejsce zdarzenia stra\u017cacy stwierdzili, \u017ce auto BMW wjecha\u0142o do rowu,\u00a0 kieruj\u0105ca zaopatrywana przez ZRM, brak innych poszkodowanych. Dzia\u0142ania zast\u0119pu polega\u0142y na zabezpieczeniu miejsca zdarzenia oraz o\u015bwietleniu terenu akcji. Po przebadaniu osoby kieruj\u0105cej pojazdem i stwierdzeniu przez ZRM braku jakichkolwiek uraz\u00f3w, miejsce zdarzenia wraz z pojazdem zosta\u0142o przekazane w\u0142a\u015bcicielowi. Na tym dzia\u0142ania zako\u0144czono.<\/p>\n<p>W DZIA\u0141ANIACH RATOWNICZYCH UDZIA\u0141 BRA\u0141O: 1 zast\u0119p, 5 ratownik\u00f3w.<\/p>\n<p><strong>KP PSP W\u0119gr\u00f3w<\/strong><\/p>\n","protected":false},"excerpt":{"rendered":"<p>W okresie od 26.08 do 01.09.2024 na terenie powiatu w\u0119growskiego odnotowano: 25 zdarze\u0144, przy kt\u00f3rych interweniowa\u0142y jednostki ochrony przeciwpo\u017carowej, w tym: 3 po\u017cary, 20 miejscowych zagro\u017ce\u0144, 2 alarmy fa\u0142szywe.<\/p>\n","protected":false},"author":1,"featured_media":0,"comment_status":"closed","ping_status":"closed","sticky":false,"template":"","format":"standard","meta":{"footnotes":""},"categories":[5,4,267],"tags":[491,643],"class_list":["post-29323","post","type-post","status-publish","format-standard","hentry","category-newsy","category-policja-straz-pozarna-pogotowie-ratunkowe","category-straz-pozarna-policja-straz-pozarna-pogotowie-ratunkowe","tag-komenda-powiatowa-panstwowej-strazy-pozarnej-w-wegrowie","tag-kronika-strazacka"],"views":1481,"_links":{"self":[{"href":"https:\/\/info.sadowne.pl\/index.php?rest_route=\/wp\/v2\/posts\/29323","targetHints":{"allow":["GET"]}}],"collection":[{"href":"https:\/\/info.sadowne.pl\/index.php?rest_route=\/wp\/v2\/posts"}],"about":[{"href":"https:\/\/info.sadowne.pl\/index.php?rest_route=\/wp\/v2\/types\/post"}],"author":[{"embeddable":true,"href":"https:\/\/info.sadowne.pl\/index.php?rest_route=\/wp\/v2\/users\/1"}],"replies":[{"embeddable":true,"href":"https:\/\/info.sadowne.pl\/index.php?rest_route=%2Fwp%2Fv2%2Fcomments&post=29323"}],"version-history":[{"count":1,"href":"https:\/\/info.sadowne.pl\/index.php?rest_route=\/wp\/v2\/posts\/29323\/revisions"}],"predecessor-version":[{"id":29324,"href":"https:\/\/info.sadowne.pl\/index.php?rest_route=\/wp\/v2\/posts\/29323\/revisions\/29324"}],"wp:attachment":[{"href":"https:\/\/info.sadowne.pl\/index.php?rest_route=%2Fwp%2Fv2%2Fmedia&parent=29323"}],"wp:term":[{"taxonomy":"category","embeddable":true,"href":"https:\/\/info.sadowne.pl\/index.php?rest_route=%2Fwp%2Fv2%2Fcategories&post=29323"},{"taxonomy":"post_tag","embeddable":true,"href":"https:\/\/info.sadowne.pl\/index.php?rest_route=%2Fwp%2Fv2%2Ftags&post=29323"}],"curies":[{"name":"wp","href":"https:\/\/api.w.org\/{rel}","templated":true}]}}