{"id":29325,"date":"2024-09-02T16:47:21","date_gmt":"2024-09-02T14:47:21","guid":{"rendered":"http:\/\/info.sadowne.pl\/?p=29325"},"modified":"2024-09-02T17:02:26","modified_gmt":"2024-09-02T15:02:26","slug":"rozpoczelismy-nowy-rok-szkolny","status":"publish","type":"post","link":"https:\/\/info.sadowne.pl\/?p=29325","title":{"rendered":"Rozpocz\u0119li\u015bmy nowy rok szkolny"},"content":{"rendered":"<p><strong><a href=\"http:\/\/info.sadowne.pl\/wp-content\/uploads\/2024\/09\/2024.09.02.1.jpg\"><img loading=\"lazy\" decoding=\"async\" class=\"alignleft size-thumbnail wp-image-29326\" src=\"http:\/\/info.sadowne.pl\/wp-content\/uploads\/2024\/09\/2024.09.02.1-180x130.jpg\" alt=\"\" width=\"180\" height=\"130\" \/><\/a>Dzisiaj, po mszy \u015bw. w miejscowym ko\u015bciele parafialnym, o godzinie 9:15 w Szkole Podstawowej im. b\u0142. ks. Edwarda Grzyma\u0142y w Sadownem rozpocz\u0119\u0142a si\u0119 inauguracja roku szkolnego 2024\/2025. <\/strong><!--more--><\/p>\n<p>Na uroczysto\u015b\u0107 t\u0119 przyby\u0142 W\u00f3jt Gminy Sadowne Pan Waldemar Cyran. Oficjalna uroczysto\u015b\u0107 rozpocz\u0119\u0142a si\u0119 wprowadzeniem pocztu sztandarowego oraz od\u015bpiewaniem hymnu. Nast\u0119pnie, z racji 85. rocznicy wybuchu II wojny \u015bwiatowej, minut\u0105 ciszy upami\u0119tniono wszystkich sadowie\u0144skich patriot\u00f3w poleg\u0142ych i pomordowanych w tym okresie. Z tej okazji z\u0142o\u017cono r\u00f3wnie\u017c kwiaty pod pomnikiem znajduj\u0105cym si\u0119 na terenie szko\u0142y.<\/p>\n<p>Pani Dyrektor Ma\u0142gorzata Koro\u015b, powita\u0142a wszystkich zgromadzonych, szczeg\u00f3lnie uczni\u00f3w i dzieci przyby\u0142ych na t\u0119 uroczysto\u015b\u0107, po czym g\u0142os zabra\u0142 W\u00f3jt Gminy Sadowne Pan Waldemar Cyran. Z informacji przedstawionych przez pani\u0105 Dyrektor wynika, i\u017c w naszej plac\u00f3wce b\u0119dzie si\u0119 uczy\u0107 370 os\u00f3b, w tym 333. uczni\u00f3w szko\u0142y podstawowej oraz 37. dzieci w oddzia\u0142ach przedszkolnych, za\u015b kadr\u0119 pedagogiczn\u0105 stanowi 37. nauczycieli.<\/p>\n<p>\u017byczymy wszystkim uczniom sukces\u00f3w w zdobywaniu wiedzy i kolejnych umiej\u0119tno\u015bci. Powodzenia w nowym roku szkolnym.<\/p>\n\n\t\t<style type=\"text\/css\">\n\t\t\t#gallery-1 {\n\t\t\t\tmargin: auto;\n\t\t\t}\n\t\t\t#gallery-1 .gallery-item {\n\t\t\t\tfloat: left;\n\t\t\t\tmargin-top: 10px;\n\t\t\t\ttext-align: center;\n\t\t\t\twidth: 33%;\n\t\t\t}\n\t\t\t#gallery-1 img {\n\t\t\t\tborder: 2px solid #cfcfcf;\n\t\t\t}\n\t\t\t#gallery-1 .gallery-caption {\n\t\t\t\tmargin-left: 0;\n\t\t\t}\n\t\t\t\/* see gallery_shortcode() in wp-includes\/media.php *\/\n\t\t<\/style>\n\t\t<div id='gallery-1' class='gallery galleryid-29325 gallery-columns-3 gallery-size-thumbnail'><dl class='gallery-item'>\n\t\t\t<dt class='gallery-icon landscape'>\n\t\t\t\t<a href='https:\/\/info.sadowne.pl\/?attachment_id=29326'><img loading=\"lazy\" decoding=\"async\" width=\"180\" height=\"130\" src=\"https:\/\/info.sadowne.pl\/wp-content\/uploads\/2024\/09\/2024.09.02.1-180x130.jpg\" class=\"attachment-thumbnail size-thumbnail\" alt=\"\" \/><\/a>\n\t\t\t<\/dt><\/dl><dl class='gallery-item'>\n\t\t\t<dt class='gallery-icon landscape'>\n\t\t\t\t<a href='https:\/\/info.sadowne.pl\/?attachment_id=29327'><img loading=\"lazy\" decoding=\"async\" width=\"180\" height=\"130\" src=\"https:\/\/info.sadowne.pl\/wp-content\/uploads\/2024\/09\/2024.09.02.2-180x130.jpg\" class=\"attachment-thumbnail size-thumbnail\" alt=\"\" \/><\/a>\n\t\t\t<\/dt><\/dl><dl class='gallery-item'>\n\t\t\t<dt class='gallery-icon landscape'>\n\t\t\t\t<a href='https:\/\/info.sadowne.pl\/?attachment_id=29328'><img loading=\"lazy\" decoding=\"async\" width=\"180\" height=\"130\" src=\"https:\/\/info.sadowne.pl\/wp-content\/uploads\/2024\/09\/2024.09.02.3-180x130.jpg\" class=\"attachment-thumbnail size-thumbnail\" alt=\"\" \/><\/a>\n\t\t\t<\/dt><\/dl><br style=\"clear: both\" \/><dl class='gallery-item'>\n\t\t\t<dt class='gallery-icon landscape'>\n\t\t\t\t<a href='https:\/\/info.sadowne.pl\/?attachment_id=29329'><img loading=\"lazy\" decoding=\"async\" width=\"180\" height=\"130\" src=\"https:\/\/info.sadowne.pl\/wp-content\/uploads\/2024\/09\/2024.09.02.4-180x130.jpg\" class=\"attachment-thumbnail size-thumbnail\" alt=\"\" \/><\/a>\n\t\t\t<\/dt><\/dl>\n\t\t\t<br style='clear: both' \/>\n\t\t<\/div>\n\n<p><strong>Tekst\/foto:<\/strong> SP Sadowne<\/p>\n","protected":false},"excerpt":{"rendered":"<p>Dzisiaj, po mszy \u015bw. w miejscowym ko\u015bciele parafialnym, o godzinie 9:15 w Szkole Podstawowej im. b\u0142. ks. Edwarda Grzyma\u0142y w Sadownem rozpocz\u0119\u0142a si\u0119 inauguracja roku szkolnego 2024\/2025.<\/p>\n","protected":false},"author":1,"featured_media":0,"comment_status":"closed","ping_status":"closed","sticky":false,"template":"","format":"standard","meta":{"footnotes":""},"categories":[5,1752,84],"tags":[4185,16],"class_list":["post-29325","post","type-post","status-publish","format-standard","hentry","category-newsy","category-edukacja","category-szkola-podstawowa-im-cz-wycecha","tag-rozpoczecie-roku-szkolnego-2024-2025","tag-szkola-podstawowa-w-sadownem"],"views":1877,"_links":{"self":[{"href":"https:\/\/info.sadowne.pl\/index.php?rest_route=\/wp\/v2\/posts\/29325","targetHints":{"allow":["GET"]}}],"collection":[{"href":"https:\/\/info.sadowne.pl\/index.php?rest_route=\/wp\/v2\/posts"}],"about":[{"href":"https:\/\/info.sadowne.pl\/index.php?rest_route=\/wp\/v2\/types\/post"}],"author":[{"embeddable":true,"href":"https:\/\/info.sadowne.pl\/index.php?rest_route=\/wp\/v2\/users\/1"}],"replies":[{"embeddable":true,"href":"https:\/\/info.sadowne.pl\/index.php?rest_route=%2Fwp%2Fv2%2Fcomments&post=29325"}],"version-history":[{"count":2,"href":"https:\/\/info.sadowne.pl\/index.php?rest_route=\/wp\/v2\/posts\/29325\/revisions"}],"predecessor-version":[{"id":29331,"href":"https:\/\/info.sadowne.pl\/index.php?rest_route=\/wp\/v2\/posts\/29325\/revisions\/29331"}],"wp:attachment":[{"href":"https:\/\/info.sadowne.pl\/index.php?rest_route=%2Fwp%2Fv2%2Fmedia&parent=29325"}],"wp:term":[{"taxonomy":"category","embeddable":true,"href":"https:\/\/info.sadowne.pl\/index.php?rest_route=%2Fwp%2Fv2%2Fcategories&post=29325"},{"taxonomy":"post_tag","embeddable":true,"href":"https:\/\/info.sadowne.pl\/index.php?rest_route=%2Fwp%2Fv2%2Ftags&post=29325"}],"curies":[{"name":"wp","href":"https:\/\/api.w.org\/{rel}","templated":true}]}}