{"id":29405,"date":"2024-09-08T18:06:50","date_gmt":"2024-09-08T16:06:50","guid":{"rendered":"http:\/\/info.sadowne.pl\/?p=29405"},"modified":"2024-09-08T18:06:50","modified_gmt":"2024-09-08T16:06:50","slug":"onkobieg-w-sadownem-czy-to-mozliwe","status":"publish","type":"post","link":"https:\/\/info.sadowne.pl\/?p=29405","title":{"rendered":"Onkobieg w Sadownem. Czy to mo\u017cliwe?"},"content":{"rendered":"<p><strong><a href=\"http:\/\/info.sadowne.pl\/wp-content\/uploads\/2024\/09\/2024.09.08.1.jpg\" target=\"_blank\" rel=\"noopener\"><img loading=\"lazy\" decoding=\"async\" class=\"alignleft wp-image-29406 size-thumbnail\" src=\"http:\/\/info.sadowne.pl\/wp-content\/uploads\/2024\/09\/2024.09.08.1-180x130.jpg\" alt=\"\" width=\"180\" height=\"130\" srcset=\"https:\/\/info.sadowne.pl\/wp-content\/uploads\/2024\/09\/2024.09.08.1-180x130.jpg 180w, https:\/\/info.sadowne.pl\/wp-content\/uploads\/2024\/09\/2024.09.08.1-300x218.jpg 300w, https:\/\/info.sadowne.pl\/wp-content\/uploads\/2024\/09\/2024.09.08.1.jpg 720w\" sizes=\"auto, (max-width: 180px) 100vw, 180px\" \/><\/a>Ot\u00f3\u017c tak, jest to mo\u017cliwe, ale od pocz\u0105tku. Co to jest w og\u00f3le Onkobieg, dla kogo jest? Jest to impreza charytatywna dla pacjent\u00f3w onkologicznych.\u00a0 <\/strong><!--more--><\/p>\n<p>Wydarzenie to jest organizowane przez Stowarzyszenie Pomocy Chorym na Mi\u0119saki i Czerniaki Sarcoma. Pierwszy bieg odby\u0142 si\u0119 w 2008 r., a w tym roku to ju\u017c 17. edycja. Ma on zawsze miejsce we wrze\u015bniu, w tym roku pad\u0142o na dzie\u0144 8 wrze\u015bnia. Aktywno\u015b\u0107 fizyczn\u0105 mo\u017cna wykona\u0107 w Warszawie, Szczodrem, Starachowicach lub &#8211; tak jak my &#8211; wirtualnie. Wirtualny bieg lub inn\u0105 aktywno\u015b\u0107 fizyczn\u0105 trzeba wykona\u0107 mi\u0119dzy godz. 7.00 a 12.00.<\/p>\n<p><a href=\"http:\/\/info.sadowne.pl\/wp-content\/uploads\/2024\/09\/2024.09.08.2.jpg\" target=\"_blank\" rel=\"noopener\"><img loading=\"lazy\" decoding=\"async\" class=\"alignright wp-image-29407 size-medium\" src=\"http:\/\/info.sadowne.pl\/wp-content\/uploads\/2024\/09\/2024.09.08.2-169x300.jpg\" alt=\"\" width=\"169\" height=\"300\" srcset=\"https:\/\/info.sadowne.pl\/wp-content\/uploads\/2024\/09\/2024.09.08.2-169x300.jpg 169w, https:\/\/info.sadowne.pl\/wp-content\/uploads\/2024\/09\/2024.09.08.2.jpg 540w\" sizes=\"auto, (max-width: 169px) 100vw, 169px\" \/><\/a>Ka\u017cda osoba mo\u017ce wzi\u0105\u0107 udzia\u0142, wystarczy zarejestrowa\u0107 si\u0119 na stronie, a kto nie zd\u0105\u017cy si\u0119 zarejestrowa\u0107, mo\u017ce wspom\u00f3c pacjent\u00f3w onkologicznych poprzez wp\u0142at\u0119 na zbi\u00f3rk\u0119 tak, jak cz\u0119\u015b\u0107 z nas i ruszy\u0107 z nami. Ka\u017cdy przebyty kilometr podczas Onkobiegu jest przeliczany na z\u0142ot\u00f3wki. Z zebranych pieni\u0119dzy s\u0105 finansowane mi\u0119dzy innymi leki, opieka psychologiczna, protezy ko\u0144czyn utraconych przez nowotwory. W tym roku uda\u0142o si\u0119 ju\u017c zrobi\u0107 a\u017c 33\u00a0624 km oraz\u00a0 zebra\u0107 621\u00a0000 z\u0142, kt\u00f3re przekazano na programy socjalne dla pacjent\u00f3w, edukacj\u0119 i profilaktyk\u0119.<\/p>\n<p><a href=\"http:\/\/info.sadowne.pl\/wp-content\/uploads\/2024\/09\/2024.09.08.3.jpg\" target=\"_blank\" rel=\"noopener\"><img loading=\"lazy\" decoding=\"async\" class=\"alignleft wp-image-29408 size-medium\" src=\"http:\/\/info.sadowne.pl\/wp-content\/uploads\/2024\/09\/2024.09.08.3-225x300.jpg\" alt=\"\" width=\"225\" height=\"300\" srcset=\"https:\/\/info.sadowne.pl\/wp-content\/uploads\/2024\/09\/2024.09.08.3-225x300.jpg 225w, https:\/\/info.sadowne.pl\/wp-content\/uploads\/2024\/09\/2024.09.08.3.jpg 720w\" sizes=\"auto, (max-width: 225px) 100vw, 225px\" \/><\/a>W Sadownem nasza 15-osobowa grupa wymaszerowa\u0142a i wybiega\u0142a 10 km &#8211; wszyscy s\u0105 zapewne szcz\u0119\u015bliwsi i usatysfakcjonowani. Liczymy (wiemy), \u017ce w przysz\u0142ym roku b\u0119dzie nas wi\u0119cej!<\/p>\n<p>Dzi\u0119kuj\u0119 wszystkim za wzi\u0119cie udzia\u0142u w wydarzeniu, jeste\u015bcie niesamowici, a ja jestem z siebie dumna, \u017ce uda\u0142o mi si\u0119 zorganizowa\u0107 Onkobieg w naszej ma\u0142ej stolicy.<\/p>\n<p><strong>A ju\u017c teraz zapraszam na r\u00f3\u017cowy bieg dla kobiet, kt\u00f3ry odb\u0119dzie si\u0119 20 pa\u017adziernika tego roku. Startujemy o godz. 10.00. Pami\u0119tajcie! RAZEM MO\u017bEMY WI\u0118CEJ!<\/strong><\/p>\n<p><a href=\"http:\/\/info.sadowne.pl\/wp-content\/uploads\/2024\/09\/2024.09.08.4.jpg\"><img loading=\"lazy\" decoding=\"async\" class=\"aligncenter size-medium wp-image-29409\" src=\"http:\/\/info.sadowne.pl\/wp-content\/uploads\/2024\/09\/2024.09.08.4-300x225.jpg\" alt=\"\" width=\"300\" height=\"225\" srcset=\"https:\/\/info.sadowne.pl\/wp-content\/uploads\/2024\/09\/2024.09.08.4-300x225.jpg 300w, https:\/\/info.sadowne.pl\/wp-content\/uploads\/2024\/09\/2024.09.08.4-768x576.jpg 768w, https:\/\/info.sadowne.pl\/wp-content\/uploads\/2024\/09\/2024.09.08.4.jpg 800w\" sizes=\"auto, (max-width: 300px) 100vw, 300px\" \/><\/a><\/p>\n<p><strong>Tekst\/foto:<\/strong> Aleksandra Lisiecka<\/p>\n","protected":false},"excerpt":{"rendered":"<p>Ot\u00f3\u017c tak, jest to mo\u017cliwe, ale od pocz\u0105tku. Co to jest w og\u00f3le Onkobieg, dla kogo jest? Jest to impreza charytatywna dla pacjent\u00f3w onkologicznych.\u00a0<\/p>\n","protected":false},"author":1,"featured_media":0,"comment_status":"closed","ping_status":"closed","sticky":false,"template":"","format":"standard","meta":{"footnotes":""},"categories":[5,1,1406,1408],"tags":[4188,4187,25,4189],"class_list":["post-29405","post","type-post","status-publish","format-standard","hentry","category-newsy","category-inne","category-czy-wiesz","category-zdrowie","tag-aleksandra-lisiecka","tag-onkobieg","tag-sadowne","tag-stowarzyszenie-pomocy-chorym-na-miesaki-i-czerniaki-sarcoma"],"views":1988,"_links":{"self":[{"href":"https:\/\/info.sadowne.pl\/index.php?rest_route=\/wp\/v2\/posts\/29405","targetHints":{"allow":["GET"]}}],"collection":[{"href":"https:\/\/info.sadowne.pl\/index.php?rest_route=\/wp\/v2\/posts"}],"about":[{"href":"https:\/\/info.sadowne.pl\/index.php?rest_route=\/wp\/v2\/types\/post"}],"author":[{"embeddable":true,"href":"https:\/\/info.sadowne.pl\/index.php?rest_route=\/wp\/v2\/users\/1"}],"replies":[{"embeddable":true,"href":"https:\/\/info.sadowne.pl\/index.php?rest_route=%2Fwp%2Fv2%2Fcomments&post=29405"}],"version-history":[{"count":2,"href":"https:\/\/info.sadowne.pl\/index.php?rest_route=\/wp\/v2\/posts\/29405\/revisions"}],"predecessor-version":[{"id":29411,"href":"https:\/\/info.sadowne.pl\/index.php?rest_route=\/wp\/v2\/posts\/29405\/revisions\/29411"}],"wp:attachment":[{"href":"https:\/\/info.sadowne.pl\/index.php?rest_route=%2Fwp%2Fv2%2Fmedia&parent=29405"}],"wp:term":[{"taxonomy":"category","embeddable":true,"href":"https:\/\/info.sadowne.pl\/index.php?rest_route=%2Fwp%2Fv2%2Fcategories&post=29405"},{"taxonomy":"post_tag","embeddable":true,"href":"https:\/\/info.sadowne.pl\/index.php?rest_route=%2Fwp%2Fv2%2Ftags&post=29405"}],"curies":[{"name":"wp","href":"https:\/\/api.w.org\/{rel}","templated":true}]}}