{"id":29416,"date":"2024-09-11T21:18:34","date_gmt":"2024-09-11T19:18:34","guid":{"rendered":"http:\/\/info.sadowne.pl\/?p=29416"},"modified":"2024-09-11T21:18:34","modified_gmt":"2024-09-11T19:18:34","slug":"nowe-przedszkole-przetestowane","status":"publish","type":"post","link":"https:\/\/info.sadowne.pl\/?p=29416","title":{"rendered":"Nowe przedszkole przetestowane!"},"content":{"rendered":"<p><a href=\"http:\/\/info.sadowne.pl\/wp-content\/uploads\/2024\/09\/2024.09.11.1.jpg\" target=\"_blank\" rel=\"noopener\"><img loading=\"lazy\" decoding=\"async\" class=\"alignleft wp-image-29417 size-thumbnail\" src=\"http:\/\/info.sadowne.pl\/wp-content\/uploads\/2024\/09\/2024.09.11.1-180x130.jpg\" alt=\"\" width=\"180\" height=\"130\" \/><\/a><\/p>\n<p><strong>Popo\u0142udniem 11 wrze\u015bnia br. mieli\u015bmy okazj\u0119 zwiedzi\u0107 nowy budynek gminnego przedszkola i \u017c\u0142obka &#8211; w\u0142odarz gminy Sadowne zaprosi\u0142 mieszka\u0144c\u00f3w na Dzie\u0144 Otwarty.<\/strong><!--more--><\/p>\n<p>Nad rzek\u0105 Bojewk\u0105 w Sadownem, przy nowym budynku przedszkola cierpliwie na godz. 15.00 (godzin\u0119 rozpocz\u0119cia zwiedzania przedszkola) oczekiwa\u0142a spora grupa mieszka\u0144c\u00f3w Sadownego i okolicy. W\u015br\u00f3d nich przewa\u017cali nasi najm\u0142odsi mieszka\u0144cy, kt\u00f3rzy zapewne stan\u0105 si\u0119 sta\u0142ymi bywalcami tej plac\u00f3wki o\u015bwiaty.<\/p>\n<p>Punkt pi\u0119tnasta i wszyscy ruszyli do \u015brodka g\u0142\u00f3wnym wej\u015bciem, ale\u2026 ale\u2026 najpierw powitanie wszystkich przez W\u00f3jta Gminy Sadowne p. Waldemara Cyrana, Zast\u0119pc\u0119 W\u00f3jta Gminy Sadowne p. Marcina Gr\u0119d\u0119 oraz p. Dyrektor Przedszkola Agat\u0119 S\u0119dek i przekazanie wchodz\u0105cym \u201ebilet\u00f3w wst\u0119pu\u201d \u2013 cukierk\u00f3w. Witaj\u0105cy, a tak\u017ce wykonawca inwestycji, wcielili si\u0119 te\u017c w rol\u0119 przewodnik\u00f3w i dobrze, bo w labiryntach przedszkola mo\u017cna by\u0142o si\u0119 zgubi\u0107.<\/p>\n<p>Tym razem kr\u00f3tko o wydarzeniu, gdy\u017c szczeg\u00f3\u0142y zostan\u0105 podane przy okazji uroczystego otwarcia obiektu (na razie data nieznana). Jak poda\u0142 p. W\u00f3jt: warto\u015b\u0107 inwestycji to ok. 11 mln. z\u0142. Inwestycja zosta\u0142a zrealizowana na podstawie szczeg\u00f3\u0142owych warunk\u00f3w i zasad Regulaminu Naboru Wniosk\u00f3w o dofinansowanie z Programu Rz\u0105dowy Fundusz Polski \u0141ad: Program Inwestycji Strategicznych &#8211; warto\u015b\u0107 dofinansowania: 5 000 000 z\u0142. Zadanie zosta\u0142o zrealizowane przy wsp\u00f3\u0142finansowaniu z bud\u017cetu Wojew\u00f3dztwa Mazowieckiego w ramach \u201eInstrumentu wsparcia zada\u0144 wa\u017cnych dla r\u00f3wnomiernego rozwoju wojew\u00f3dztwa mazowieckiego&#8221; &#8211; warto\u015b\u0107 dofinansowania: 4 000 000 z\u0142. Dofinansowanie oddzia\u0142u \u017c\u0142obkowego z programu Aktywny Maluch 2022-2029. Celem projektu jest utworzenie 15 miejsc opieki w oddziale \u017c\u0142obkowym &#8211; warto\u015b\u0107 dofinansowania: 610 507,52 z\u0142, w tym dofinansowanie z UE: 537 930 z\u0142. Pozosta\u0142e koszty ponosi Gmina Sadowne.<\/p>\n<p>Oficjalnie \u2013 budowa obiektu w Sadownem przy ul. B\u0142. ks. Edwarda Grzyma\u0142y 60 zosta\u0142a zako\u0144czona i uzyskano wszystkie zgody na jego otwarcie. Pozostaj\u0105 do wykonania drobne prace wyko\u0144czeniowe oraz uzupe\u0142nienie wyposa\u017cenia plac\u00f3wki. Otwarcie przedszkola planuje si\u0119 na pocz\u0105tek pa\u017adziernika br. Zobaczmy na co mog\u0105 liczy\u0107 nasze przedszkolaki i jak przebiega\u0142 Dzie\u0144 Otwarty. Nasi najm\u0142odsi przetestowali ju\u017c ca\u0142y obiekt i byli \u201ewniebowzi\u0119ci\u201d.<\/p>\n<p><span style=\"color: #0000ff;\"><a style=\"color: #0000ff;\" href=\"https:\/\/photos.app.goo.gl\/7LR5bMDTEvmjDx5o9\" target=\"_blank\" rel=\"noopener\"><strong>Zdj\u0119cia w galerii Google&gt;&gt;&gt;<\/strong><\/a><\/span><\/p>\n<p><strong>Tekst\/foto:<\/strong> S\u0142awek Chyli\u0144ski<\/p>\n","protected":false},"excerpt":{"rendered":"<p>Popo\u0142udniem 11 wrze\u015bnia br. mieli\u015bmy okazj\u0119 zwiedzi\u0107 nowy budynek gminnego przedszkola i \u017c\u0142obka &#8211; w\u0142odarz gminy Sadowne zaprosi\u0142 mieszka\u0144c\u00f3w na Dzie\u0144 Otwarty.<\/p>\n","protected":false},"author":1,"featured_media":0,"comment_status":"closed","ping_status":"closed","sticky":false,"template":"","format":"standard","meta":{"footnotes":""},"categories":[5,1752,561],"tags":[4193,2286],"class_list":["post-29416","post","type-post","status-publish","format-standard","hentry","category-newsy","category-edukacja","category-przedszkole-w-sadownem","tag-dzien-otwarty-w-przedszkolu","tag-przedszkole-w-sadownem"],"views":2947,"_links":{"self":[{"href":"https:\/\/info.sadowne.pl\/index.php?rest_route=\/wp\/v2\/posts\/29416","targetHints":{"allow":["GET"]}}],"collection":[{"href":"https:\/\/info.sadowne.pl\/index.php?rest_route=\/wp\/v2\/posts"}],"about":[{"href":"https:\/\/info.sadowne.pl\/index.php?rest_route=\/wp\/v2\/types\/post"}],"author":[{"embeddable":true,"href":"https:\/\/info.sadowne.pl\/index.php?rest_route=\/wp\/v2\/users\/1"}],"replies":[{"embeddable":true,"href":"https:\/\/info.sadowne.pl\/index.php?rest_route=%2Fwp%2Fv2%2Fcomments&post=29416"}],"version-history":[{"count":1,"href":"https:\/\/info.sadowne.pl\/index.php?rest_route=\/wp\/v2\/posts\/29416\/revisions"}],"predecessor-version":[{"id":29418,"href":"https:\/\/info.sadowne.pl\/index.php?rest_route=\/wp\/v2\/posts\/29416\/revisions\/29418"}],"wp:attachment":[{"href":"https:\/\/info.sadowne.pl\/index.php?rest_route=%2Fwp%2Fv2%2Fmedia&parent=29416"}],"wp:term":[{"taxonomy":"category","embeddable":true,"href":"https:\/\/info.sadowne.pl\/index.php?rest_route=%2Fwp%2Fv2%2Fcategories&post=29416"},{"taxonomy":"post_tag","embeddable":true,"href":"https:\/\/info.sadowne.pl\/index.php?rest_route=%2Fwp%2Fv2%2Ftags&post=29416"}],"curies":[{"name":"wp","href":"https:\/\/api.w.org\/{rel}","templated":true}]}}